{"id":3841,"date":"2026-02-03T11:57:22","date_gmt":"2026-02-03T14:57:22","guid":{"rendered":"https:\/\/www.ufsm.br\/orgaos-suplementares\/biblioteca\/?p=3841"},"modified":"2026-02-03T11:57:23","modified_gmt":"2026-02-03T14:57:23","slug":"biblioteca-central-realiza-primeira-reuniao-de-bibliotecarios-de-2026","status":"publish","type":"post","link":"https:\/\/www.ufsm.br\/orgaos-suplementares\/biblioteca\/2026\/02\/03\/biblioteca-central-realiza-primeira-reuniao-de-bibliotecarios-de-2026","title":{"rendered":"Biblioteca Central realiza primeira reuni\u00e3o de bibliotec\u00e1rios de 2026"},"content":{"rendered":"<p>No dia 30 de janeiro, a Biblioteca Central promoveu, em formato h\u00edbrido, a primeira reuni\u00e3o de Bibliotec\u00e1rios de 2026. O encontro reuniu profissionais da \u00e1rea para alinhamento de a\u00e7\u00f5es e apresenta\u00e7\u00e3o de atualiza\u00e7\u00f5es institucionais.<\/p>\n<p><!-- \/wp:post-content --><!-- wp:paragraph --><\/p>\n<p>Durante a reuni\u00e3o, foram apresentados os encaminhamentos do CENSUP 2025, al\u00e9m de informa\u00e7\u00f5es sobre a visita t\u00e9cnica ao Laborat\u00f3rio Transdoc. Tamb\u00e9m foi destacado o avan\u00e7o das News das Bibliotecas, iniciativa voltada \u00e0 comunica\u00e7\u00e3o e integra\u00e7\u00e3o entre as unidades.<\/p>\n<p><!-- \/wp:paragraph --><!-- wp:paragraph --><\/p>\n<p>O N\u00facleo de Aquisi\u00e7\u00e3o apresentou atualiza\u00e7\u00f5es importantes, incluindo o fluxo de avalia\u00e7\u00e3o de sugest\u00f5es de compra por meio do PEN-SIE, o painel de acompanhamento de compras no Power BI, a atualiza\u00e7\u00e3o dos valores de doa\u00e7\u00f5es e a an\u00e1lise sobre a renova\u00e7\u00e3o do EDS.<\/p>\n<p>\u00a0<\/p>\n<p><!-- \/wp:paragraph --><!-- wp:paragraph --><\/p>\n<p><!-- \/wp:paragraph --><\/p>\n<p><img fetchpriority=\"high\" decoding=\"async\" class=\"aligncenter\" src=\"https:\/\/www.ufsm.br\/app\/uploads\/sites\/362\/2026\/02\/1-4-1024x768.jpg\" alt=\"\" width=\"1024\" height=\"768\" \/><\/p>\n<p>\u00a0<\/p>\n<p>\u00a0<\/p>\n<p>Por: Carlos Eduardo Schraiber<\/p>\n\n<!-- wp:tadv\/classic-paragraph \/-->","protected":false},"excerpt":{"rendered":"<p>No dia 30 de janeiro, a Biblioteca Central promoveu, em formato h\u00edbrido, a primeira reuni\u00e3o de Bibliotec\u00e1rios de 2026. O encontro reuniu profissionais da \u00e1rea para alinhamento de a\u00e7\u00f5es e apresenta\u00e7\u00e3o de atualiza\u00e7\u00f5es institucionais. Durante a reuni\u00e3o, foram apresentados os encaminhamentos do CENSUP 2025, al\u00e9m de informa\u00e7\u00f5es sobre a visita t\u00e9cnica ao Laborat\u00f3rio Transdoc. Tamb\u00e9m [&hellip;]<\/p>\n","protected":false},"author":7563,"featured_media":0,"comment_status":"closed","ping_status":"closed","sticky":false,"template":"","format":"standard","meta":{"footnotes":""},"categories":[1],"tags":[],"class_list":["post-3841","post","type-post","status-publish","format-standard","hentry","category-sem-categoria"],"acf":[],"_links":{"self":[{"href":"https:\/\/www.ufsm.br\/orgaos-suplementares\/biblioteca\/wp-json\/wp\/v2\/posts\/3841","targetHints":{"allow":["GET"]}}],"collection":[{"href":"https:\/\/www.ufsm.br\/orgaos-suplementares\/biblioteca\/wp-json\/wp\/v2\/posts"}],"about":[{"href":"https:\/\/www.ufsm.br\/orgaos-suplementares\/biblioteca\/wp-json\/wp\/v2\/types\/post"}],"author":[{"embeddable":true,"href":"https:\/\/www.ufsm.br\/orgaos-suplementares\/biblioteca\/wp-json\/wp\/v2\/users\/7563"}],"replies":[{"embeddable":true,"href":"https:\/\/www.ufsm.br\/orgaos-suplementares\/biblioteca\/wp-json\/wp\/v2\/comments?post=3841"}],"version-history":[{"count":0,"href":"https:\/\/www.ufsm.br\/orgaos-suplementares\/biblioteca\/wp-json\/wp\/v2\/posts\/3841\/revisions"}],"wp:attachment":[{"href":"https:\/\/www.ufsm.br\/orgaos-suplementares\/biblioteca\/wp-json\/wp\/v2\/media?parent=3841"}],"wp:term":[{"taxonomy":"category","embeddable":true,"href":"https:\/\/www.ufsm.br\/orgaos-suplementares\/biblioteca\/wp-json\/wp\/v2\/categories?post=3841"},{"taxonomy":"post_tag","embeddable":true,"href":"https:\/\/www.ufsm.br\/orgaos-suplementares\/biblioteca\/wp-json\/wp\/v2\/tags?post=3841"}],"curies":[{"name":"wp","href":"https:\/\/api.w.org\/{rel}","templated":true}]}}