{"id":1241,"date":"2020-03-06T13:38:24","date_gmt":"2020-03-06T16:38:24","guid":{"rendered":"https:\/\/www.ufsm.br\/orgaos-suplementares\/cpd\/?p=1241"},"modified":"2023-11-23T16:21:45","modified_gmt":"2023-11-23T19:21:45","slug":"cpd-oferece-rede-de-wi-fi-aberta-ao-publico","status":"publish","type":"post","link":"https:\/\/www.ufsm.br\/orgaos-suplementares\/cpd\/2020\/03\/06\/cpd-oferece-rede-de-wi-fi-aberta-ao-publico","title":{"rendered":"CPD oferece rede de Wi-fi aberta ao p\u00fablico"},"content":{"rendered":"\n<p>A partir do dia 4 de outubro, o CPD passou a disponibilizar uma nova forma de acessar a rede WiFi institucional (rede UFSM), utilizando o login \u00fanico (gov.br).\u00a0<\/p>\n<p>\u201cO Decreto n\u00b0 8.936, de 19 de dezembro de 2016 permitiu o in\u00edcio do projeto da plataforma de cidadania digital, que contempla diversas diretrizes para a presta\u00e7\u00e3o de servi\u00e7os p\u00fablicos digitais, das quais fazem parte a converg\u00eancia autoritativa e a federa\u00e7\u00e3o dos processos de autentica\u00e7\u00e3o dos servi\u00e7os digitais\u201d.\u00a0 Acesse o\u00a0<a href=\"https:\/\/manual-roteiro-integracao-login-unico.servicos.gov.br\/pt\/stable\/contexto.html\">Roteiro de Integra\u00e7\u00e3o do Login \u00danico<\/a>. \u00a0<\/p>\n<p>Al\u00e9m da forma tradicional de realizar o login (CPF e senha cadastrados na institui\u00e7\u00e3o), existe um bot\u00e3o que d\u00e1 acesso ao login \u00fanico gov.br. Com isso, passamos a disponibilizar acesso \u00e0 internet para a comunidade em geral.\u00a0<\/p>\n<p>Saiba como se conectar:<\/p>\n<p><strong>Discentes, docentes e servidores:<\/strong><\/p>\n<p>Redes:\u00a0<a href=\"https:\/\/www.ufsm.br\/orgaos-suplementares\/cpd\/servicos\/wifi-ufsm\">UFSM<\/a>\u00a0e\u00a0<a href=\"https:\/\/www.ufsm.br\/orgaos-suplementares\/cpd\/servicos\/eduroam\">Eduroam<\/a><\/p>\n<p><strong>Usu\u00e1rios Externos:<\/strong><\/p>\n<p><a href=\"https:\/\/idp.ufsm.br\/\">Login \u00fanico \u2013 Gov.br<\/a><\/p>\n<p><img fetchpriority=\"high\" decoding=\"async\" class=\"alignnone  wp-image-2213\" src=\"https:\/\/www.ufsm.br\/app\/uploads\/sites\/350\/2023\/05\/captive_passos-2-300x157.jpg\" alt=\"\" width=\"593\" height=\"310\" srcset=\"https:\/\/www.ufsm.br\/app\/uploads\/sites\/350\/2023\/05\/captive_passos-2-300x157.jpg 300w, https:\/\/www.ufsm.br\/app\/uploads\/sites\/350\/2023\/05\/captive_passos-2-1024x534.jpg 1024w, https:\/\/www.ufsm.br\/app\/uploads\/sites\/350\/2023\/05\/captive_passos-2-768x401.jpg 768w, https:\/\/www.ufsm.br\/app\/uploads\/sites\/350\/2023\/05\/captive_passos-2-1536x802.jpg 1536w, https:\/\/www.ufsm.br\/app\/uploads\/sites\/350\/2023\/05\/captive_passos-2.jpg 1920w\" sizes=\"(max-width: 593px) 100vw, 593px\" \/><\/p>\n<p>Para usu\u00e1rios estrangeiros que n\u00e3o tenham acesso a rede Eduroam ser\u00e1 necess\u00e1rio entrar em contato com o CPD pelos telefones 3220-8314 (<b>Atendimento ao Usu\u00e1rio<\/b>) ou 3220-8020.<\/p>\n","protected":false},"excerpt":{"rendered":"<p>A partir do dia 4 de outubro, o CPD passou a disponibilizar uma nova forma de acessar a rede WiFi institucional (rede UFSM), utilizando o login \u00fanico (gov.br).\u00a0 \u201cO Decreto n\u00b0 8.936, de 19 de dezembro de 2016 permitiu o in\u00edcio do projeto da plataforma de cidadania digital, que contempla diversas diretrizes para a presta\u00e7\u00e3o [&hellip;]<\/p>\n","protected":false},"author":1097,"featured_media":2344,"comment_status":"closed","ping_status":"closed","sticky":false,"template":"","format":"standard","meta":{"footnotes":""},"categories":[45,1],"tags":[],"class_list":["post-1241","post","type-post","status-publish","format-standard","has-post-thumbnail","hentry","category-banner-home","category-geral"],"acf":[],"_links":{"self":[{"href":"https:\/\/www.ufsm.br\/orgaos-suplementares\/cpd\/wp-json\/wp\/v2\/posts\/1241","targetHints":{"allow":["GET"]}}],"collection":[{"href":"https:\/\/www.ufsm.br\/orgaos-suplementares\/cpd\/wp-json\/wp\/v2\/posts"}],"about":[{"href":"https:\/\/www.ufsm.br\/orgaos-suplementares\/cpd\/wp-json\/wp\/v2\/types\/post"}],"author":[{"embeddable":true,"href":"https:\/\/www.ufsm.br\/orgaos-suplementares\/cpd\/wp-json\/wp\/v2\/users\/1097"}],"replies":[{"embeddable":true,"href":"https:\/\/www.ufsm.br\/orgaos-suplementares\/cpd\/wp-json\/wp\/v2\/comments?post=1241"}],"version-history":[{"count":0,"href":"https:\/\/www.ufsm.br\/orgaos-suplementares\/cpd\/wp-json\/wp\/v2\/posts\/1241\/revisions"}],"wp:featuredmedia":[{"embeddable":true,"href":"https:\/\/www.ufsm.br\/orgaos-suplementares\/cpd\/wp-json\/wp\/v2\/media\/2344"}],"wp:attachment":[{"href":"https:\/\/www.ufsm.br\/orgaos-suplementares\/cpd\/wp-json\/wp\/v2\/media?parent=1241"}],"wp:term":[{"taxonomy":"category","embeddable":true,"href":"https:\/\/www.ufsm.br\/orgaos-suplementares\/cpd\/wp-json\/wp\/v2\/categories?post=1241"},{"taxonomy":"post_tag","embeddable":true,"href":"https:\/\/www.ufsm.br\/orgaos-suplementares\/cpd\/wp-json\/wp\/v2\/tags?post=1241"}],"curies":[{"name":"wp","href":"https:\/\/api.w.org\/{rel}","templated":true}]}}