{"id":3364,"date":"2025-11-12T14:18:42","date_gmt":"2025-11-12T17:18:42","guid":{"rendered":"https:\/\/www.ufsm.br\/orgaos-suplementares\/cpd\/?p=3364"},"modified":"2025-11-12T14:28:30","modified_gmt":"2025-11-12T17:28:30","slug":"cpd-realizara-desligamento-temporario-de-equipamentos-por-manutencao-no-sistema-de-ar-condicionado","status":"publish","type":"post","link":"https:\/\/www.ufsm.br\/orgaos-suplementares\/cpd\/2025\/11\/12\/cpd-realizara-desligamento-temporario-de-equipamentos-por-manutencao-no-sistema-de-ar-condicionado","title":{"rendered":"CPD realizar\u00e1 desligamento tempor\u00e1rio de equipamentos por manuten\u00e7\u00e3o no sistema de ar condicionado"},"content":{"rendered":"\n<p data-start=\"204\" data-end=\"472\">Devido a problemas de manuten\u00e7\u00e3o no sistema de ar condicionado do datacenter institucional, o Centro de Processamento de Dados (CPD) da UFSM realizar\u00e1, por motivos de seguran\u00e7a, o desligamento tempor\u00e1rio de alguns equipamentos para preservar os ativos de tecnologia.<\/p>\n<p data-start=\"474\" data-end=\"584\">Durante o per\u00edodo de desligamento, alguns servi\u00e7os poder\u00e3o ser afetados, tais como (mas n\u00e3o se limitando a):<\/p>\n<ul data-start=\"585\" data-end=\"977\">\n<li data-start=\"585\" data-end=\"610\">\n<p data-start=\"587\" data-end=\"610\">Servi\u00e7o PGD (Polare);<\/p>\n<\/li>\n<li data-start=\"611\" data-end=\"668\">\n<p data-start=\"613\" data-end=\"668\">Moodle Capacita\u00e7\u00e3o do NTE (capacitacao.proj.ufsm.br);<\/p>\n<\/li>\n<li data-start=\"669\" data-end=\"707\">\n<p data-start=\"671\" data-end=\"707\">Tainacan (Reposit\u00f3rio dos Museus);<\/p>\n<\/li>\n<li data-start=\"708\" data-end=\"732\">\n<p data-start=\"710\" data-end=\"732\">Accord (Peri\u00f3dicos);<\/p>\n<\/li>\n<li data-start=\"733\" data-end=\"744\">\n<p data-start=\"735\" data-end=\"744\">Lockss;<\/p>\n<\/li>\n<li data-start=\"745\" data-end=\"774\">\n<p data-start=\"747\" data-end=\"774\">osecovid19.cloud.ufsm.br;<\/p>\n<\/li>\n<li data-start=\"775\" data-end=\"832\">\n<p data-start=\"777\" data-end=\"832\">arcgis.cloud.ufsm.br (Servidor de licen\u00e7as Autodesk);<\/p>\n<\/li>\n<li data-start=\"833\" data-end=\"887\">\n<p data-start=\"835\" data-end=\"887\">VPN Silveira Martins (Telefonia Silveira Martins);<\/p>\n<\/li>\n<li data-start=\"888\" data-end=\"939\">\n<p data-start=\"890\" data-end=\"939\">Bucket para arquivos grandes do portal.ufsm.br;<\/p>\n<\/li>\n<li data-start=\"940\" data-end=\"955\">\n<p data-start=\"942\" data-end=\"955\">Fonte UFSM;<\/p>\n<\/li>\n<li data-start=\"956\" data-end=\"977\">\n<p data-start=\"958\" data-end=\"977\">Reposit\u00f3rio UFSM.<\/p>\n<\/li>\n<\/ul>\n<p data-start=\"979\" data-end=\"1086\">O CPD est\u00e1 atuando para normalizar a situa\u00e7\u00e3o o mais breve poss\u00edvel e minimizar os impactos aos usu\u00e1rios.<\/p>\n\n\n","protected":false},"excerpt":{"rendered":"<p>Medida preventiva visa garantir a integridade dos equipamentos e a continuidade dos servi\u00e7os digitais da UFSM.<\/p>\n","protected":false},"author":6855,"featured_media":0,"comment_status":"closed","ping_status":"closed","sticky":false,"template":"","format":"standard","meta":{"footnotes":""},"categories":[1,94,92],"tags":[126,234,137],"class_list":["post-3364","post","type-post","status-publish","format-standard","hentry","category-geral","category-noticia","category-noticias","tag-cpd","tag-datacenter","tag-manutencao"],"acf":[],"_links":{"self":[{"href":"https:\/\/www.ufsm.br\/orgaos-suplementares\/cpd\/wp-json\/wp\/v2\/posts\/3364","targetHints":{"allow":["GET"]}}],"collection":[{"href":"https:\/\/www.ufsm.br\/orgaos-suplementares\/cpd\/wp-json\/wp\/v2\/posts"}],"about":[{"href":"https:\/\/www.ufsm.br\/orgaos-suplementares\/cpd\/wp-json\/wp\/v2\/types\/post"}],"author":[{"embeddable":true,"href":"https:\/\/www.ufsm.br\/orgaos-suplementares\/cpd\/wp-json\/wp\/v2\/users\/6855"}],"replies":[{"embeddable":true,"href":"https:\/\/www.ufsm.br\/orgaos-suplementares\/cpd\/wp-json\/wp\/v2\/comments?post=3364"}],"version-history":[{"count":0,"href":"https:\/\/www.ufsm.br\/orgaos-suplementares\/cpd\/wp-json\/wp\/v2\/posts\/3364\/revisions"}],"wp:attachment":[{"href":"https:\/\/www.ufsm.br\/orgaos-suplementares\/cpd\/wp-json\/wp\/v2\/media?parent=3364"}],"wp:term":[{"taxonomy":"category","embeddable":true,"href":"https:\/\/www.ufsm.br\/orgaos-suplementares\/cpd\/wp-json\/wp\/v2\/categories?post=3364"},{"taxonomy":"post_tag","embeddable":true,"href":"https:\/\/www.ufsm.br\/orgaos-suplementares\/cpd\/wp-json\/wp\/v2\/tags?post=3364"}],"curies":[{"name":"wp","href":"https:\/\/api.w.org\/{rel}","templated":true}]}}