{"id":215,"date":"2026-09-01T12:34:59","date_gmt":"2026-09-01T15:34:59","guid":{"rendered":"https:\/\/www.ufsm.br\/orgaos-suplementares\/dag\/hubdoc\/?p=215"},"modified":"2026-09-01T12:35:44","modified_gmt":"2026-09-01T15:35:44","slug":"hub-doc-inicia-atividades-de-preparacao-de-acervo-em-parceria-com-o-badesul","status":"publish","type":"post","link":"https:\/\/www.ufsm.br\/orgaos-suplementares\/dag\/hubdoc\/2026\/09\/01\/hub-doc-inicia-atividades-de-preparacao-de-acervo-em-parceria-com-o-badesul","title":{"rendered":"Hub.Doc inicia atividades de prepara\u00e7\u00e3o de acervo em parceria com o Badesul"},"content":{"rendered":"\n<p class=\"wp-block-paragraph\">O Hub.Doc, Hub Transdisciplinar de Pesquisa e Inova\u00e7\u00e3o em Arquivos, deu in\u00edcio nesta ter\u00e7a-feira (1\u00ba) \u00e0s atividades de prepara\u00e7\u00e3o de acervo da parceria firmada com o Badesul (Ag\u00eancia de Fomento do Estado do Rio Grande do Sul). Os trabalhos ser\u00e3o desenvolvidos na sede da institui\u00e7\u00e3o em Porto Alegre. O trabalho vai tratar de um volume de aproximadamente 9 mil caixas de documentos.<\/p>\n\n\n\n<p class=\"wp-block-paragraph\">Segundo um dos coordenadores da frente com o Badesul, o professor J\u00f4natas Edison da Silva, os trabalhos come\u00e7aram pelas etapas que antecedem a digitaliza\u00e7\u00e3o propriamente dita. &#8220;Hoje come\u00e7amos pelas etapas de prepara\u00e7\u00e3o do acervo, que antecedem a digitaliza\u00e7\u00e3o propriamente dita. Inicialmente, \u00e9 feita a avalia\u00e7\u00e3o f\u00edsica dos documentos e das caixas, seguida da organiza\u00e7\u00e3o e movimenta\u00e7\u00e3o do acervo&#8221;, explica.<\/p>\n\n\n\n<p class=\"wp-block-paragraph\">Na sequ\u00eancia, a equipe parte para a prepara\u00e7\u00e3o dos dossi\u00eas, com a retirada dos documentos das caixas e pastas e a remo\u00e7\u00e3o de grampos, clipes e outros elementos que possam interferir no processo de digitaliza\u00e7\u00e3o.<\/p>\n\n\n\n<p class=\"wp-block-paragraph\">Antes de a digitaliza\u00e7\u00e3o em escala come\u00e7ar, tamb\u00e9m \u00e9 necess\u00e1rio definir e testar os par\u00e2metros t\u00e9cnicos que ser\u00e3o usados ao longo de todo o projeto \u2014 resolu\u00e7\u00e3o, formato dos arquivos, modo de captura, qualidade da imagem, organiza\u00e7\u00e3o e identifica\u00e7\u00e3o dos documentos, al\u00e9m da configura\u00e7\u00e3o dos equipamentos. Segundo J\u00f4natas, essa padroniza\u00e7\u00e3o \u00e9 o que vai garantir uniformidade e qualidade na digitaliza\u00e7\u00e3o do acervo. &#8220;Esses par\u00e2metros precisam ser padronizados para garantir que a digitaliza\u00e7\u00e3o seja realizada de forma uniforme e com a qualidade necess\u00e1ria ao longo de todo o projeto&#8221;, afirma.<\/p>\n\n\n\n<p class=\"wp-block-paragraph\">Somente depois da prepara\u00e7\u00e3o f\u00edsica do acervo e da valida\u00e7\u00e3o desses par\u00e2metros \u00e9 que a digitaliza\u00e7\u00e3o em escala ser\u00e1 iniciada.<\/p>\n\n\n\n<p class=\"wp-block-paragraph\"><strong>Sele\u00e7\u00e3o de bolsistas segue aberta<\/strong><\/p>\n\n\n\n<p class=\"wp-block-paragraph\">O Hub.Doc mant\u00e9m aberta, em fluxo cont\u00ednuo, a sele\u00e7\u00e3o de bolsistas para atuar em suas atividades. As vagas s\u00e3o abertas a estudantes de qualquer \u00e1rea de forma\u00e7\u00e3o e de qualquer universidade. O edital completo (003\/2026) est\u00e1 dispon\u00edvel em: <a href=\"https:\/\/www.ufsm.br\/orgaos-suplementares\/dag\/editais\/003-2026\">https:\/\/www.ufsm.br\/orgaos-suplementares\/dag\/editais\/003-2026<\/a><\/p>\n","protected":false},"excerpt":{"rendered":"<p>O Hub.Doc, Hub Transdisciplinar de Pesquisa e Inova\u00e7\u00e3o em Arquivos, deu in\u00edcio nesta ter\u00e7a-feira (1\u00ba) \u00e0s atividades de prepara\u00e7\u00e3o de acervo da parceria firmada com o Badesul (Ag\u00eancia de Fomento do Estado do Rio Grande do Sul). Os trabalhos ser\u00e3o desenvolvidos na sede da institui\u00e7\u00e3o em Porto Alegre. O trabalho vai tratar de um volume [&hellip;]<\/p>\n","protected":false},"author":75,"featured_media":216,"comment_status":"closed","ping_status":"closed","sticky":false,"template":"","format":"standard","meta":{"footnotes":""},"categories":[10,5],"tags":[8,27,26,6,28,11],"class_list":["post-215","post","type-post","status-publish","format-standard","has-post-thumbnail","hentry","category-destaque","category-noticia","tag-arquivos","tag-badesul","tag-digitalizacao-de-arquivos","tag-hubdoc","tag-pesquisa","tag-recuperacao-de-arquivos"],"acf":[],"_links":{"self":[{"href":"https:\/\/www.ufsm.br\/orgaos-suplementares\/dag\/hubdoc\/wp-json\/wp\/v2\/posts\/215","targetHints":{"allow":["GET"]}}],"collection":[{"href":"https:\/\/www.ufsm.br\/orgaos-suplementares\/dag\/hubdoc\/wp-json\/wp\/v2\/posts"}],"about":[{"href":"https:\/\/www.ufsm.br\/orgaos-suplementares\/dag\/hubdoc\/wp-json\/wp\/v2\/types\/post"}],"author":[{"embeddable":true,"href":"https:\/\/www.ufsm.br\/orgaos-suplementares\/dag\/hubdoc\/wp-json\/wp\/v2\/users\/75"}],"replies":[{"embeddable":true,"href":"https:\/\/www.ufsm.br\/orgaos-suplementares\/dag\/hubdoc\/wp-json\/wp\/v2\/comments?post=215"}],"version-history":[{"count":0,"href":"https:\/\/www.ufsm.br\/orgaos-suplementares\/dag\/hubdoc\/wp-json\/wp\/v2\/posts\/215\/revisions"}],"wp:featuredmedia":[{"embeddable":true,"href":"https:\/\/www.ufsm.br\/orgaos-suplementares\/dag\/hubdoc\/wp-json\/wp\/v2\/media\/216"}],"wp:attachment":[{"href":"https:\/\/www.ufsm.br\/orgaos-suplementares\/dag\/hubdoc\/wp-json\/wp\/v2\/media?parent=215"}],"wp:term":[{"taxonomy":"category","embeddable":true,"href":"https:\/\/www.ufsm.br\/orgaos-suplementares\/dag\/hubdoc\/wp-json\/wp\/v2\/categories?post=215"},{"taxonomy":"post_tag","embeddable":true,"href":"https:\/\/www.ufsm.br\/orgaos-suplementares\/dag\/hubdoc\/wp-json\/wp\/v2\/tags?post=215"}],"curies":[{"name":"wp","href":"https:\/\/api.w.org\/{rel}","templated":true}]}}