{"id":1142,"date":"2018-05-15T16:18:40","date_gmt":"2018-05-15T19:18:40","guid":{"rendered":"https:\/\/www.ufsm.br\/orgaos-suplementares\/dag\/?p=1142"},"modified":"2023-06-01T15:24:16","modified_gmt":"2023-06-01T18:24:16","slug":"iv-forum-de-secretarios-de-transportes-do-rs-em-1998","status":"publish","type":"post","link":"https:\/\/www.ufsm.br\/orgaos-suplementares\/dag\/2018\/05\/15\/iv-forum-de-secretarios-de-transportes-do-rs-em-1998","title":{"rendered":"Projeto Retalhos da Mem\u00f3ria de Santa Maria \u2013 artigo 143 IV F\u00f3rum de Secret\u00e1rios de Transportes do RS em 1998"},"content":{"rendered":"\t\t<div data-elementor-type=\"wp-post\" data-elementor-id=\"1142\" class=\"elementor elementor-1142\">\n\t\t\t\t\t\t<section class=\"elementor-section elementor-top-section elementor-element elementor-element-5e2d4c94 elementor-section-boxed elementor-section-height-default elementor-section-height-default\" data-id=\"5e2d4c94\" data-element_type=\"section\">\n\t\t\t\t\t\t<div class=\"elementor-container elementor-column-gap-default\">\n\t\t\t\t\t<div class=\"elementor-column elementor-col-100 elementor-top-column elementor-element elementor-element-3b3b8fae\" data-id=\"3b3b8fae\" data-element_type=\"column\">\n\t\t\t<div class=\"elementor-widget-wrap elementor-element-populated\">\n\t\t\t\t\t\t<div class=\"elementor-element elementor-element-74ddf4d1 elementor-widget elementor-widget-text-editor\" data-id=\"74ddf4d1\" data-element_type=\"widget\" data-widget_type=\"text-editor.default\">\n\t\t\t\t<div class=\"elementor-widget-container\">\n\t\t\t\t\t\t\t<p><!-- wp:image {\"id\":1907} --><\/p>\n<figure><img fetchpriority=\"high\" decoding=\"async\" src=\"https:\/\/www.ufsm.br\/orgaos-suplementares\/dag\/wp-content\/uploads\/sites\/400\/2019\/02\/UFSM-Projeto-Retalhos-Artigo-143-1998.022.0006-1024x652.jpg\" alt=\"Audiodescri\u00e7\u00e3o da imagem: Fotografia horizontal e colorida de pessoas atr\u00e1s de uma mesa, uma mulher em um p\u00falpito e uma plat\u00e9ia. Atr\u00e1s da mesa, nove homens e uma mulher, com faixa et\u00e1ria entre quarenta e cinco e sessenta anos, est\u00e3o de frente, um ao lado do outro e com express\u00e3o neutra. A maioria dos homens tem pele branca, cabelo curto e escuro e vestem ternos escuros. Na quinta posi\u00e7\u00e3o, um homem de pele negra. Na sexta posi\u00e7\u00e3o, o \u00fanico homem do grupo que est\u00e1 em p\u00e9, com cabelos grisalhos e usa terno cinza escuro. Ao lado direito do homem em p\u00e9, outro homem com camisa branca. Na oitava posi\u00e7\u00e3o, a mulher, de pele branca, cabelo liso e escuro at\u00e9 a altura dos ombros. A frente deles, a mesa retangular e larga com uma toalha bege, sobre ela, cerca de quatro garrafas. Ao lado esquerdo da mesa, um suporte com quatro mastros com as bandeiras da Universidade Federal de Santa Maria, Rio grande do Sul, Brasil e Prefeitura Municipal de Santa Maria. \u00c0 direita da mesa, um p\u00falpito com um cartaz branco preso \u00e0 frente com escritas ileg\u00edveis. Atr\u00e1s do p\u00falpito a mulher em p\u00e9, de frente e com o rosto voltado \u00e0 esquerda. Tem pele branca, cabelo escuro preso e veste camiseta nas cores branca e verde. Ao fundo, uma parede azul com dois pilares de madeira escura. \u00c0 esquerda, junto \u00e0 parede, vis\u00edvel apenas uma parte de um tel\u00e3o de proje\u00e7\u00e3o branco sobre um trip\u00e9. Ao lado, uma caixa de som preta, fixada \u00e0 parede. Ao lado da caixa de som, uma placa vertical branca, com borda fina preta. \u00c0 direita um cartaz vertical, com borda preta e larga. No centro do cartaz a fotografia do ch\u00e3o de uma rodovia com foco nas duas faixas centrais amarelas. Acima da fotografia, em fundo branco com letras garrafais pretas \u201c4\u00ba F\u00f3rum dos secret\u00e1rios de transportes do Rio Grande do Sul\u201d, abaixo da fotografia, em fundo preto com letras brancas \u201c6 e 7 de abril de 1998 \u2013 Santa Maria\u201d. Mais \u00e0 direita, outro cartaz vertical de fundo branco. No topo, em preto e caixa alta a sigla \u201cATU\u201d, abaixo uma logo com dois losangos sobrepostos: o maior \u00e9 branco com contorno preto e o menor \u00e9 azul escuro com um cora\u00e7\u00e3o branco contornado em vermelho ao centro; acima do los\u00e2ngo azul, sobre o fundo branco do los\u00e2ngo maior, a frase em preto \u201ca gente leva voc\u00ea no cora\u00e7\u00e3o\u201d. Abaixo da logo, em caixa alta e na cor preta \u201cAssocia\u00e7\u00e3o dos Transportadores Urbanos de Santa Maria\u201d. Em primeiro plano, ocupando toda a largura da imagem, a plat\u00e9ia, com cerca de trinta pessoas. A maioria s\u00e3o homens de pele branca, cabelo curto e escuro. Est\u00e3o de costas, sentados em cadeiras com estruturas de metal e acento e encosto estofados na cor creme. H\u00e1 algumas cadeiras vazias. A esquerda e a frente da plat\u00e9ia, uma mesa quadrada e alta de madeira com um projetor branco de imagens. A parede direita \u00e9 branca e o ch\u00e3o \u00e9 acarpetado vermelho escuro com losangos grandes pretos.\" width=\"1024\" height=\"652\"><\/figure>\n<p><!-- \/wp:image --><!-- wp:tadv\/classic-paragraph --><\/p>\n<p>O IV F\u00f3rum de Secret\u00e1rios de Transportes do Rio Grande do Sul foi realizado em abril de 1998 no Itaimb\u00e9 Palace Hotel e coordenado pela Associa\u00e7\u00e3o Nacional de Transportes P\u00fablicos (ATNP), com a presen\u00e7a, entre outros, do Diretor Regional da ANTP Ad\u00e3o Faraco, do Secret\u00e1rio de Transportes de Porto Alegre Luiz Carlos Bertotto e do Chefe de Transportes da UFSM Carlos Jos\u00e9 Ant\u00f4nio F\u00e9lix. A associa\u00e7\u00e3o foi criada em 1977, voltada ao setor de transporte p\u00fablico e do tr\u00e2nsito do Brasil. O f\u00f3rum \u00e9 um espa\u00e7o para troca de experi\u00eancias e busca desenvolver estudos, a\u00e7\u00f5es e projetos que atendam a interesses comuns da sociedade, atuando com intuito da melhoria da qualidade da mobilidade urbana, dos transportes e do tr\u00e2nsito. O evento foi criado em junho de 1990 e atualmente recebe o nome de F\u00f3rum de Secret\u00e1rios e Dirigentes P\u00fablicos de Mobilidade Urbana.<\/p>\n<p>Fot\u00f3grafo:&nbsp;<span style=\", sans-serif;font-size: 12pt;font-weight: var( --e-global-typography-text-font-weight );text-align: var(--bs-body-text-align)\">Jair Alan Cortes Siqueira<\/span><span style=\"font-size: 1rem;font-weight: var( --e-global-typography-text-font-weight );text-align: var(--bs-body-text-align)\">. Arquivo Fotogr\u00e1fico UFSM.<\/span><span style=\", sans-serif;font-size: 12pt;font-weight: var( --e-global-typography-text-font-weight );text-align: var(--bs-body-text-align)\">1998.022.003.<\/span><\/p>\n<p><strong>Texto:<\/strong> Lidiane Castagna Gon\u00e7alves, acad\u00eamica do 4\u00b0 semestre do Curso de Desenho Industrial da UFSM.<\/p>\n<p><strong>Audiodescri\u00e7\u00e3o da imagem:&nbsp;<\/strong>Fotografia horizontal e colorida de pessoas atr\u00e1s de uma mesa, uma mulher em um p\u00falpito e uma plat\u00e9ia. Atr\u00e1s da mesa, nove homens e uma mulher, com faixa et\u00e1ria entre quarenta e cinco e sessenta anos, est\u00e3o de frente, um ao lado do outro e com express\u00e3o neutra. A maioria dos homens tem pele branca, cabelo curto e escuro e vestem ternos escuros. Na quinta posi\u00e7\u00e3o, um homem de pele negra. Na sexta posi\u00e7\u00e3o, o \u00fanico homem do grupo que est\u00e1 em p\u00e9, com cabelos grisalhos e usa terno cinza escuro. Ao lado direito do homem em p\u00e9, outro homem com camisa branca. Na oitava posi\u00e7\u00e3o, a mulher, de pele branca, cabelo liso e escuro at\u00e9 a altura dos ombros. A frente deles, a mesa retangular e larga com uma toalha bege, sobre ela, cerca de quatro garrafas. Ao lado esquerdo da mesa, um suporte com quatro mastros com as bandeiras da Universidade Federal de Santa Maria, Rio grande do Sul, Brasil e Prefeitura Municipal de Santa Maria. \u00c0 direita da mesa, um p\u00falpito com um cartaz branco preso \u00e0 frente com escritas ileg\u00edveis. Atr\u00e1s do p\u00falpito a mulher em p\u00e9, de frente e com o rosto voltado \u00e0 esquerda. Tem pele branca, cabelo escuro preso e veste camiseta nas cores branca e verde. Ao fundo, uma parede azul com dois pilares de madeira escura. \u00c0 esquerda, junto \u00e0 parede, vis\u00edvel apenas uma parte de um tel\u00e3o de proje\u00e7\u00e3o branco sobre um trip\u00e9. Ao lado, uma caixa de som preta, fixada \u00e0 parede. Ao lado da caixa de som, uma placa vertical branca, com borda fina preta. \u00c0 direita um cartaz vertical, com borda preta e larga. No centro do cartaz a fotografia do ch\u00e3o de uma rodovia com foco nas duas faixas centrais amarelas. Acima da fotografia, em fundo branco com letras garrafais pretas \u201c4\u00ba F\u00f3rum dos secret\u00e1rios de transportes do Rio Grande do Sul\u201d, abaixo da fotografia, em fundo preto com letras brancas \u201c6 e 7 de abril de 1998 \u2013 Santa Maria\u201d. Mais \u00e0 direita, outro cartaz vertical de fundo branco. No topo, em preto e caixa alta a sigla \u201cATU\u201d, abaixo uma logo com dois losangos sobrepostos: o maior \u00e9 branco com contorno preto e o menor \u00e9 azul escuro com um cora\u00e7\u00e3o branco contornado em vermelho ao centro; acima do los\u00e2ngo azul, sobre o fundo branco do los\u00e2ngo maior, a frase em preto \u201ca gente leva voc\u00ea no cora\u00e7\u00e3o\u201d. Abaixo da logo, em caixa alta e na cor preta \u201cAssocia\u00e7\u00e3o dos Transportadores Urbanos de Santa Maria\u201d. Em primeiro plano, ocupando toda a largura da imagem, a plat\u00e9ia, com cerca de trinta pessoas. A maioria s\u00e3o homens de pele branca, cabelo curto e escuro. Est\u00e3o de costas, sentados em cadeiras com estruturas de metal e acento e encosto estofados na cor creme. H\u00e1 algumas cadeiras vazias. A esquerda e a frente da plat\u00e9ia, uma mesa quadrada e alta de madeira com um projetor branco de imagens. A parede direita \u00e9 branca e o ch\u00e3o \u00e9 acarpetado vermelho escuro com losangos grandes pretos.<\/p>\n<p><\/p>\n<p style=\"margin: 0cm 0cm 0.0001pt;background: white;text-align: right\"><em><span style=\"font-family: Arial;color: #222222\">Audiodescritora roteirista: C\u00edntia Pasa Lopes.<\/span><\/em><\/p>\n<p style=\"margin: 0cm 0cm 0.0001pt;background: white;text-align: right\"><em><span style=\"font-family: Arial;color: #222222\">Audiodescritora consultora: Fernanda Taschetto.<\/span><\/em><\/p>\n<p><!-- \/wp:tadv\/classic-paragraph --><\/p>\t\t\t\t\t\t<\/div>\n\t\t\t\t<\/div>\n\t\t\t\t\t<\/div>\n\t\t<\/div>\n\t\t\t\t\t<\/div>\n\t\t<\/section>\n\t\t\t\t<section class=\"elementor-section elementor-top-section elementor-element elementor-element-31bb667 elementor-section-boxed elementor-section-height-default elementor-section-height-default\" data-id=\"31bb667\" data-element_type=\"section\">\n\t\t\t\t\t\t<div class=\"elementor-container elementor-column-gap-default\">\n\t\t\t\t\t<div class=\"elementor-column elementor-col-100 elementor-top-column elementor-element elementor-element-3daaffe\" data-id=\"3daaffe\" data-element_type=\"column\">\n\t\t\t<div class=\"elementor-widget-wrap elementor-element-populated\">\n\t\t\t\t\t\t<div class=\"elementor-element elementor-element-390a2db elementor-widget elementor-widget-heading\" data-id=\"390a2db\" data-element_type=\"widget\" data-widget_type=\"heading.default\">\n\t\t\t\t<div class=\"elementor-widget-container\">\n\t\t\t<h5 class=\"elementor-heading-title elementor-size-default\">Artigo em Libras <\/h5>\t\t<\/div>\n\t\t\t\t<\/div>\n\t\t\t\t<div class=\"elementor-element elementor-element-610b0ad elementor-widget elementor-widget-wp-widget-custom_html\" data-id=\"610b0ad\" data-element_type=\"widget\" data-widget_type=\"wp-widget-custom_html.default\">\n\t\t\t\t<div class=\"elementor-widget-container\">\n\t\t\t<div class=\"textwidget custom-html-widget\"><iframe width=\"620\" height=\"585\" src=\"https:\/\/ntetube.nte.ufsm.br\/e\/1532368586\" frameborder=\"0\" allowfullscreen><\/iframe><\/div>\t\t<\/div>\n\t\t\t\t<\/div>\n\t\t\t\t\t<\/div>\n\t\t<\/div>\n\t\t\t\t\t<\/div>\n\t\t<\/section>\n\t\t\t\t<\/div>\n\t\t","protected":false},"excerpt":{"rendered":"<p>O IV F\u00f3rum de Secret\u00e1rios de Transportes do Rio Grande do Sul foi realizado em abril de 1998 no Itaimb\u00e9 Palace Hotel e coordenado pela Associa\u00e7\u00e3o Nacional de Transportes P\u00fablicos (ATNP), com a presen\u00e7a, entre outros, do Diretor Regional da ANTP Ad\u00e3o Faraco, do Secret\u00e1rio de Transportes de Porto Alegre Luiz Carlos Bertotto e do [&hellip;]<\/p>\n","protected":false},"author":444,"featured_media":1813,"comment_status":"closed","ping_status":"closed","sticky":false,"template":"","format":"standard","meta":{"footnotes":""},"categories":[207],"tags":[290,291,294],"class_list":["post-1142","post","type-post","status-publish","format-standard","has-post-thumbnail","hentry","category-projeto-retalhos-de-memoria-de-santa-maria-6","tag-fotografia","tag-pesquisa","tag-projeto-retalhos"],"acf":[],"_links":{"self":[{"href":"https:\/\/www.ufsm.br\/orgaos-suplementares\/dag\/wp-json\/wp\/v2\/posts\/1142","targetHints":{"allow":["GET"]}}],"collection":[{"href":"https:\/\/www.ufsm.br\/orgaos-suplementares\/dag\/wp-json\/wp\/v2\/posts"}],"about":[{"href":"https:\/\/www.ufsm.br\/orgaos-suplementares\/dag\/wp-json\/wp\/v2\/types\/post"}],"author":[{"embeddable":true,"href":"https:\/\/www.ufsm.br\/orgaos-suplementares\/dag\/wp-json\/wp\/v2\/users\/444"}],"replies":[{"embeddable":true,"href":"https:\/\/www.ufsm.br\/orgaos-suplementares\/dag\/wp-json\/wp\/v2\/comments?post=1142"}],"version-history":[{"count":0,"href":"https:\/\/www.ufsm.br\/orgaos-suplementares\/dag\/wp-json\/wp\/v2\/posts\/1142\/revisions"}],"wp:featuredmedia":[{"embeddable":true,"href":"https:\/\/www.ufsm.br\/orgaos-suplementares\/dag\/wp-json\/wp\/v2\/media\/1813"}],"wp:attachment":[{"href":"https:\/\/www.ufsm.br\/orgaos-suplementares\/dag\/wp-json\/wp\/v2\/media?parent=1142"}],"wp:term":[{"taxonomy":"category","embeddable":true,"href":"https:\/\/www.ufsm.br\/orgaos-suplementares\/dag\/wp-json\/wp\/v2\/categories?post=1142"},{"taxonomy":"post_tag","embeddable":true,"href":"https:\/\/www.ufsm.br\/orgaos-suplementares\/dag\/wp-json\/wp\/v2\/tags?post=1142"}],"curies":[{"name":"wp","href":"https:\/\/api.w.org\/{rel}","templated":true}]}}