{"id":1161,"date":"2018-08-14T17:14:48","date_gmt":"2018-08-14T20:14:48","guid":{"rendered":"https:\/\/www.ufsm.br\/orgaos-suplementares\/dag\/?p=1161"},"modified":"2023-05-31T10:54:07","modified_gmt":"2023-05-31T13:54:07","slug":"dante-laitano-na-semana-de-estudos-riograndenses-em-1980","status":"publish","type":"post","link":"https:\/\/www.ufsm.br\/orgaos-suplementares\/dag\/2018\/08\/14\/dante-laitano-na-semana-de-estudos-riograndenses-em-1980","title":{"rendered":"Projeto Retalhos da Mem\u00f3ria de Santa Maria \u2013 artigo 156 Dante Laitano na Semana de Estudos Riograndenses em 1980"},"content":{"rendered":"\t\t<div data-elementor-type=\"wp-post\" data-elementor-id=\"1161\" class=\"elementor elementor-1161\">\n\t\t\t\t\t\t<section class=\"elementor-section elementor-top-section elementor-element elementor-element-7239a916 elementor-section-boxed elementor-section-height-default elementor-section-height-default\" data-id=\"7239a916\" data-element_type=\"section\">\n\t\t\t\t\t\t<div class=\"elementor-container elementor-column-gap-default\">\n\t\t\t\t\t<div class=\"elementor-column elementor-col-100 elementor-top-column elementor-element elementor-element-3d20ea82\" data-id=\"3d20ea82\" data-element_type=\"column\">\n\t\t\t<div class=\"elementor-widget-wrap elementor-element-populated\">\n\t\t\t\t\t\t<div class=\"elementor-element elementor-element-33dd5717 elementor-widget elementor-widget-text-editor\" data-id=\"33dd5717\" data-element_type=\"widget\" data-widget_type=\"text-editor.default\">\n\t\t\t\t<div class=\"elementor-widget-container\">\n\t\t\t\t\t\t\t<p><!-- wp:image {\"id\":2030} --><\/p>\n<figure><img fetchpriority=\"high\" decoding=\"async\" src=\"https:\/\/www.ufsm.br\/orgaos-suplementares\/dag\/wp-content\/uploads\/sites\/400\/2019\/02\/UFSM-Projeto-Retalhos-Artigo-156-1980.275.0004-1024x683.jpg\" alt=\"Audiodescri\u00e7\u00e3o da Imagem: Fotografia horizontal em preto e branco de tr\u00eas pessoas atr\u00e1s de uma mesa em um ambiente fechado. S\u00e3o dois homens e uma mulher, todos com pele clara. O primeiro homem est\u00e1 sentado, tem aproximadamente cinquenta anos cabelos escuros e veste palet\u00f3 e gravata escuros. Olha para a direita e est\u00e1 com as m\u00e3os entrela\u00e7adas sobre a mesa. Ao centro, outro homem, em p\u00e9, com aproximadamente sessenta anos, gordo, calvo e com barba grisalha. Veste palet\u00f3 e gravata escuros. Segura com uma das m\u00e3os, um microfone pr\u00f3ximo \u00e0 boca. \u00c0 direita, uma mulher sentada, com aproximadamente trinta anos, cabelos curtos e escuros, veste uma blusa escura e um casaco de l\u00e3 claro. Olha para a esquerda e est\u00e1 com os bra\u00e7os cruzados. A mesa \u00e9 retangular e est\u00e1 coberta por uma toalha clara. Sobre a mesa alguns pap\u00e9is, um pequeno suporte para microfone e um \u00f3culos de grau com arma\u00e7\u00e3o escura. \u00c0 esquerda, atr\u00e1s da mesa, duas cadeiras de madeira escura. Atr\u00e1s, um palco encoberto por uma cortina escura e longa, com um degrau elevado e claro \u00e0 frente. O ch\u00e3o \u00e9 de madeira. Audiodescritora Roteirista: Marya Eduarda Garcia de Oliveira Audiodescritora Consultora: Fernanda Taschetto\" width=\"1024\" height=\"683\"><\/figure>\n<p><!-- \/wp:image --><!-- wp:tadv\/classic-paragraph --><\/p>\n<p>Em setembro de 1980 foi realizada a Semana de Estudos Riograndenses, promovida pela XIII Regi\u00e3o Tradicionalista do Movimento Tradicionalista Ga\u00facho, Departamento de Estudos Pol\u00edticos e Sociais, coordena\u00e7\u00e3o dos cursos de Hist\u00f3ria e Geografia e o Centro de Ci\u00eancias Sociais e Humanas (CCSH) da Universidade Federal de Santa Maria (UFSM), tendo como objetivo vivenciar o passado hist\u00f3rico do Rio Grande do Sul. Na abertura o Dr. Dante Laitano proferiu a palestra <em>S\u00edntese da Hist\u00f3ria do Rio Grande do Sul<\/em>. Porto-alegrense, nascido em 1908 e falecido em 2000, Dante foi professor, jornalista, escritor e historiador que desenvolveu a pesquisa e o estudo da hist\u00f3ria regional e renovou a narrativa hist\u00f3rica. Um de seus m\u00e9ritos \u00e9 o de ser um dos primeiros a estudar a contribui\u00e7\u00e3o do negro \u00e0 hist\u00f3ria e cultura rio-grandense.<\/p>\n<p>Fot\u00f3grafo:&nbsp;<span style=\", sans-serif;font-size: 12pt;font-weight: var( --e-global-typography-text-font-weight );text-align: var(--bs-body-text-align)\">Orozimbo Penna.<\/span><span style=\"font-size: 1rem;font-weight: var( --e-global-typography-text-font-weight );text-align: var(--bs-body-text-align)\">&nbsp;Arquivo Fotogr\u00e1fico UFSM.<\/span><span style=\", sans-serif;font-size: 12pt;font-weight: var( --e-global-typography-text-font-weight );text-align: var(--bs-body-text-align)\">1980.275.004.<\/span><\/p>\n<p><strong>Texto<\/strong>: H\u00e9lvio Spode da Silva, acad\u00eamico do 3\u00b0semestre do Curso de Arquivologia da UFSM.<\/p>\n<p><strong>Audiodescri\u00e7\u00e3o da Imagem:<\/strong> Fotografia horizontal em preto e branco de tr\u00eas pessoas atr\u00e1s de uma mesa em um ambiente fechado. S\u00e3o dois homens e uma mulher, todos com pele clara. O primeiro homem est\u00e1 sentado, tem aproximadamente cinquenta anos cabelos escuros e veste palet\u00f3 e gravata escuros. Olha para a direita e est\u00e1 com as m\u00e3os entrela\u00e7adas sobre a mesa. Ao centro, outro homem, em p\u00e9, com aproximadamente sessenta anos, gordo, calvo e com barba grisalha. Veste palet\u00f3 e gravata escuros. Segura com uma das m\u00e3os, um microfone pr\u00f3ximo \u00e0 boca. \u00c0 direita, uma mulher sentada, com aproximadamente trinta anos, cabelos curtos e escuros, veste uma blusa escura e um casaco de l\u00e3 claro. Olha para a esquerda e est\u00e1 com os bra\u00e7os cruzados. A mesa \u00e9 retangular e est\u00e1 coberta por uma toalha clara. Sobre a mesa alguns pap\u00e9is, um pequeno suporte para microfone e um \u00f3culos de grau com arma\u00e7\u00e3o escura. \u00c0 esquerda, atr\u00e1s da mesa, duas cadeiras de madeira escura. Atr\u00e1s, um palco encoberto por uma cortina escura e longa, com um degrau elevado e claro \u00e0 frente. O ch\u00e3o \u00e9 de madeira.<\/p>\n<p><\/p>\n<p style=\"text-align: right\"><em>Audiodescritora Roteirista: Marya Eduarda Garcia de Oliveira<\/em><\/p>\n<p style=\"text-align: right\"><em>Audiodescritora Consultora: Fernanda Taschetto<\/em><\/p>\n<p><!-- \/wp:tadv\/classic-paragraph --><\/p>\t\t\t\t\t\t<\/div>\n\t\t\t\t<\/div>\n\t\t\t\t\t<\/div>\n\t\t<\/div>\n\t\t\t\t\t<\/div>\n\t\t<\/section>\n\t\t\t\t<section class=\"elementor-section elementor-top-section elementor-element elementor-element-dd8393b elementor-section-boxed elementor-section-height-default elementor-section-height-default\" data-id=\"dd8393b\" data-element_type=\"section\">\n\t\t\t\t\t\t<div class=\"elementor-container elementor-column-gap-default\">\n\t\t\t\t\t<div class=\"elementor-column elementor-col-100 elementor-top-column elementor-element elementor-element-3bee72c\" data-id=\"3bee72c\" data-element_type=\"column\">\n\t\t\t<div class=\"elementor-widget-wrap elementor-element-populated\">\n\t\t\t\t\t\t<div class=\"elementor-element elementor-element-5c3f0b2 elementor-widget elementor-widget-heading\" data-id=\"5c3f0b2\" data-element_type=\"widget\" data-widget_type=\"heading.default\">\n\t\t\t\t<div class=\"elementor-widget-container\">\n\t\t\t<h5 class=\"elementor-heading-title elementor-size-default\">Artigo em Libras <\/h5>\t\t<\/div>\n\t\t\t\t<\/div>\n\t\t\t\t<div class=\"elementor-element elementor-element-2231478 elementor-widget elementor-widget-wp-widget-custom_html\" data-id=\"2231478\" data-element_type=\"widget\" data-widget_type=\"wp-widget-custom_html.default\">\n\t\t\t\t<div class=\"elementor-widget-container\">\n\t\t\t<div class=\"textwidget custom-html-widget\"><iframe width=\"620\" height=\"585\" src=\"https:\/\/ntetube.nte.ufsm.br\/e\/1537985841\" frameborder=\"0\" allowfullscreen><\/iframe><\/div>\t\t<\/div>\n\t\t\t\t<\/div>\n\t\t\t\t\t<\/div>\n\t\t<\/div>\n\t\t\t\t\t<\/div>\n\t\t<\/section>\n\t\t\t\t<\/div>\n\t\t","protected":false},"excerpt":{"rendered":"<p>Em setembro de 1980 foi realizada a Semana de Estudos Riograndenses, promovida pela XIII Regi\u00e3o Tradicionalista do Movimento Tradicionalista Ga\u00facho, Departamento de Estudos Pol\u00edticos e Sociais, coordena\u00e7\u00e3o dos cursos de Hist\u00f3ria e Geografia e o Centro de Ci\u00eancias Sociais e Humanas (CCSH) da Universidade Federal de Santa Maria (UFSM), tendo como objetivo vivenciar o passado [&hellip;]<\/p>\n","protected":false},"author":444,"featured_media":1918,"comment_status":"closed","ping_status":"closed","sticky":false,"template":"","format":"standard","meta":{"footnotes":""},"categories":[209],"tags":[290,291,294],"class_list":["post-1161","post","type-post","status-publish","format-standard","has-post-thumbnail","hentry","category-projeto-retalhos-de-memoria-de-santa-maria-7","tag-fotografia","tag-pesquisa","tag-projeto-retalhos"],"acf":[],"_links":{"self":[{"href":"https:\/\/www.ufsm.br\/orgaos-suplementares\/dag\/wp-json\/wp\/v2\/posts\/1161","targetHints":{"allow":["GET"]}}],"collection":[{"href":"https:\/\/www.ufsm.br\/orgaos-suplementares\/dag\/wp-json\/wp\/v2\/posts"}],"about":[{"href":"https:\/\/www.ufsm.br\/orgaos-suplementares\/dag\/wp-json\/wp\/v2\/types\/post"}],"author":[{"embeddable":true,"href":"https:\/\/www.ufsm.br\/orgaos-suplementares\/dag\/wp-json\/wp\/v2\/users\/444"}],"replies":[{"embeddable":true,"href":"https:\/\/www.ufsm.br\/orgaos-suplementares\/dag\/wp-json\/wp\/v2\/comments?post=1161"}],"version-history":[{"count":0,"href":"https:\/\/www.ufsm.br\/orgaos-suplementares\/dag\/wp-json\/wp\/v2\/posts\/1161\/revisions"}],"wp:featuredmedia":[{"embeddable":true,"href":"https:\/\/www.ufsm.br\/orgaos-suplementares\/dag\/wp-json\/wp\/v2\/media\/1918"}],"wp:attachment":[{"href":"https:\/\/www.ufsm.br\/orgaos-suplementares\/dag\/wp-json\/wp\/v2\/media?parent=1161"}],"wp:term":[{"taxonomy":"category","embeddable":true,"href":"https:\/\/www.ufsm.br\/orgaos-suplementares\/dag\/wp-json\/wp\/v2\/categories?post=1161"},{"taxonomy":"post_tag","embeddable":true,"href":"https:\/\/www.ufsm.br\/orgaos-suplementares\/dag\/wp-json\/wp\/v2\/tags?post=1161"}],"curies":[{"name":"wp","href":"https:\/\/api.w.org\/{rel}","templated":true}]}}