{"id":1173,"date":"2018-10-30T17:23:02","date_gmt":"2018-10-30T20:23:02","guid":{"rendered":"https:\/\/www.ufsm.br\/orgaos-suplementares\/dag\/?p=1173"},"modified":"2023-05-31T10:26:40","modified_gmt":"2023-05-31T13:26:40","slug":"visita-de-veterinarios-japonses-em-1980","status":"publish","type":"post","link":"https:\/\/www.ufsm.br\/orgaos-suplementares\/dag\/2018\/10\/30\/visita-de-veterinarios-japonses-em-1980","title":{"rendered":"Projeto Retalhos da Mem\u00f3ria de Santa Maria \u2013 artigo 167 Visita de Veterin\u00e1rios Japoneses em 1980"},"content":{"rendered":"\n<figure class=\"wp-block-image\"><img fetchpriority=\"high\" decoding=\"async\" width=\"1024\" height=\"673\" src=\"https:\/\/www.ufsm.br\/orgaos-suplementares\/dag\/wp-content\/uploads\/sites\/400\/2019\/02\/UFSM-Projeto-Retalhos-Artigo-167-1980.356.0004-1024x673.jpg\" alt=\"Audiodescri\u00e7\u00e3o da imagem: Fotografia horizontal, em preto e branco, de dezoito homens reunidos em um ambiente interno. A maioria deles t\u00eam pele clara, cabelo curto, liso e escuro, olhos pequenos e puxados. Alguns usam \u00f3culos de grau e vestem terno com gravata escuros. Eles t\u00eam faixa et\u00e1ria de quarenta e cinco anos e olham atentamente para um dos homens, \u00e0 frente do grupo. No canto inferior esquerdo, um homem de costas, enquadrado dos ombros para cima, tem o bra\u00e7o direito \u00e0 frente do corpo, com a m\u00e3o semiaberta. A frente dele, nove homens sentados, na primeira fileira: cinco deles est\u00e3o um ao lado do outro em um sof\u00e1 escuro e, ap\u00f3s eles, os demais sentados em cadeiras girat\u00f3rias. A esquerda da imagem, tr\u00eas homens: o primeiro em uma poltrona escura; ao lado esquerdo e um pouco mais atr\u00e1s, o segundo homem, sentado em uma cadeira de estofado escuro; e ap\u00f3s ele, o terceiro homem, em p\u00e9, com as m\u00e3os juntas em frente ao corpo e pr\u00f3ximo \u00e0 parede. A direita e no comprimento da imagem,cinco homens sentados: dois em um sof\u00e1 escuro,de dois lugares, tendo ao lado direito um abajur claro;e depois do abajur, os outros tr\u00eas homens, sentados em cadeiras escuras,um ao lado do outro, no comprimento da fotografia. No centro da sala, uma mesa de madeira escura com tampo claro, tendo sobre ela, revistas e folhas claras. Atr\u00e1s dos nove homens, uma mesa de reuni\u00e3o e pelo menos quatro cadeiras escuras e vazias. A parede da esquerda, atr\u00e1s dos tr\u00eas homens, tem parte revestida por um papel decorativo que imita madeira, a direita a parede \u00e9 clara com uma lumin\u00e1ria e tem uma porta escura. A parede do fundo da sala est\u00e1 coberta por cortina clara. O teto \u00e9 claro. Presa sobre a mesa, uma lumin\u00e1ria de teto escura. O ch\u00e3o \u00e9 escuro.\" class=\"wp-image-2146\" srcset=\"https:\/\/www.ufsm.br\/app\/uploads\/sites\/400\/2019\/02\/UFSM-Projeto-Retalhos-Artigo-167-1980.356.0004-1024x673.jpg 1024w, https:\/\/www.ufsm.br\/app\/uploads\/sites\/400\/2019\/02\/UFSM-Projeto-Retalhos-Artigo-167-1980.356.0004-300x197.jpg 300w, https:\/\/www.ufsm.br\/app\/uploads\/sites\/400\/2019\/02\/UFSM-Projeto-Retalhos-Artigo-167-1980.356.0004-768x505.jpg 768w, https:\/\/www.ufsm.br\/app\/uploads\/sites\/400\/2019\/02\/UFSM-Projeto-Retalhos-Artigo-167-1980.356.0004.jpg 1920w\" sizes=\"(max-width: 1024px) 100vw, 1024px\" \/><\/figure>\n\n\n\n<p>A hist\u00f3ria da Universidade Federal de Santa Maria (UFSM) \u00e9 marcada por pessoas vindas das mais diversas partes do mundo. Interc\u00e2mbios entre docentes da UFSM e estrangeiros sempre contribu\u00edram para o desenvolvimento do ensino e da pesquisa em diferentes \u00e1reas do conhecimento. Com o objetivo de estudar a ocorr\u00eancia de doen\u00e7as em animais dom\u00e9sticos da regi\u00e3o e as medidas de controle utilizadas e indicadas pela UFSM, estiveram visitando esta universidade, em novembro de 1980 onze veterin\u00e1rios do Minist\u00e9rio da Agricultura do Jap\u00e3o. Foram coletados dados no curso de Medicina Veterin\u00e1ria, Departamento de Medicina Veterin\u00e1ria Preventiva e Hospital Veterin\u00e1rio. O interesse desta visita deve-se a uma futura importa\u00e7\u00e3o de animais pelo Jap\u00e3o. O roteiro dos veterin\u00e1rios japoneses incluiu institui\u00e7\u00f5es nos Estados Unidos, Argentina, Porto Alegre, Santa Maria, S\u00e3o Paulo e Rio de Janeiro.<\/p>\n<p>Fot\u00f3grafo: Orozimbo Penna. Arquivo Fotogr\u00e1fico UFSM.1980.357.001.<\/p>\n<p><strong>Texto:<\/strong> Ana Carolina Souza de Almeida, acad\u00eamica do 6\u00b0semestre do Curso de Desenho Industrial da UFSM.<\/p>\n<p><strong>Audiodescri\u00e7\u00e3o da imagem:<\/strong> Fotografia horizontal, em preto e branco, de dezoito homens reunidos em um ambiente interno. A maioria deles t\u00eam pele clara, cabelo curto, liso e escuro, olhos pequenos e puxados. Alguns usam \u00f3culos de grau e vestem terno com gravata escuros. Eles t\u00eam faixa et\u00e1ria de quarenta e cinco anos e olham atentamente para um dos homens, \u00e0 frente do grupo. No canto inferior esquerdo, um homem de costas, enquadrado dos ombros para cima, tem o bra\u00e7o direito \u00e0 frente do corpo, com a m\u00e3o semiaberta. A frente dele, nove homens sentados, na primeira fileira: cinco deles est\u00e3o um ao lado do outro em um sof\u00e1 escuro e, ap\u00f3s eles, os demais sentados em cadeiras girat\u00f3rias. A esquerda da imagem, tr\u00eas homens: o primeiro em uma poltrona escura; ao lado esquerdo e um pouco mais atr\u00e1s, o segundo homem, sentado em uma cadeira de estofado escuro; e ap\u00f3s ele, o terceiro homem, em p\u00e9, com as m\u00e3os juntas em frente ao corpo e pr\u00f3ximo \u00e0 parede. A direita e no comprimento da imagem,cinco homens sentados: dois em um sof\u00e1 escuro,de dois lugares, tendo ao lado direito um abajur claro;e depois do abajur, os outros tr\u00eas homens, sentados em cadeiras escuras,um ao lado do outro, no comprimento da fotografia. No centro da sala, uma mesa de madeira escura com tampo claro, tendo sobre ela, revistas e folhas claras. Atr\u00e1s dos nove homens, uma mesa de reuni\u00e3o e pelo menos quatro cadeiras escuras e vazias. A parede da esquerda, atr\u00e1s dos tr\u00eas homens, tem parte revestida por um papel decorativo que imita madeira, a direita a parede \u00e9 clara com uma lumin\u00e1ria e tem uma porta escura. A parede do fundo da sala est\u00e1 coberta por cortina clara. O teto \u00e9 claro. Presa sobre a mesa, uma lumin\u00e1ria de teto escura. O ch\u00e3o \u00e9 escuro.<\/p>\n<p style=\"text-align: right\"><em>Audiodescritora roteirista: C\u00edntia Pasa Lopes<\/em><\/p>\n<p style=\"text-align: right\"><em>Audiodescritor consultor: R\u00fabia Steffens<\/em><\/p>\n","protected":false},"excerpt":{"rendered":"<p>A hist\u00f3ria da Universidade Federal de Santa Maria (UFSM) \u00e9 marcada por pessoas vindas das mais diversas partes do mundo. Interc\u00e2mbios entre docentes da UFSM e estrangeiros sempre contribu\u00edram para o desenvolvimento do ensino e da pesquisa em diferentes \u00e1reas do conhecimento. Com o objetivo de estudar a ocorr\u00eancia de doen\u00e7as em animais dom\u00e9sticos da [&hellip;]<\/p>\n","protected":false},"author":444,"featured_media":2067,"comment_status":"closed","ping_status":"closed","sticky":false,"template":"","format":"standard","meta":{"footnotes":""},"categories":[209],"tags":[290,291,294],"class_list":["post-1173","post","type-post","status-publish","format-standard","has-post-thumbnail","hentry","category-projeto-retalhos-de-memoria-de-santa-maria-7","tag-fotografia","tag-pesquisa","tag-projeto-retalhos"],"acf":[],"_links":{"self":[{"href":"https:\/\/www.ufsm.br\/orgaos-suplementares\/dag\/wp-json\/wp\/v2\/posts\/1173","targetHints":{"allow":["GET"]}}],"collection":[{"href":"https:\/\/www.ufsm.br\/orgaos-suplementares\/dag\/wp-json\/wp\/v2\/posts"}],"about":[{"href":"https:\/\/www.ufsm.br\/orgaos-suplementares\/dag\/wp-json\/wp\/v2\/types\/post"}],"author":[{"embeddable":true,"href":"https:\/\/www.ufsm.br\/orgaos-suplementares\/dag\/wp-json\/wp\/v2\/users\/444"}],"replies":[{"embeddable":true,"href":"https:\/\/www.ufsm.br\/orgaos-suplementares\/dag\/wp-json\/wp\/v2\/comments?post=1173"}],"version-history":[{"count":0,"href":"https:\/\/www.ufsm.br\/orgaos-suplementares\/dag\/wp-json\/wp\/v2\/posts\/1173\/revisions"}],"wp:featuredmedia":[{"embeddable":true,"href":"https:\/\/www.ufsm.br\/orgaos-suplementares\/dag\/wp-json\/wp\/v2\/media\/2067"}],"wp:attachment":[{"href":"https:\/\/www.ufsm.br\/orgaos-suplementares\/dag\/wp-json\/wp\/v2\/media?parent=1173"}],"wp:term":[{"taxonomy":"category","embeddable":true,"href":"https:\/\/www.ufsm.br\/orgaos-suplementares\/dag\/wp-json\/wp\/v2\/categories?post=1173"},{"taxonomy":"post_tag","embeddable":true,"href":"https:\/\/www.ufsm.br\/orgaos-suplementares\/dag\/wp-json\/wp\/v2\/tags?post=1173"}],"curies":[{"name":"wp","href":"https:\/\/api.w.org\/{rel}","templated":true}]}}