{"id":3052,"date":"2015-10-13T14:22:17","date_gmt":"2015-10-13T17:22:17","guid":{"rendered":"https:\/\/www.ufsm.br\/orgaos-suplementares\/dag\/2015\/10\/13\/procedimentos-de-protocolo\/"},"modified":"2015-10-13T14:22:17","modified_gmt":"2015-10-13T17:22:17","slug":"procedimentos-de-protocolo","status":"publish","type":"post","link":"https:\/\/www.ufsm.br\/orgaos-suplementares\/dag\/2015\/10\/13\/procedimentos-de-protocolo","title":{"rendered":"Procedimentos de Protocolo"},"content":{"rendered":"<p style=\"margin: 0px 0px 1em; padding: 0px; list-style: none; vertical-align: baseline; line-height: 1.8em; font-size: 13.728px; color: #000000; font-family: open_sansregular, Arial, Helvetica, sans-serif;\"><span style=\"font-size: 10pt;\">As atividades de protocolo s\u00e3o um conjunto de opera\u00e7\u00f5es que visam o controle dos documentos, avulsos ou processos, produzidos ou recebidos, no \u00e2mbito dos \u00f3rg\u00e3os e entidades da Administra\u00e7\u00e3o P\u00fablica Federal.<\/span><\/p>\n<p style=\"margin: 0px 0px 1em; padding: 0px; list-style: none; vertical-align: baseline; line-height: 1.8em; font-size: 13.728px; color: #000000; font-family: open_sansregular, Arial, Helvetica, sans-serif;\"><span style=\"font-size: 10pt;\">Nos termos da<a class=\"internal-link\" style=\"margin: 0px; padding: 0px; list-style: none; vertical-align: baseline; outline: none; color: #2c67cd; border-bottom-style: none;\" title=\"\" href=\"http:\/\/www.comprasgovernamentais.gov.br\/paginas\/comunicacoes-administrativas\/resolveuid\/38f5bcdb667d435da2679ca4ec81a7ec\" target=\"_self\" rel=\"noopener noreferrer\">&nbsp;<\/a><a class=\"internal-link\" style=\"margin: 0px; padding: 0px; list-style: none; vertical-align: baseline; outline: none; color: #2c67cd; border-bottom-style: none;\" title=\"\" href=\"http:\/\/www.comprasgovernamentais.gov.br\/arquivos\/outros_normas\/portaria-1677.pdf\" target=\"_self\" rel=\"noopener noreferrer\">Portaria Interministerial MJ\/MP n\u00b0 1.677, de 7 de outubro de 2015<\/a>, consideram-se atividades de protocolo o recebimento, a classifica\u00e7\u00e3o, o registro, a distribui\u00e7\u00e3o, o controle da tramita\u00e7\u00e3o, a expedi\u00e7\u00e3o e a autua\u00e7\u00e3o de documentos avulsos para forma\u00e7\u00e3o de processos, e os respectivos procedimentos decorrentes.<\/span><\/p>\n<p style=\"margin: 0px 0px 1em; padding: 0px; list-style: none; vertical-align: baseline; line-height: 1.8em; font-size: 13.728px; color: #000000; font-family: open_sansregular, Arial, Helvetica, sans-serif;\"><span style=\"font-size: 10pt;\">O Minist\u00e9rio do Planejamento, Or\u00e7amento e Gest\u00e3o e o Minist\u00e9rio da Justi\u00e7a revisaram os procedimentos gerais para o desenvolvimento das atividades de protocolo no \u00e2mbito dos \u00f3rg\u00e3os e entidades da Administra\u00e7\u00e3o P\u00fablica Federal, culminando na publica\u00e7\u00e3o da&nbsp;<a class=\"internal-link\" style=\"margin: 0px; padding: 0px; list-style: none; vertical-align: baseline; outline: none; color: #2c67cd; border-bottom-style: none;\" title=\"\" href=\"http:\/\/www.comprasgovernamentais.gov.br\/arquivos\/outros_normas\/portaria-1677.pdf\" target=\"_self\" rel=\"noopener noreferrer\">Portaria Interministerial MJ\/MP n\u00b0 1.677, de 7 de outubro de 2015<\/a>.<\/span><\/p>\n<p style=\"margin: 0px 0px 1em; padding: 0px; list-style: none; vertical-align: baseline; line-height: 1.8em; font-size: 13.728px; color: #000000; font-family: open_sansregular, Arial, Helvetica, sans-serif;\"><span style=\"font-size: 10pt;\">Essa norma decorre de um trabalho conjunto realizado pelo Arquivo Nacional, do Minist\u00e9rio da Justi\u00e7a, e pela Secretaria de Log\u00edstica e Tecnologia da Informa\u00e7\u00e3o, do Minist\u00e9rio do Planejamento, Or\u00e7amento e Gest\u00e3o e foi aprimorada com base nas contribui\u00e7\u00f5es recebidas por consulta p\u00fablica, disponibilizada no s\u00edtio eletr\u00f4nico do Sistema de Gest\u00e3o de Documentos de Arquivo (SIGA), que foi realizada no per\u00edodo de 13 a 30 de maio de 2014.<\/span><\/p>\n<p style=\"margin: 0px 0px 1em; padding: 0px; list-style: none; vertical-align: baseline; line-height: 1.8em; font-size: 13.728px; color: #000000; font-family: open_sansregular, Arial, Helvetica, sans-serif;\"><span style=\"font-size: 10pt;\">A&nbsp;<a class=\"internal-link\" style=\"margin: 0px; padding: 0px; list-style: none; vertical-align: baseline; outline: none; color: #2c67cd; border-bottom-style: none;\" title=\"\" href=\"http:\/\/www.comprasgovernamentais.gov.br\/arquivos\/outros_normas\/portaria-normativa-no-5-de-19-de-dezembro-de-2002.pdf\" target=\"_self\" rel=\"noopener noreferrer\">Portaria Normativa SLTI\/MP n\u00b0 05, de 19 de dezembro de 2002<\/a>&nbsp;e a<a class=\"internal-link\" style=\"margin: 0px; padding: 0px; list-style: none; vertical-align: baseline; outline: none; color: #2c67cd; border-bottom-style: none;\" title=\"\" href=\"http:\/\/www.comprasgovernamentais.gov.br\/paginas\/portarias\/portaria-interministerial-no-12-de-23-de-novembro-de-2009\" target=\"_self\" rel=\"noopener noreferrer\">&nbsp;Portaria&nbsp;SLTI\/MP&nbsp;n\u00b0 12, de 23 de novembro de 2009<\/a>, ambas atualmente em vigor, disp\u00f5em sobre os procedimentos gerais para utiliza\u00e7\u00e3o dos servi\u00e7os de protocolo, no \u00e2mbito da Administra\u00e7\u00e3o P\u00fablica Federal, para os \u00f3rg\u00e3os e entidades integrantes do Sistema de Servi\u00e7os Gerais \u2013 SISG.<\/span><\/p>\n<p style=\"margin: 0px 0px 1em; padding: 0px; list-style: none; vertical-align: baseline; line-height: 1.8em; font-size: 13.728px; color: #000000; font-family: open_sansregular, Arial, Helvetica, sans-serif;\"><span style=\"font-size: 10pt;\">A partir da vig\u00eancia da<a class=\"internal-link\" style=\"margin: 0px; padding: 0px; list-style: none; vertical-align: baseline; outline: none; color: #2c67cd; border-bottom-style: none;\" title=\"\" href=\"http:\/\/www.comprasgovernamentais.gov.br\/arquivos\/outros_normas\/portaria-1677.pdf\" target=\"_self\" rel=\"noopener noreferrer\">&nbsp;Portaria Interministerial MJ\/MP n\u00b0 1.677, de 7 de outubro de 2015<\/a>, os \u00f3rg\u00e3os e entidades da Administra\u00e7\u00e3o P\u00fablica Federal devem realizar os procedimentos gerais para o desenvolvimento das atividades conforme disposto nesta norma.<\/span><\/p>\n<p style=\"margin: 0px 0px 1em; padding: 0px; list-style: none; vertical-align: baseline; line-height: 1.8em; font-size: 13.728px; color: #000000; font-family: open_sansregular, Arial, Helvetica, sans-serif;\"><span style=\"font-size: 8pt;\">Fonte: <a href=\"http:\/\/www.comprasgovernamentais.gov.br\/paginas\/comunicacoes-administrativas\/procedimentos-de-protocolo\">MP<\/a><\/span><\/p>\n","protected":false},"excerpt":{"rendered":"<p>As atividades de protocolo s\u00e3o um conjunto de opera\u00e7\u00f5es que visam o controle dos documentos, avulsos ou processos, produzidos ou recebidos, no \u00e2mbito dos \u00f3rg\u00e3os e entidades da Administra\u00e7\u00e3o P\u00fablica Federal. Nos termos da&nbsp;Portaria Interministerial MJ\/MP n\u00b0 1.677, de 7 de outubro de 2015, consideram-se atividades de protocolo o recebimento, a classifica\u00e7\u00e3o, o registro, a [&hellip;]<\/p>\n","protected":false},"author":25,"featured_media":0,"comment_status":"closed","ping_status":"closed","sticky":false,"template":"","format":"standard","meta":{"footnotes":""},"categories":[279],"tags":[],"class_list":["post-3052","post","type-post","status-publish","format-standard","hentry","category-gedai-noticias"],"acf":[],"_links":{"self":[{"href":"https:\/\/www.ufsm.br\/orgaos-suplementares\/dag\/wp-json\/wp\/v2\/posts\/3052","targetHints":{"allow":["GET"]}}],"collection":[{"href":"https:\/\/www.ufsm.br\/orgaos-suplementares\/dag\/wp-json\/wp\/v2\/posts"}],"about":[{"href":"https:\/\/www.ufsm.br\/orgaos-suplementares\/dag\/wp-json\/wp\/v2\/types\/post"}],"author":[{"embeddable":true,"href":"https:\/\/www.ufsm.br\/orgaos-suplementares\/dag\/wp-json\/wp\/v2\/users\/25"}],"replies":[{"embeddable":true,"href":"https:\/\/www.ufsm.br\/orgaos-suplementares\/dag\/wp-json\/wp\/v2\/comments?post=3052"}],"version-history":[{"count":0,"href":"https:\/\/www.ufsm.br\/orgaos-suplementares\/dag\/wp-json\/wp\/v2\/posts\/3052\/revisions"}],"wp:attachment":[{"href":"https:\/\/www.ufsm.br\/orgaos-suplementares\/dag\/wp-json\/wp\/v2\/media?parent=3052"}],"wp:term":[{"taxonomy":"category","embeddable":true,"href":"https:\/\/www.ufsm.br\/orgaos-suplementares\/dag\/wp-json\/wp\/v2\/categories?post=3052"},{"taxonomy":"post_tag","embeddable":true,"href":"https:\/\/www.ufsm.br\/orgaos-suplementares\/dag\/wp-json\/wp\/v2\/tags?post=3052"}],"curies":[{"name":"wp","href":"https:\/\/api.w.org\/{rel}","templated":true}]}}