{"id":3059,"date":"2015-12-14T17:52:18","date_gmt":"2015-12-14T19:52:18","guid":{"rendered":"https:\/\/www.ufsm.br\/orgaos-suplementares\/dag\/2015\/12\/14\/novo-nup\/"},"modified":"2015-12-14T17:52:18","modified_gmt":"2015-12-14T19:52:18","slug":"novo-nup","status":"publish","type":"post","link":"https:\/\/www.ufsm.br\/orgaos-suplementares\/dag\/2015\/12\/14\/novo-nup","title":{"rendered":"Prorroga\u00e7\u00e3o do prazo de vig\u00eancia do NUP"},"content":{"rendered":"<p class=\"western\" style=\"margin: 1.5em 0px; padding: 0px; list-style: none; vertical-align: baseline; line-height: 1.6em; color: #172938; font-size: 1.1em; font-family: Arial, Helvetica, sans-serif;\" align=\"JUSTIFY\"><span style=\"font-family: arial, helvetica, sans-serif; font-size: 10pt;\">O prazo de in\u00edcio da vig\u00eancia Portaria que institui o novo formato do N\u00famero \u00danico de Protocolo foi prorrogado pela segunda vez. O novo prazo \u00e9 1\u00ba de janeiro de 2018. Leia abaixo as explica\u00e7\u00f5es do Arquivo Nacional e da&nbsp;<span style=\"color: #172938; line-height: 21.4016px; text-align: justify;\">Secretaria de Log\u00edstica e Tecnologia da Informa\u00e7\u00e3o:<\/span><\/span><\/p>\n<p class=\"western\" style=\"margin: 1.5em 0px 1.5em 30px; padding-top: 0px; padding-right: 0px; padding-bottom: 0px; list-style: none; vertical-align: baseline; line-height: 1.6em; color: #172938; font-size: 1.1em; font-family: Arial, Helvetica, sans-serif;\" align=\"JUSTIFY\"><em><span style=\"font-family: arial, helvetica, sans-serif; font-size: 10pt;\">O Arquivo Nacional, do Minist\u00e9rio da Justi\u00e7a, e a Secretaria de Log\u00edstica e Tecnologia da Informa\u00e7\u00e3o, do Minist\u00e9rio do Planejamento, Or\u00e7amento e Gest\u00e3o comunicam que est\u00e1 em curso o processo administrativo n\u00b0 04300.205649\/2015-86 com o objetivo de&nbsp;<strong style=\"margin: 0px; padding: 0px; list-style: none; vertical-align: baseline;\">alterar para 1\u00b0 de janeiro de 2018<\/strong>&nbsp;<strong style=\"margin: 0px; padding: 0px; list-style: none; vertical-align: baseline;\">a da data de in\u00edcio da vig\u00eancia da Portaria Interministerial n\u00ba 2.321, de 30 de dezembro de 2014<\/strong>, que define procedimentos relativos \u00e0 utiliza\u00e7\u00e3o do&nbsp;<strong style=\"margin: 0px; padding: 0px; list-style: none; vertical-align: baseline;\">N\u00famero \u00danico de Protocolo (NUP)<\/strong>&nbsp;no \u00e2mbito dos \u00f3rg\u00e3os e entidades da Administra\u00e7\u00e3o P\u00fablica Federal.<\/span><\/em><\/p>\n<p class=\"western\" style=\"margin: 1.5em 0px 1.5em 30px; padding-top: 0px; padding-right: 0px; padding-bottom: 0px; list-style: none; vertical-align: baseline; line-height: 1.6em; color: #172938; font-size: 1.1em; font-family: Arial, Helvetica, sans-serif;\" align=\"JUSTIFY\"><em><span style=\"font-family: arial, helvetica, sans-serif; font-size: 10pt;\"><span style=\"margin: 0px; padding: 0px; list-style: none; vertical-align: baseline;\">A efetiva\u00e7\u00e3o das inova\u00e7\u00f5es previstas na norma envolve custos de adapta\u00e7\u00e3o dos diversos sistemas utilizados pela administra\u00e7\u00e3o p\u00fablica, o que vai de encontro \u00e0s atuais limita\u00e7\u00f5es&nbsp;<\/span><span style=\"margin: 0px; padding: 0px; list-style: none; vertical-align: baseline;\">or\u00e7ament\u00e1rias<\/span><span style=\"margin: 0px; padding: 0px; list-style: none; vertical-align: baseline;\">&nbsp;sobre as possibilidades de gasto p\u00fablico impostas pelo cen\u00e1rio econ\u00f4mico do pa\u00eds.<\/span><\/span><\/em><\/p>\n<p class=\"western\" style=\"margin: 1.5em 0px 1.5em 30px; padding-top: 0px; padding-right: 0px; padding-bottom: 0px; list-style: none; vertical-align: baseline; line-height: 1.6em; color: #172938; font-size: 1.1em; font-family: Arial, Helvetica, sans-serif;\" align=\"JUSTIFY\"><em><span style=\"font-family: arial, helvetica, sans-serif; font-size: 10pt;\">Dessa forma, a prorroga\u00e7\u00e3o visa<span style=\"margin: 0px; padding: 0px; list-style: none; vertical-align: baseline;\">&nbsp;possibilitar que&nbsp;<\/span>\u00f3rg\u00e3os e entidades&nbsp;<span style=\"margin: 0px; padding: 0px; list-style: none; vertical-align: baseline;\">disponham de um prazo maior para o replanejamento das a\u00e7\u00f5es necess\u00e1rias ao atendimento do normativo.<\/span><\/span><\/em><\/p>\n<p style=\"margin-left: 30px;\"><em><span style=\"font-size: 8pt;\">Fonte: <a href=\"http:\/\/comprasgovernamentais.gov.br\/noticias\/11-12-2015-comunicado-arquivo-nacional-2013-an-mj-e-secretaria-de-logistica-e-tecnologia-da-informacao-2013-slti-mp-no-1-2013-prorrogacao-do-prazo-de-vigencia-do-nup\">MPOG<\/a><\/span><\/em><\/p>\n","protected":false},"excerpt":{"rendered":"<p>O prazo de in\u00edcio da vig\u00eancia Portaria que institui o novo formato do N\u00famero \u00danico de Protocolo foi prorrogado pela segunda vez. O novo prazo \u00e9 1\u00ba de janeiro de 2018. Leia abaixo as explica\u00e7\u00f5es do Arquivo Nacional e da&nbsp;Secretaria de Log\u00edstica e Tecnologia da Informa\u00e7\u00e3o: O Arquivo Nacional, do Minist\u00e9rio da Justi\u00e7a, e a [&hellip;]<\/p>\n","protected":false},"author":25,"featured_media":0,"comment_status":"closed","ping_status":"closed","sticky":false,"template":"","format":"standard","meta":{"footnotes":""},"categories":[279],"tags":[],"class_list":["post-3059","post","type-post","status-publish","format-standard","hentry","category-gedai-noticias"],"acf":[],"_links":{"self":[{"href":"https:\/\/www.ufsm.br\/orgaos-suplementares\/dag\/wp-json\/wp\/v2\/posts\/3059","targetHints":{"allow":["GET"]}}],"collection":[{"href":"https:\/\/www.ufsm.br\/orgaos-suplementares\/dag\/wp-json\/wp\/v2\/posts"}],"about":[{"href":"https:\/\/www.ufsm.br\/orgaos-suplementares\/dag\/wp-json\/wp\/v2\/types\/post"}],"author":[{"embeddable":true,"href":"https:\/\/www.ufsm.br\/orgaos-suplementares\/dag\/wp-json\/wp\/v2\/users\/25"}],"replies":[{"embeddable":true,"href":"https:\/\/www.ufsm.br\/orgaos-suplementares\/dag\/wp-json\/wp\/v2\/comments?post=3059"}],"version-history":[{"count":0,"href":"https:\/\/www.ufsm.br\/orgaos-suplementares\/dag\/wp-json\/wp\/v2\/posts\/3059\/revisions"}],"wp:attachment":[{"href":"https:\/\/www.ufsm.br\/orgaos-suplementares\/dag\/wp-json\/wp\/v2\/media?parent=3059"}],"wp:term":[{"taxonomy":"category","embeddable":true,"href":"https:\/\/www.ufsm.br\/orgaos-suplementares\/dag\/wp-json\/wp\/v2\/categories?post=3059"},{"taxonomy":"post_tag","embeddable":true,"href":"https:\/\/www.ufsm.br\/orgaos-suplementares\/dag\/wp-json\/wp\/v2\/tags?post=3059"}],"curies":[{"name":"wp","href":"https:\/\/api.w.org\/{rel}","templated":true}]}}