{"id":3146,"date":"2017-06-27T13:34:09","date_gmt":"2017-06-27T16:34:09","guid":{"rendered":"https:\/\/www.ufsm.br\/orgaos-suplementares\/dag\/2017\/06\/27\/preservacao-digital-audiovisual-em-discussao-no-12-cineop\/"},"modified":"2017-06-27T13:34:09","modified_gmt":"2017-06-27T16:34:09","slug":"preservacao-digital-audiovisual-em-discussao-no-12-cineop","status":"publish","type":"post","link":"https:\/\/www.ufsm.br\/orgaos-suplementares\/dag\/2017\/06\/27\/preservacao-digital-audiovisual-em-discussao-no-12-cineop","title":{"rendered":"A Preserva\u00e7\u00e3o Digital Audiovisual em discuss\u00e3o no 12\u00ba CineOP"},"content":{"rendered":"<p>Na sua 12 edi\u00e7\u00e3o, a&nbsp;<a href=\"http:\/\/www.cineop.com.br\/\">Mostra de Cinema de Ouro Preto<\/a>&nbsp;(CineOP), realizada de 21 a 26 de junho de 2017, consolida-se como um instrumento de reflex\u00e3o e luta pela salvaguarda do patrim\u00f4nio audiovisual brasileiro. Durante o evento aconteceram simultaneamente o&nbsp;IX F\u00f3rum da Rede Kino&nbsp;(Rede Latino-Americana de Educa\u00e7\u00e3o, Cinema e Audiovisual),&nbsp;o&nbsp;12\u00ba Encontro Nacional de Arquivos e Acervos Audiovisuais Brasileiros,&nbsp;o 12\u00ba Semin\u00e1rio do Cinema Brasileiro: Fatos e Mem\u00f3ria,&nbsp;a exibi\u00e7\u00e3o de v\u00e1rios filmes e a realiza\u00e7\u00e3o de oficinas. Destaqua-se o filme de abertura do festival Desarquivando Alice Gonzaga, de Betse de Paula.<\/p>\n<p>Na manh\u00e3 de s\u00e1bado, dia 24 de junho, foram discutidas as&nbsp;estrat\u00e9gias para preserva\u00e7\u00e3o de conte\u00fado originado digitalmente ou de conte\u00fado digitalizado.&nbsp;Tais a\u00e7\u00f5es&nbsp;s\u00e3o complexas, custosas, e necessitam de investimentos constantes al\u00e9m de pol\u00edticas claras e consistentes para sua viabiliza\u00e7\u00e3o.&nbsp;Foram abordados os aspectos sobre como&nbsp;enfrentar quest\u00f5es como deteriora\u00e7\u00e3o e obsolesc\u00eancia de formatos de arquivo, software, e hardware, gerenciamento de metadados e migra\u00e7\u00e3o? Neste debate buscou-se refletir sobre as solu\u00e7\u00f5es encontradas para o gerenciamento da volumosa produ\u00e7\u00e3o de conte\u00fado em \u00e2mbito de produtoras, dos desafios para o desenvolvimento de reposit\u00f3rios para a conserva\u00e7\u00e3o de documentos audiovisuais, al\u00e9m do dep\u00f3sito legal de obras financiadas com recursos p\u00fablicos, e das estrat\u00e9gias de preserva\u00e7\u00e3o de obras de produ\u00e7\u00e3o independente.&nbsp;Esse debate foi mediado por &nbsp;Ines Aisengart Menezes,&nbsp;curadora&nbsp;daTem\u00e1tica da Preserva\u00e7\u00e3o.<\/p>\n<p>De in\u00edcio o Coordenador da&nbsp;<a href=\"http:\/\/cariniana.ibict.br\/\">Rede Cariniana<\/a>&nbsp;Miguel \u00c1ngel M\u00e1rdero Arellano apresentou quest\u00f5es b\u00e1sicas dos desafios de preserva\u00e7\u00e3o digital e o trabalho que vem sendo realizado pela Rede Cariniana com parcerias nacionais e internacionais. Logo em seguida, a Coordenadora da&nbsp;<a href=\"http:\/\/www.ufsm.br\/gedai\">Comiss\u00e3o Gedai&nbsp;<\/a>da UFSM, a Arquivista Neiva Pavezi, pontuou o conceito de Reposit\u00f3rios Arquiv\u00edsticos Digitais Confi\u00e1veis \u2013 RDC-Arq e o contexto documental onde se inserem os filmes de cinema e os programas de TV, a exemplo do acervo da&nbsp;<a href=\"http:\/\/tvcampus.ufsm.br\/\">TV Campus<\/a>&nbsp;da UFSM, cujo projeto de preserva\u00e7\u00e3o digital arquiv\u00edstico est\u00e1 em andamento.<\/p>\n<p class=\"system-pagebreak\" style=\"text-align: justify; margin-left: 30px;\"><span style=\"color: #333333;\"><span style=\"font-family: 'Malgun Gothic', sans-serif;\"><span style=\"font-size: 11pt;\">&nbsp;<\/span><\/span><\/span><\/p>\n<p class=\"system-pagebreak\" style=\"text-align: justify; margin-left: 30px;\"><span style=\"color: #333333;\"><span style=\"font-family: 'Malgun Gothic', sans-serif;\"><span style=\"font-size: 11pt;\"><img fetchpriority=\"high\" decoding=\"async\" class=\" size-full wp-image-3145\" src=\"https:\/\/www.ufsm.br\/orgaos-suplementares\/dag\/wp-content\/uploads\/sites\/400\/2017\/06\/35514794646_29cdb8eca4_k.jpg\" alt=\"\" width=\"699\" height=\"466\" srcset=\"https:\/\/www.ufsm.br\/app\/uploads\/sites\/400\/2017\/06\/35514794646_29cdb8eca4_k.jpg 2048w, https:\/\/www.ufsm.br\/app\/uploads\/sites\/400\/2017\/06\/35514794646_29cdb8eca4_k-300x200.jpg 300w, https:\/\/www.ufsm.br\/app\/uploads\/sites\/400\/2017\/06\/35514794646_29cdb8eca4_k-1024x683.jpg 1024w, https:\/\/www.ufsm.br\/app\/uploads\/sites\/400\/2017\/06\/35514794646_29cdb8eca4_k-768x512.jpg 768w, https:\/\/www.ufsm.br\/app\/uploads\/sites\/400\/2017\/06\/35514794646_29cdb8eca4_k-1536x1024.jpg 1536w, https:\/\/www.ufsm.br\/app\/uploads\/sites\/400\/2017\/06\/35514794646_29cdb8eca4_k-272x182.jpg 272w\" sizes=\"(max-width: 699px) 100vw, 699px\" \/><\/span><\/span><\/span><\/p>\n<p class=\"system-pagebreak\" style=\"text-align: justify; margin-left: 30px;\"><span style=\"color: #333333;\"><span style=\"font-family: 'Malgun Gothic', sans-serif;\"><span style=\"font-size: 11pt;\">&nbsp;<\/span><\/span><\/span><\/p>\n<p>Lucas Saldanha Werneck, fundador da empresa&nbsp;<a href=\"http:\/\/2olhares.com\/\">2olhares<\/a>, no Rio de Janeiro, apresentou a sua bem-sucedida experi\u00eancia na preserva\u00e7\u00e3o f\u00edlmica. O&nbsp;coordenador de preserva\u00e7\u00e3o e laborat\u00f3rio da&nbsp;<a href=\"http:\/\/www.cinemateca.gov.br\/\">Cinemateca&nbsp;<\/a>Brasileira,&nbsp;Rodrigo Mec\u00eas, explicou os principais pontos a serem considerados no fluxo de trabalho visando a preserva\u00e7\u00e3o digital, que est\u00e1 sendo desenvolvido pela Cinemateca.<\/p>\n<p>Ao longo de 20 debates, a participa\u00e7\u00e3o de 90 convidados, acad\u00eamicos, pesquisadores, historiadores, cr\u00edticos de cinema, al\u00e9m das dezenas de demais presen\u00e7as que acompanharam as conversas e tr\u00eas convidados internacionais de M\u00e9xico, Argentina e Chile. O sentimento geral foi de que, apesar do momento sombrio e indefinido que se vive no \u00e2mbito institucional do Estado brasileiro, \u00e9 absolutamente necess\u00e1rio enfrentar a situa\u00e7\u00e3o com vigor e originalidade.<\/p>\n<p>&nbsp;<\/p>\n<hr \/>\n<p>&nbsp;<\/p>\n","protected":false},"excerpt":{"rendered":"<p>Na sua 12 edi\u00e7\u00e3o, a&nbsp;Mostra de Cinema de Ouro Preto&nbsp;(CineOP), realizada de 21 a 26 de junho de 2017, consolida-se como um instrumento de reflex\u00e3o e luta pela salvaguarda do patrim\u00f4nio audiovisual brasileiro. Durante o evento aconteceram simultaneamente o&nbsp;IX F\u00f3rum da Rede Kino&nbsp;(Rede Latino-Americana de Educa\u00e7\u00e3o, Cinema e Audiovisual),&nbsp;o&nbsp;12\u00ba Encontro Nacional de Arquivos e Acervos [&hellip;]<\/p>\n","protected":false},"author":25,"featured_media":3145,"comment_status":"closed","ping_status":"closed","sticky":false,"template":"","format":"standard","meta":{"footnotes":""},"categories":[283],"tags":[],"class_list":["post-3146","post","type-post","status-publish","format-standard","has-post-thumbnail","hentry","category-gedai-apresentacoes"],"acf":[],"_links":{"self":[{"href":"https:\/\/www.ufsm.br\/orgaos-suplementares\/dag\/wp-json\/wp\/v2\/posts\/3146","targetHints":{"allow":["GET"]}}],"collection":[{"href":"https:\/\/www.ufsm.br\/orgaos-suplementares\/dag\/wp-json\/wp\/v2\/posts"}],"about":[{"href":"https:\/\/www.ufsm.br\/orgaos-suplementares\/dag\/wp-json\/wp\/v2\/types\/post"}],"author":[{"embeddable":true,"href":"https:\/\/www.ufsm.br\/orgaos-suplementares\/dag\/wp-json\/wp\/v2\/users\/25"}],"replies":[{"embeddable":true,"href":"https:\/\/www.ufsm.br\/orgaos-suplementares\/dag\/wp-json\/wp\/v2\/comments?post=3146"}],"version-history":[{"count":0,"href":"https:\/\/www.ufsm.br\/orgaos-suplementares\/dag\/wp-json\/wp\/v2\/posts\/3146\/revisions"}],"wp:featuredmedia":[{"embeddable":true,"href":"https:\/\/www.ufsm.br\/orgaos-suplementares\/dag\/wp-json\/wp\/v2\/media\/3145"}],"wp:attachment":[{"href":"https:\/\/www.ufsm.br\/orgaos-suplementares\/dag\/wp-json\/wp\/v2\/media?parent=3146"}],"wp:term":[{"taxonomy":"category","embeddable":true,"href":"https:\/\/www.ufsm.br\/orgaos-suplementares\/dag\/wp-json\/wp\/v2\/categories?post=3146"},{"taxonomy":"post_tag","embeddable":true,"href":"https:\/\/www.ufsm.br\/orgaos-suplementares\/dag\/wp-json\/wp\/v2\/tags?post=3146"}],"curies":[{"name":"wp","href":"https:\/\/api.w.org\/{rel}","templated":true}]}}