{"id":3148,"date":"2017-11-08T19:05:35","date_gmt":"2017-11-08T21:05:35","guid":{"rendered":"https:\/\/www.ufsm.br\/orgaos-suplementares\/dag\/2017\/11\/08\/xiicam\/"},"modified":"2017-11-08T19:05:35","modified_gmt":"2017-11-08T21:05:35","slug":"xiicam","status":"publish","type":"post","link":"https:\/\/www.ufsm.br\/orgaos-suplementares\/dag\/2017\/11\/08\/xiicam","title":{"rendered":"Gedai no XII Congresso de Arquivologia do Mercosul"},"content":{"rendered":"<p>A Associa\u00e7\u00e3o Rede de Arquivistas Graduados de C\u00f3rdoba e o Arquivo Geral e Hist\u00f3rico da Universidade Nacional de C\u00f3rdoba, organizaram a d\u00e9cima segunda edi\u00e7\u00e3o do CAM sob o tema \u201cArquivos e arquivistas na sociedade do conhecimento\u201d. O evento realizou-se na Cidade de C\u00f3rdoba, de 26 a 29 de setembro de 2017. O Congresso de Arquivologia do MERCOSUL (CAM) \u00e9 o principal evento da Am\u00e9rica Latina que re\u00fane profissionais da arquivologia, ci\u00eancia da informa\u00e7\u00e3o, tecnologia da informa\u00e7\u00e3o, biblioteconomia, docentes, estudantes, diretores e pesquisadores e interessados em geral na problem\u00e1tica dos documentos de arquivo, impulsionando o desenvolvimento te\u00f3rico da Arquiv\u00edstica e sua aplica\u00e7\u00e3o pr\u00e1tica nos arquivos em geral, a fim de garantir os plenos direitos cidad\u00e3os por meio do acesso irrestrito \u00e0 informa\u00e7\u00e3o, principalmente diante dos desafios dos documentos digitais.&nbsp; &nbsp; &nbsp;&nbsp;<\/p>\n<p>A UFSM foi representada pela Arquivista Neiva Pavezi (DAG) e o Analista de TI Marcos B. de Sousa (CPD), membros da Comiss\u00e3o Gedai da UFSM. A participa\u00e7\u00e3o dos servidores teve por objetivo intercambiar inquietudes, experi\u00eancias e conhecimentos relacionados com a problem\u00e1tica arquiv\u00edstica, al\u00e9m de participar de cursos e palestras com pesquisadores e profissionais internacionais, possibilitando o crescimento profissional e aprimoramento dos procedimentos arquiv\u00edsticos que est\u00e3o sendo aplicados na UFSM, no \u00e2mbito do Projeto Gedai.<\/p>\n<p>Na abertura do Congresso, destacou-se a conferencia da Dra. Silvia Schenkolewski sobre \u201cArchivos y archiveros en la sociedad contempor\u00e1nea \u2013 Realidades y desaf\u00edos\u201d.<\/p>\n<p>&nbsp;<\/p>\n<p><img fetchpriority=\"high\" decoding=\"async\" class=\" size-full wp-image-3147\" style=\"display: block; margin-left: auto; margin-right: auto;\" src=\"https:\/\/www.ufsm.br\/orgaos-suplementares\/dag\/wp-content\/uploads\/sites\/400\/2017\/11\/WhatsApp-Image-2017-10-05-at-15.35.58.jpeg\" alt=\"WhatsApp Image 2017-10-05 at 15.35.58\" width=\"524\" height=\"295\" srcset=\"https:\/\/www.ufsm.br\/app\/uploads\/sites\/400\/2017\/11\/WhatsApp-Image-2017-10-05-at-15.35.58.jpeg 1022w, https:\/\/www.ufsm.br\/app\/uploads\/sites\/400\/2017\/11\/WhatsApp-Image-2017-10-05-at-15.35.58-300x169.jpeg 300w, https:\/\/www.ufsm.br\/app\/uploads\/sites\/400\/2017\/11\/WhatsApp-Image-2017-10-05-at-15.35.58-768x433.jpeg 768w\" sizes=\"(max-width: 524px) 100vw, 524px\" \/><\/p>\n<p>&nbsp;<\/p>\n<p>Nos cursos, workshops, relatos de experi\u00eancia, palestras e apresenta\u00e7\u00f5es de trabalhos, evidenciou-se a fun\u00e7\u00e3o dos arquivos como fonte de informa\u00e7\u00e3o e mem\u00f3ria dos povos para resgatar sua identidade, bem como a import\u00e2ncia dos arquivos para a governan\u00e7a, a seguran\u00e7a jur\u00eddica, a transpar\u00eancia administrativa e a responsabilidade democr\u00e1tica; e a necessidade de interven\u00e7\u00e3o do arquivista em todas as etapas da gest\u00e3o documental dentro de uma organiza\u00e7\u00e3o a fim de incentivar o acesso irrestrito \u00e0 informa\u00e7\u00e3o p\u00fablica segundo as normas de transpar\u00eancia, de tudo aquilo que n\u00e3o estiver sob regime da reserva.<\/p>\n<p>Consulte os Anais do evento em <a href=\"http:\/\/redarchiveroscordoba.com\/editorial\/\">&nbsp;<\/a><a href=\"http:\/\/redarchiveroscordoba.com\/editorial\/\">http:\/\/redarchiveroscordoba.com\/editorial\/<\/a><a href=\"http:\/\/redarchiveroscordoba.com\/editorial\/\">&nbsp;<\/a><\/p>\n<p>&nbsp;<\/p>\n<p>&nbsp;<\/p>\n","protected":false},"excerpt":{"rendered":"<p>A Associa\u00e7\u00e3o Rede de Arquivistas Graduados de C\u00f3rdoba e o Arquivo Geral e Hist\u00f3rico da Universidade Nacional de C\u00f3rdoba, organizaram a d\u00e9cima segunda edi\u00e7\u00e3o do CAM sob o tema \u201cArquivos e arquivistas na sociedade do conhecimento\u201d. O evento realizou-se na Cidade de C\u00f3rdoba, de 26 a 29 de setembro de 2017. O Congresso de Arquivologia [&hellip;]<\/p>\n","protected":false},"author":25,"featured_media":3147,"comment_status":"closed","ping_status":"closed","sticky":false,"template":"","format":"standard","meta":{"footnotes":""},"categories":[283],"tags":[],"class_list":["post-3148","post","type-post","status-publish","format-standard","has-post-thumbnail","hentry","category-gedai-apresentacoes"],"acf":[],"_links":{"self":[{"href":"https:\/\/www.ufsm.br\/orgaos-suplementares\/dag\/wp-json\/wp\/v2\/posts\/3148","targetHints":{"allow":["GET"]}}],"collection":[{"href":"https:\/\/www.ufsm.br\/orgaos-suplementares\/dag\/wp-json\/wp\/v2\/posts"}],"about":[{"href":"https:\/\/www.ufsm.br\/orgaos-suplementares\/dag\/wp-json\/wp\/v2\/types\/post"}],"author":[{"embeddable":true,"href":"https:\/\/www.ufsm.br\/orgaos-suplementares\/dag\/wp-json\/wp\/v2\/users\/25"}],"replies":[{"embeddable":true,"href":"https:\/\/www.ufsm.br\/orgaos-suplementares\/dag\/wp-json\/wp\/v2\/comments?post=3148"}],"version-history":[{"count":0,"href":"https:\/\/www.ufsm.br\/orgaos-suplementares\/dag\/wp-json\/wp\/v2\/posts\/3148\/revisions"}],"wp:featuredmedia":[{"embeddable":true,"href":"https:\/\/www.ufsm.br\/orgaos-suplementares\/dag\/wp-json\/wp\/v2\/media\/3147"}],"wp:attachment":[{"href":"https:\/\/www.ufsm.br\/orgaos-suplementares\/dag\/wp-json\/wp\/v2\/media?parent=3148"}],"wp:term":[{"taxonomy":"category","embeddable":true,"href":"https:\/\/www.ufsm.br\/orgaos-suplementares\/dag\/wp-json\/wp\/v2\/categories?post=3148"},{"taxonomy":"post_tag","embeddable":true,"href":"https:\/\/www.ufsm.br\/orgaos-suplementares\/dag\/wp-json\/wp\/v2\/tags?post=3148"}],"curies":[{"name":"wp","href":"https:\/\/api.w.org\/{rel}","templated":true}]}}