{"id":3195,"date":"2020-03-17T13:00:00","date_gmt":"2020-03-17T16:00:00","guid":{"rendered":"https:\/\/www.ufsm.br\/orgaos-suplementares\/dag\/?p=3195"},"modified":"2023-05-30T09:28:23","modified_gmt":"2023-05-30T12:28:23","slug":"projeto-retalhos-da-memoria-de-santa-maria-artigo-224-departamento-de-educacao-e-cultura-em-1967","status":"publish","type":"post","link":"https:\/\/www.ufsm.br\/orgaos-suplementares\/dag\/2020\/03\/17\/projeto-retalhos-da-memoria-de-santa-maria-artigo-224-departamento-de-educacao-e-cultura-em-1967","title":{"rendered":"Projeto Retalhos da Mem\u00f3ria de Santa Maria \u2013 artigo 224 Departamento de Educa\u00e7\u00e3o e Cultura em 1967"},"content":{"rendered":"\t\t<div data-elementor-type=\"wp-post\" data-elementor-id=\"3195\" class=\"elementor elementor-3195\">\n\t\t\t\t\t\t<section class=\"elementor-section elementor-top-section elementor-element elementor-element-5a59db04 elementor-section-boxed elementor-section-height-default elementor-section-height-default\" data-id=\"5a59db04\" data-element_type=\"section\">\n\t\t\t\t\t\t<div class=\"elementor-container elementor-column-gap-default\">\n\t\t\t\t\t<div class=\"elementor-column elementor-col-100 elementor-top-column elementor-element elementor-element-49b27702\" data-id=\"49b27702\" data-element_type=\"column\">\n\t\t\t<div class=\"elementor-widget-wrap elementor-element-populated\">\n\t\t\t\t\t\t<div class=\"elementor-element elementor-element-32ea90e8 elementor-widget elementor-widget-text-editor\" data-id=\"32ea90e8\" data-element_type=\"widget\" data-widget_type=\"text-editor.default\">\n\t\t\t\t<div class=\"elementor-widget-container\">\n\t\t\t\t\t\t\t<p><!-- wp:image {\"align\":\"center\",\"id\":3184,\"sizeSlug\":\"large\"} --><\/p>\n<div>\n<figure><img decoding=\"async\" src=\"https:\/\/www.ufsm.br\/orgaos-suplementares\/dag\/wp-content\/uploads\/sites\/400\/2020\/03\/UFSM-Projeto-Retalhos-Artigo-224-UFSM.1967.005.001-1015x1024.jpg\" alt=\"\"><\/figure>\n<\/div>\n<p><!-- \/wp:image --><!-- wp:tadv\/classic-paragraph --><\/p>\n<p>Em 1962, o advogado Ot\u00e1vio Duval Meyer de Barros foi designado pelo Reitor da Universidade Federal de Santa Maria (UFSM) para organizar e dirigir o Departamento de Educa\u00e7\u00e3o e Cultura (DEC). Dois anos ap\u00f3s, o DEC passou a ser dirigido pelo prof. Oscar Mombach (Irm\u00e3o Gel\u00e1sio), o qual dedicou-se com afinco no trato dos m\u00faltiplos assuntos do \u00f3rg\u00e3o. As atividades estavam relacionadas principalmente com a pol\u00edtica estudantil e assist\u00eancia aos alunos carentes, compreendendo tamb\u00e9m as duas Casas do Estudante. Al\u00e9m disso, a fiscaliza\u00e7\u00e3o do Restaurante Universit\u00e1rio, antes realizado pelo Departamento de Administra\u00e7\u00e3o Central (DAC), e a concess\u00e3o de bolsas alimenta\u00e7\u00e3o. Houve inclusive uma comiss\u00e3o especial para an\u00e1lise minuciosa de hist\u00f3ricos escolares quando a universidade recebeu do MEC a delega\u00e7\u00e3o para registro dos diplomas universit\u00e1rios da institui\u00e7\u00e3o e de faculdades particulares, anterior a cria\u00e7\u00e3o do Departamento de Registro e Controle Acad\u00eamico (DERCA).<\/p>\n<p>Fot\u00f3grafo:&nbsp;<span style=\"font-family: Arial, sans-serif;font-size: 12pt;font-weight: var( --e-global-typography-text-font-weight );text-align: var(--bs-body-text-align)\">Rubens Gad\u00eaa<\/span><span style=\"font-size: 1rem;font-weight: var( --e-global-typography-text-font-weight );text-align: var(--bs-body-text-align)\">. Arquivo Fotogr\u00e1fico UFSM<\/span><span style=\", sans-serif;font-size: 12pt;font-weight: var( --e-global-typography-text-font-weight );text-align: var(--bs-body-text-align)\">.1967.005.001.<\/span><\/p>\n<p><strong>Texto:<\/strong> Miguel Damasceno, acad\u00eamico do 7\u00b0semestre do Curso de Letras\/Portugu\u00eas &#8211; Licenciatura da UFSM.<\/p>\n<p align=\"justify\"><span style=\"font-family: Trebuchet MS, sans-serif\"><span style=\"font-size: medium\"><b>Audiodescri\u00e7\u00e3o da imagem:<\/b><\/span> <\/span><\/p>\n<p align=\"justify\"><span style=\"font-family: Trebuchet MS, sans-serif\"><span style=\"font-size: medium\"><span style=\"color: #222222\">Fotografia vertical em preto e branco de um homem sentado atr\u00e1s de uma escrivaninha, em uma sala. <\/span>Ao centro da imagem, o homem de frente para n\u00f3s, enquadrado do t\u00f3rax para cima. Tem aproximadamente cinquenta anos, \u00e9 magro, tem pele clara, cabelo liso, curto e escuro. Est\u00e1 de blazer, gravata de tons escuros e de camisa de tom claro. Usa um rel\u00f3gio escuro no pulso esquerdo. Est\u00e1 com a cabe\u00e7a abaixada, a express\u00e3o s\u00e9ria e escreve com uma caneta em uma folha de papel sobre a escrivaninha. A escrivaninha \u00e9 retangular, de madeira escura. Sobre ela, um bloco de anota\u00e7\u00f5es com uma caneta, uma campainha de mesa, um envelope carimbado e com contorno escuro, um livro de capa clara e pilhas de folhas de papel. Ao fundo, uma janela fechada, de estrutura de metal, com quatro vidros na vertical. Atrav\u00e9s dos vidros, o c\u00e9u claro. Abaixo da janela, uma parede clara.<\/span><\/span><\/p>\n<p align=\"right\"><span style=\"font-family: Trebuchet MS, sans-serif\"><span style=\"font-size: medium\">Audiodescritora Roteirista: <\/span><span style=\"color: #000000\"><span style=\"font-size: medium\"><span lang=\"pt-BR\">Maila Moreira Corr\u00eaa<\/span><\/span><\/span><\/span><\/p>\n<p align=\"right\"><span style=\"font-family: Trebuchet MS, sans-serif\"><span style=\"font-size: medium\">Audiodescritora Consultora: <\/span><\/span><span style=\"color: #000000\"><span style=\"font-family: Trebuchet MS, sans-serif\"><span style=\"font-size: medium\"><span lang=\"pt-BR\">Fernanda Taschetto<\/span><\/span><\/span><\/span><\/p>\n<p><!-- \/wp:tadv\/classic-paragraph --><\/p>\t\t\t\t\t\t<\/div>\n\t\t\t\t<\/div>\n\t\t\t\t\t<\/div>\n\t\t<\/div>\n\t\t\t\t\t<\/div>\n\t\t<\/section>\n\t\t\t\t<\/div>\n\t\t","protected":false},"excerpt":{"rendered":"<p>Em 1962, o advogado Ot\u00e1vio Duval Meyer de Barros foi designado pelo Reitor da Universidade Federal de Santa Maria (UFSM) para organizar e dirigir o Departamento de Educa\u00e7\u00e3o e Cultura (DEC). Dois anos ap\u00f3s, o DEC passou a ser dirigido pelo prof. Oscar Mombach (Irm\u00e3o Gel\u00e1sio), o qual dedicou-se com afinco no trato dos m\u00faltiplos [&hellip;]<\/p>\n","protected":false},"author":1796,"featured_media":3194,"comment_status":"closed","ping_status":"closed","sticky":false,"template":"","format":"standard","meta":{"footnotes":""},"categories":[271],"tags":[290,291,294],"class_list":["post-3195","post","type-post","status-publish","format-standard","has-post-thumbnail","hentry","category-projeto-retalhos-de-memoria-de-santa-maria-9","tag-fotografia","tag-pesquisa","tag-projeto-retalhos"],"acf":[],"_links":{"self":[{"href":"https:\/\/www.ufsm.br\/orgaos-suplementares\/dag\/wp-json\/wp\/v2\/posts\/3195","targetHints":{"allow":["GET"]}}],"collection":[{"href":"https:\/\/www.ufsm.br\/orgaos-suplementares\/dag\/wp-json\/wp\/v2\/posts"}],"about":[{"href":"https:\/\/www.ufsm.br\/orgaos-suplementares\/dag\/wp-json\/wp\/v2\/types\/post"}],"author":[{"embeddable":true,"href":"https:\/\/www.ufsm.br\/orgaos-suplementares\/dag\/wp-json\/wp\/v2\/users\/1796"}],"replies":[{"embeddable":true,"href":"https:\/\/www.ufsm.br\/orgaos-suplementares\/dag\/wp-json\/wp\/v2\/comments?post=3195"}],"version-history":[{"count":0,"href":"https:\/\/www.ufsm.br\/orgaos-suplementares\/dag\/wp-json\/wp\/v2\/posts\/3195\/revisions"}],"wp:featuredmedia":[{"embeddable":true,"href":"https:\/\/www.ufsm.br\/orgaos-suplementares\/dag\/wp-json\/wp\/v2\/media\/3194"}],"wp:attachment":[{"href":"https:\/\/www.ufsm.br\/orgaos-suplementares\/dag\/wp-json\/wp\/v2\/media?parent=3195"}],"wp:term":[{"taxonomy":"category","embeddable":true,"href":"https:\/\/www.ufsm.br\/orgaos-suplementares\/dag\/wp-json\/wp\/v2\/categories?post=3195"},{"taxonomy":"post_tag","embeddable":true,"href":"https:\/\/www.ufsm.br\/orgaos-suplementares\/dag\/wp-json\/wp\/v2\/tags?post=3195"}],"curies":[{"name":"wp","href":"https:\/\/api.w.org\/{rel}","templated":true}]}}