{"id":3632,"date":"2021-03-09T14:00:00","date_gmt":"2021-03-09T17:00:00","guid":{"rendered":"https:\/\/www.ufsm.br\/orgaos-suplementares\/dag\/?p=3632"},"modified":"2023-05-30T08:13:13","modified_gmt":"2023-05-30T11:13:13","slug":"projeto-retalhos-da-memoria-de-santa-maria-artigo-266-joao-belem-em-1975","status":"publish","type":"post","link":"https:\/\/www.ufsm.br\/orgaos-suplementares\/dag\/2021\/03\/09\/projeto-retalhos-da-memoria-de-santa-maria-artigo-266-joao-belem-em-1975","title":{"rendered":"Projeto Retalhos da Mem\u00f3ria de Santa Maria \u2013 artigo 266 Jo\u00e3o Bel\u00e9m em 1975"},"content":{"rendered":"<div class=\"wp-block-image\">\n<figure class=\"aligncenter size-large\"><img fetchpriority=\"high\" decoding=\"async\" width=\"1024\" height=\"625\" src=\"https:\/\/www.ufsm.br\/app\/uploads\/sites\/400\/2021\/03\/UFSM-Projeto-Retalhos-Artigo-266-1975.159.006-1024x625.jpg\" alt=\"\" class=\"wp-image-3631\" srcset=\"https:\/\/www.ufsm.br\/app\/uploads\/sites\/400\/2021\/03\/UFSM-Projeto-Retalhos-Artigo-266-1975.159.006-1024x625.jpg 1024w, https:\/\/www.ufsm.br\/app\/uploads\/sites\/400\/2021\/03\/UFSM-Projeto-Retalhos-Artigo-266-1975.159.006-300x183.jpg 300w, https:\/\/www.ufsm.br\/app\/uploads\/sites\/400\/2021\/03\/UFSM-Projeto-Retalhos-Artigo-266-1975.159.006-768x469.jpg 768w, https:\/\/www.ufsm.br\/app\/uploads\/sites\/400\/2021\/03\/UFSM-Projeto-Retalhos-Artigo-266-1975.159.006-1536x938.jpg 1536w, https:\/\/www.ufsm.br\/app\/uploads\/sites\/400\/2021\/03\/UFSM-Projeto-Retalhos-Artigo-266-1975.159.006.jpg 1920w\" sizes=\"(max-width: 1024px) 100vw, 1024px\" \/><\/figure>\n<\/div>\n\n\n<p>O Grupo Escolar Jo\u00e3o Bel\u00e9m, estabelecimento de ensino de 1\u00ba grau, foi assim denominado, homenageando importante pessoa. Nascido em 1874, na cidade de Porto Alegre, Jo\u00e3o Bel\u00e9m chegou a Santa Maria no ano de 1899 como escritur\u00e1rio do Escrit\u00f3rio de Contabilidade da Estrada de Ferro, Porto Alegre-Uruguaiana, que na \u00e9poca era administrada pelos Belgas. Bel\u00e9m desempenhou as mais variadas atividades: escritur\u00e1rio, professor, poeta, dramaturgo, jornalista, delegado de pol\u00edcia, aposentando-se como secret\u00e1rio do munic\u00edpio na gest\u00e3o de Manoel Ribas. Sua carreira como professor foi not\u00f3ria, principalmente no Col\u00e9gio Centen\u00e1rio, onde promoveu um ciclo de palestras sobre as \u201cCausas da Revolu\u00e7\u00e3o Farroupilha\u201d. Em 1922 publicou a obra \u201cCulto \u00e0 P\u00e1tria\u201d que foi adotada como obrigat\u00f3ria nas escolas municipais de Santa Maria. Em 1935, ano de sua morte, a pe\u00e7a teatral \u201cCora\u00e7\u00f5es Ga\u00fachos\u201d de sua autoria conquistou primeiro lugar no concurso promovido pela Empresa Teatral do Teatro S\u00e3o Pedro de Porto Alegre.<\/p>\n<p>Fot\u00f3grafo n\u00e3o identificado. Arquivo Fotogr\u00e1fico UFSM.1975.159.008.<\/p>\n<p><strong>Texto:<\/strong> Miguel Damasceno, acad\u00eamico do 3\u00b0semestre do Curso de Letras \u2013 Lic. \u2013 Hab. Portugu\u00eas e Literatura L\u00edngua Portuguesa da UFSM.<\/p>\n","protected":false},"excerpt":{"rendered":"<p>O Grupo Escolar Jo\u00e3o Bel\u00e9m, estabelecimento de ensino de 1\u00ba grau, foi assim denominado, homenageando importante pessoa. Nascido em 1874, na cidade de Porto Alegre, Jo\u00e3o Bel\u00e9m chegou a Santa Maria no ano de 1899 como escritur\u00e1rio do Escrit\u00f3rio de Contabilidade da Estrada de Ferro, Porto Alegre-Uruguaiana, que na \u00e9poca era administrada pelos Belgas. Bel\u00e9m [&hellip;]<\/p>\n","protected":false},"author":1796,"featured_media":3633,"comment_status":"closed","ping_status":"closed","sticky":false,"template":"","format":"standard","meta":{"footnotes":""},"categories":[298],"tags":[290,291,294],"class_list":["post-3632","post","type-post","status-publish","format-standard","has-post-thumbnail","hentry","category-projeto-retalhos-de-memoria-de-santa-maria-11","tag-fotografia","tag-pesquisa","tag-projeto-retalhos"],"acf":[],"_links":{"self":[{"href":"https:\/\/www.ufsm.br\/orgaos-suplementares\/dag\/wp-json\/wp\/v2\/posts\/3632","targetHints":{"allow":["GET"]}}],"collection":[{"href":"https:\/\/www.ufsm.br\/orgaos-suplementares\/dag\/wp-json\/wp\/v2\/posts"}],"about":[{"href":"https:\/\/www.ufsm.br\/orgaos-suplementares\/dag\/wp-json\/wp\/v2\/types\/post"}],"author":[{"embeddable":true,"href":"https:\/\/www.ufsm.br\/orgaos-suplementares\/dag\/wp-json\/wp\/v2\/users\/1796"}],"replies":[{"embeddable":true,"href":"https:\/\/www.ufsm.br\/orgaos-suplementares\/dag\/wp-json\/wp\/v2\/comments?post=3632"}],"version-history":[{"count":0,"href":"https:\/\/www.ufsm.br\/orgaos-suplementares\/dag\/wp-json\/wp\/v2\/posts\/3632\/revisions"}],"wp:featuredmedia":[{"embeddable":true,"href":"https:\/\/www.ufsm.br\/orgaos-suplementares\/dag\/wp-json\/wp\/v2\/media\/3633"}],"wp:attachment":[{"href":"https:\/\/www.ufsm.br\/orgaos-suplementares\/dag\/wp-json\/wp\/v2\/media?parent=3632"}],"wp:term":[{"taxonomy":"category","embeddable":true,"href":"https:\/\/www.ufsm.br\/orgaos-suplementares\/dag\/wp-json\/wp\/v2\/categories?post=3632"},{"taxonomy":"post_tag","embeddable":true,"href":"https:\/\/www.ufsm.br\/orgaos-suplementares\/dag\/wp-json\/wp\/v2\/tags?post=3632"}],"curies":[{"name":"wp","href":"https:\/\/api.w.org\/{rel}","templated":true}]}}