{"id":3696,"date":"2021-07-12T17:39:08","date_gmt":"2021-07-12T20:39:08","guid":{"rendered":"https:\/\/www.ufsm.br\/orgaos-suplementares\/dag\/?p=3696"},"modified":"2021-09-02T10:46:01","modified_gmt":"2021-09-02T13:46:01","slug":"dag-participa-da-disciplina-usuarios-de-arquivos-do-curso-de-arquivologia-da-ufsm","status":"publish","type":"post","link":"https:\/\/www.ufsm.br\/orgaos-suplementares\/dag\/2021\/07\/12\/dag-participa-da-disciplina-usuarios-de-arquivos-do-curso-de-arquivologia-da-ufsm","title":{"rendered":"DAG Participa da Disciplina Usu\u00e1rios de Arquivos do Curso de Arquivologia da UFSM"},"content":{"rendered":"\t\t<div data-elementor-type=\"wp-post\" data-elementor-id=\"3696\" class=\"elementor elementor-3696\">\n\t\t\t\t\t\t<section class=\"elementor-section elementor-top-section elementor-element elementor-element-2819246e elementor-section-boxed elementor-section-height-default elementor-section-height-default\" data-id=\"2819246e\" data-element_type=\"section\">\n\t\t\t\t\t\t<div class=\"elementor-container elementor-column-gap-default\">\n\t\t\t\t\t<div class=\"elementor-column elementor-col-100 elementor-top-column elementor-element elementor-element-49c6cc99\" data-id=\"49c6cc99\" data-element_type=\"column\">\n\t\t\t<div class=\"elementor-widget-wrap elementor-element-populated\">\n\t\t\t\t\t\t<div class=\"elementor-element elementor-element-76ff003d elementor-widget elementor-widget-text-editor\" data-id=\"76ff003d\" data-element_type=\"widget\" data-widget_type=\"text-editor.default\">\n\t\t\t\t<div class=\"elementor-widget-container\">\n\t\t\t\t\t\t\t<!-- wp:tadv\/classic-paragraph -->\n<p>A disciplina Usu\u00e1rios de Arquivos, do Curso de Arquivologia da Universidade Federal de Santa Maria, ministrada neste primeiro semestre de 2021 pelo professor Rafael Chaves Ferreira, integra uma modalidade de encontros em sala de aula com profissionais que estejam \u00e0 frente de atividades ou estudos sobre usu\u00e1rios da informa\u00e7\u00e3o, acesso e acessibilidade.<\/p>\n<p>A Arquivista Cristina Strohschoen dos Santos da Divis\u00e3o de Arquivo Permanente do Departamento de Arquivo Geral foi convidada a participar do encontro na manh\u00e3 de nove de julho com uma fala sobre a\u00e7\u00f5es de acesso, difus\u00e3o e acessibilidade no arquivo fotogr\u00e1fico da UFSM.<\/p>\n<p>Al\u00e9m dela, participou do encontro Alejandro de Campos Pinheiro, Arquivista e Bibliotec\u00e1rio, coordenador de bibliotecas setoriais da Universidade Federal de Vi\u00e7osa (UFV), cuja disserta\u00e7\u00e3o de mestrado se intitula \u201c<a href=\"https:\/\/repositorio.ufmg.br\/bitstream\/1843\/35700\/1\/DISSERTA%C3%87%C3%83O%20-%20ALEJANDRO%20-%2022.03.2021.pdf\" target=\"_blank\" rel=\"noopener\">Os Recursos de Tecnologia Assistiva nas Bibliotecas Universit\u00e1rias Federais Brasileiras: uma Abordagem para as Pessoas com Defici\u00eancias Visuais<\/a>\u201d.<\/p>\n<p><span style=\"color: #808080\">Fotografias\/prints: Cristina Strohschoen dos Santos<\/span><\/p>\n<p><div id='gallery-1' class='gallery galleryid-3696 gallery-columns-1 gallery-size-large'><figure class='gallery-item'>\n\t\t\t<div class='gallery-icon landscape'>\n\t\t\t\t<a href='https:\/\/www.ufsm.br\/orgaos-suplementares\/dag\/2021-07-09-aula-usuarios-de-arquivo-3'><img fetchpriority=\"high\" decoding=\"async\" width=\"1024\" height=\"514\" src=\"https:\/\/www.ufsm.br\/app\/uploads\/sites\/400\/2021\/07\/2021-07-09-aula-usuarios-de-arquivo-3-1024x514.jpg\" class=\"attachment-large size-large\" alt=\"\" srcset=\"https:\/\/www.ufsm.br\/app\/uploads\/sites\/400\/2021\/07\/2021-07-09-aula-usuarios-de-arquivo-3-1024x514.jpg 1024w, https:\/\/www.ufsm.br\/app\/uploads\/sites\/400\/2021\/07\/2021-07-09-aula-usuarios-de-arquivo-3-300x151.jpg 300w, https:\/\/www.ufsm.br\/app\/uploads\/sites\/400\/2021\/07\/2021-07-09-aula-usuarios-de-arquivo-3-768x386.jpg 768w, https:\/\/www.ufsm.br\/app\/uploads\/sites\/400\/2021\/07\/2021-07-09-aula-usuarios-de-arquivo-3.jpg 1277w\" sizes=\"(max-width: 1024px) 100vw, 1024px\" \/><\/a>\n\t\t\t<\/div><\/figure><figure class='gallery-item'>\n\t\t\t<div class='gallery-icon landscape'>\n\t\t\t\t<a href='https:\/\/www.ufsm.br\/orgaos-suplementares\/dag\/2021-07-09-aula-usuarios-de-arquivo-1'><img decoding=\"async\" width=\"1024\" height=\"524\" src=\"https:\/\/www.ufsm.br\/app\/uploads\/sites\/400\/2021\/07\/2021-07-09-aula-usuarios-de-arquivo-1-1024x524.jpg\" class=\"attachment-large size-large\" alt=\"\" srcset=\"https:\/\/www.ufsm.br\/app\/uploads\/sites\/400\/2021\/07\/2021-07-09-aula-usuarios-de-arquivo-1-1024x524.jpg 1024w, https:\/\/www.ufsm.br\/app\/uploads\/sites\/400\/2021\/07\/2021-07-09-aula-usuarios-de-arquivo-1-300x154.jpg 300w, https:\/\/www.ufsm.br\/app\/uploads\/sites\/400\/2021\/07\/2021-07-09-aula-usuarios-de-arquivo-1-768x393.jpg 768w, https:\/\/www.ufsm.br\/app\/uploads\/sites\/400\/2021\/07\/2021-07-09-aula-usuarios-de-arquivo-1.jpg 1279w\" sizes=\"(max-width: 1024px) 100vw, 1024px\" \/><\/a>\n\t\t\t<\/div><\/figure><figure class='gallery-item'>\n\t\t\t<div class='gallery-icon landscape'>\n\t\t\t\t<a href='https:\/\/www.ufsm.br\/orgaos-suplementares\/dag\/2021-07-09-aula-usuarios-de-arquivo-2'><img decoding=\"async\" width=\"1024\" height=\"529\" src=\"https:\/\/www.ufsm.br\/app\/uploads\/sites\/400\/2021\/07\/2021-07-09-aula-usuarios-de-arquivo-2-1024x529.jpg\" class=\"attachment-large size-large\" alt=\"\" srcset=\"https:\/\/www.ufsm.br\/app\/uploads\/sites\/400\/2021\/07\/2021-07-09-aula-usuarios-de-arquivo-2-1024x529.jpg 1024w, https:\/\/www.ufsm.br\/app\/uploads\/sites\/400\/2021\/07\/2021-07-09-aula-usuarios-de-arquivo-2-300x155.jpg 300w, https:\/\/www.ufsm.br\/app\/uploads\/sites\/400\/2021\/07\/2021-07-09-aula-usuarios-de-arquivo-2-768x397.jpg 768w, https:\/\/www.ufsm.br\/app\/uploads\/sites\/400\/2021\/07\/2021-07-09-aula-usuarios-de-arquivo-2.jpg 1275w\" sizes=\"(max-width: 1024px) 100vw, 1024px\" \/><\/a>\n\t\t\t<\/div><\/figure>\n\t\t<\/div>\n<\/p>\n<!-- \/wp:tadv\/classic-paragraph -->\t\t\t\t\t\t<\/div>\n\t\t\t\t<\/div>\n\t\t\t\t\t<\/div>\n\t\t<\/div>\n\t\t\t\t\t<\/div>\n\t\t<\/section>\n\t\t\t\t<\/div>\n\t\t","protected":false},"excerpt":{"rendered":"<p>A disciplina Usu\u00e1rios de Arquivos, do Curso de Arquivologia da Universidade Federal de Santa Maria, ministrada neste primeiro semestre de 2021 pelo professor Rafael Chaves Ferreira, integra uma modalidade de encontros em sala de aula com profissionais que estejam \u00e0 frente de atividades ou estudos sobre usu\u00e1rios da informa\u00e7\u00e3o, acesso e acessibilidade. A Arquivista Cristina [&hellip;]<\/p>\n","protected":false},"author":443,"featured_media":0,"comment_status":"closed","ping_status":"closed","sticky":false,"template":"","format":"standard","meta":{"footnotes":""},"categories":[1],"tags":[305,290],"class_list":["post-3696","post","type-post","status-publish","format-standard","hentry","category-sem-categoria","tag-acessibilidade","tag-fotografia"],"acf":[],"_links":{"self":[{"href":"https:\/\/www.ufsm.br\/orgaos-suplementares\/dag\/wp-json\/wp\/v2\/posts\/3696","targetHints":{"allow":["GET"]}}],"collection":[{"href":"https:\/\/www.ufsm.br\/orgaos-suplementares\/dag\/wp-json\/wp\/v2\/posts"}],"about":[{"href":"https:\/\/www.ufsm.br\/orgaos-suplementares\/dag\/wp-json\/wp\/v2\/types\/post"}],"author":[{"embeddable":true,"href":"https:\/\/www.ufsm.br\/orgaos-suplementares\/dag\/wp-json\/wp\/v2\/users\/443"}],"replies":[{"embeddable":true,"href":"https:\/\/www.ufsm.br\/orgaos-suplementares\/dag\/wp-json\/wp\/v2\/comments?post=3696"}],"version-history":[{"count":0,"href":"https:\/\/www.ufsm.br\/orgaos-suplementares\/dag\/wp-json\/wp\/v2\/posts\/3696\/revisions"}],"wp:attachment":[{"href":"https:\/\/www.ufsm.br\/orgaos-suplementares\/dag\/wp-json\/wp\/v2\/media?parent=3696"}],"wp:term":[{"taxonomy":"category","embeddable":true,"href":"https:\/\/www.ufsm.br\/orgaos-suplementares\/dag\/wp-json\/wp\/v2\/categories?post=3696"},{"taxonomy":"post_tag","embeddable":true,"href":"https:\/\/www.ufsm.br\/orgaos-suplementares\/dag\/wp-json\/wp\/v2\/tags?post=3696"}],"curies":[{"name":"wp","href":"https:\/\/api.w.org\/{rel}","templated":true}]}}