{"id":3762,"date":"2021-12-30T14:04:11","date_gmt":"2021-12-30T17:04:11","guid":{"rendered":"https:\/\/www.ufsm.br\/orgaos-suplementares\/dag\/?p=3762"},"modified":"2021-12-30T14:24:21","modified_gmt":"2021-12-30T17:24:21","slug":"lancamento-de-catalogos-de-murais-e-esculturas-da-ufsm","status":"publish","type":"post","link":"https:\/\/www.ufsm.br\/orgaos-suplementares\/dag\/2021\/12\/30\/lancamento-de-catalogos-de-murais-e-esculturas-da-ufsm","title":{"rendered":"Lan\u00e7amento de Cat\u00e1logos de Murais e Esculturas da UFSM"},"content":{"rendered":"\t\t<div data-elementor-type=\"wp-post\" data-elementor-id=\"3762\" class=\"elementor elementor-3762\">\n\t\t\t\t\t\t<section class=\"elementor-section elementor-top-section elementor-element elementor-element-34570a95 elementor-section-boxed elementor-section-height-default elementor-section-height-default\" data-id=\"34570a95\" data-element_type=\"section\">\n\t\t\t\t\t\t<div class=\"elementor-container elementor-column-gap-default\">\n\t\t\t\t\t<div class=\"elementor-column elementor-col-100 elementor-top-column elementor-element elementor-element-71ae9f73\" data-id=\"71ae9f73\" data-element_type=\"column\">\n\t\t\t<div class=\"elementor-widget-wrap elementor-element-populated\">\n\t\t\t\t\t\t<div class=\"elementor-element elementor-element-630bcf60 elementor-widget elementor-widget-text-editor\" data-id=\"630bcf60\" data-element_type=\"widget\" data-widget_type=\"text-editor.default\">\n\t\t\t\t<div class=\"elementor-widget-container\">\n\t\t\t\t\t\t\t<!-- wp:tadv\/classic-paragraph -->\n<p class=\"western\" align=\"justify\"><span style=\"font-family: Trebuchet MS, sans-serif\"><span style=\"font-size: medium\"><span style=\"color: #030303\">Em 09 de dezembro foi realizada, <\/span><span style=\"color: #030303\">no acervo art\u00edstico da UFSM, <\/span><span style=\"color: #030303\">a solenidade de lan\u00e7amento do<\/span><span style=\"color: #030303\"> \u201cCat\u00e1logo Murais <\/span><span style=\"color: #030303\">da UFSM: 1971-2021\u201d<\/span><span style=\"color: #030303\">, organizado p<\/span><span style=\"color: #030303\">ela arquivista <\/span><span style=\"color: #030303\">Cristina Strohschoen dos Santos, e d<\/span><span style=\"color: #030303\">o \u201cCat\u00e1logo d<\/span><span style=\"color: #030303\">e Esculturas <\/span><span style=\"color: #030303\">da UFSM: Campus de Santa Maria\u201d<\/span><span style=\"color: #030303\">, organizado p<\/span><span style=\"color: #030303\">ela arquivista <\/span><span style=\"color: #030303\">Fl\u00e1via Simone Botega Jappe e <\/span><span style=\"color: #030303\">pelo professor <\/span><span style=\"color: #030303\">Jos\u00e9 Francisco Goulart. <\/span><\/span><\/span><\/p>\n<p class=\"western\" align=\"justify\"><span style=\"color: #030303\"><span style=\"font-family: Trebuchet MS, sans-serif\"><span style=\"font-size: medium\"><span lang=\"pt-BR\">Participaram da cerim\u00f4nia o<\/span><\/span><\/span><\/span> <span style=\"color: #030303\"><span style=\"font-family: Trebuchet MS, sans-serif\"><span style=\"font-size: medium\">professor Flavi Ferreira Lisboa Filho, Pr\u00f3-Reitor de Extens\u00e3o <\/span><\/span><\/span><span style=\"color: #030303\"><span style=\"font-family: Trebuchet MS, sans-serif\"><span style=\"font-size: medium\">e <\/span><\/span><\/span><span style=\"color: #030303\"><span style=\"font-family: Trebuchet MS, sans-serif\"><span style=\"font-size: medium\">Vera Lucia Portinho Vianna, professora e coordenadora de Cultura e Arte. <\/span><\/span><\/span><\/p>\n<p class=\"western\" align=\"justify\"><span style=\"font-family: Trebuchet MS, sans-serif\"><span style=\"font-size: medium\"><span style=\"color: #030303\"><span lang=\"pt-BR\">O objetivo da<\/span><\/span><span style=\"color: #030303\"><span lang=\"pt-BR\">s<\/span><\/span><span style=\"color: #030303\"><span lang=\"pt-BR\"> publica\u00e7<\/span><\/span><span style=\"color: #030303\"><span lang=\"pt-BR\">\u00f5es<\/span><\/span> <span style=\"color: #030303\"><span lang=\"pt-BR\">\u00e9<\/span><\/span><span style=\"color: #030303\"> trazer ao conhecimento do p\u00fablico o acervo art\u00edstico da UFSM, al\u00e9m de perpetuar a hist\u00f3ria destas obras <\/span><span style=\"color: #030303\">art\u00edsticas<\/span><span style=\"color: #030303\">. <\/span><\/span><\/span><\/p>\n<p class=\"western\" align=\"justify\"><span style=\"color: #050505\"><span style=\"font-family: Trebuchet MS, sans-serif\"><span style=\"font-size: medium\">O Cat\u00e1logo Murais <\/span><\/span><\/span><span style=\"color: #050505\"><span style=\"font-family: Trebuchet MS, sans-serif\"><span style=\"font-size: medium\">\u00e9 fruto d<\/span><\/span><\/span><span style=\"color: #050505\"><span style=\"font-family: Trebuchet MS, sans-serif\"><span style=\"font-size: medium\">a Exposi\u00e7\u00e3o Murais da UFSM produzida em outubro de 2018 <\/span><\/span><\/span><span style=\"color: #050505\"><span style=\"font-family: Trebuchet MS, sans-serif\"><span style=\"font-size: medium\">tamb\u00e9m <\/span><\/span><\/span><span style=\"color: #050505\"><span style=\"font-family: Trebuchet MS, sans-serif\"><span style=\"font-size: medium\">sob curadoria de Cristina<\/span><\/span><\/span><span style=\"color: #050505\"><span style=\"font-family: Trebuchet MS, sans-serif\"><span style=\"font-size: medium\">, na qual foram exibidos 21 murais da Universidade, pintados de 1971 a 2018. <\/span><\/span><\/span><span style=\"color: #050505\"><span style=\"font-family: Trebuchet MS, sans-serif\"><span style=\"font-size: medium\">A partir desta exposi\u00e7\u00e3o, foi realizada extensa pesquisa no acervo de negativos fotogr\u00e1ficos, no acervo documental e bi<\/span><\/span><\/span><span style=\"color: #050505\"><span style=\"font-family: Trebuchet MS, sans-serif\"><span style=\"font-size: medium\">b<\/span><\/span><\/span><span style=\"color: #050505\"><span style=\"font-family: Trebuchet MS, sans-serif\"><span style=\"font-size: medium\">lio<\/span><\/span><\/span><span style=\"color: #050505\"><span style=\"font-family: Trebuchet MS, sans-serif\"><span style=\"font-size: medium\">g<\/span><\/span><\/span><span style=\"color: #050505\"><span style=\"font-family: Trebuchet MS, sans-serif\"><span style=\"font-size: medium\">r\u00e1fico <\/span><\/span><\/span><span style=\"color: #050505\"><span style=\"font-family: Trebuchet MS, sans-serif\"><span style=\"font-size: medium\">da universidade <\/span><\/span><\/span><span style=\"color: #050505\"><span style=\"font-family: Trebuchet MS, sans-serif\"><span style=\"font-size: medium\">chegando-se a um total de 33 murais. Foi es<\/span><\/span><\/span><span style=\"color: #050505\"><span style=\"font-family: Trebuchet MS, sans-serif\"><span style=\"font-size: medium\">tabelec<\/span><\/span><\/span><span style=\"color: #050505\"><span style=\"font-family: Trebuchet MS, sans-serif\"><span style=\"font-size: medium\">ida<\/span><\/span><\/span><span style=\"color: #050505\"><span style=\"font-family: Trebuchet MS, sans-serif\"><span style=\"font-size: medium\"> uma linha de tempo com o primeiro mural pintado em 1971, na inaugura\u00e7\u00e3o do <\/span><\/span><\/span><span style=\"color: #050505\"><span style=\"font-family: Trebuchet MS, sans-serif\"><span style=\"font-size: medium\"><a href=\"https:\/\/www.facebook.com\/planetarioufsm1\/?__cft__[0]=AZXBSC0mv1OVZn688Jm_gRG0C0dUgmmpEx24xg9hDZUBjXy0g1oV1I2zfV5fR7AsxNox3edhRxKT6ZOiQsK_q3Fx_q7UIJpDXB5QLWWQDNQNhTXoshzaTS771fSRrzEEzFFym0WL-u6negM85dxZwFFi&amp;__tn__=kK-R\">Planet\u00e1rio UFSM<\/a><\/span><\/span><\/span><span style=\"color: #050505\"><span style=\"font-family: Trebuchet MS, sans-serif\"><span style=\"font-size: medium\">, mais oito na d\u00e9cada de 70, um na d\u00e9cada de 80, seis na d\u00e9cada de 90, 15 a partir dos anos 2000 e dois murais com data desconhecida, <\/span><\/span><\/span><span style=\"color: #050505\"><span style=\"font-family: Trebuchet MS, sans-serif\"><span style=\"font-size: medium\">al\u00e9m de elaboradas<\/span><\/span><\/span> <span style=\"color: #050505\"><span style=\"font-family: Trebuchet MS, sans-serif\"><span style=\"font-size: medium\">as <\/span><\/span><\/span><span style=\"color: #050505\"><span style=\"font-family: Trebuchet MS, sans-serif\"><span style=\"font-size: medium\">biografias dos <\/span><\/span><\/span><span style=\"color: #050505\"><span style=\"font-family: Trebuchet MS, sans-serif\"><span style=\"font-size: medium\">36 muralistas.<\/span><\/span><\/span><\/p>\n<p class=\"western\" align=\"justify\"><span style=\"color: #050505\"><span style=\"font-family: Trebuchet MS, sans-serif\"><span style=\"font-size: medium\">O Cat\u00e1logo de Esculturas <\/span><\/span><\/span><span style=\"color: #050505\"><span style=\"font-family: Trebuchet MS, sans-serif\"><span style=\"font-size: medium\">registra<\/span><\/span><\/span><span style=\"color: #050505\"><span style=\"font-family: Trebuchet MS, sans-serif\"><span style=\"font-size: medium\"> informa\u00e7\u00f5es <\/span><\/span><\/span><span style=\"color: #050505\"><span style=\"font-family: Trebuchet MS, sans-serif\"><span style=\"font-size: medium\">sobre cada obra &#8211; <\/span><\/span><\/span><span style=\"color: #050505\"><span style=\"font-family: Trebuchet MS, sans-serif\"><span style=\"font-size: medium\">autores, caracter\u00edsticas t\u00e9cnicas e localiza\u00e7<\/span><\/span><\/span><span style=\"color: #050505\"><span style=\"font-family: Trebuchet MS, sans-serif\"><span style=\"font-size: medium\">\u00e3o,<\/span><\/span><\/span><span style=\"color: #050505\"><span style=\"font-family: Trebuchet MS, sans-serif\"><span style=\"font-size: medium\"> esculturas p\u00fablicas <\/span><\/span><\/span><span style=\"color: #050505\"><span style=\"font-family: Trebuchet MS, sans-serif\"><span style=\"font-size: medium\">estas<\/span><\/span><\/span><span style=\"color: #050505\"><span style=\"font-family: Trebuchet MS, sans-serif\"><span style=\"font-size: medium\"> expostas ao ar livre, no campus sede da UFSM. O trabalho de pesquisa surgiu por meio da preocupa\u00e7\u00e3o com a possibilidade de se perder o contexto de produ\u00e7\u00e3o e as informa\u00e7\u00f5es b\u00e1sicas das obras, <\/span><\/span><\/span><span style=\"color: #050505\"><span style=\"font-family: Trebuchet MS, sans-serif\"><span style=\"font-size: medium\"><span lang=\"pt-BR\">como produto do<\/span><\/span><\/span><\/span><span style=\"color: #050505\"><span style=\"font-family: Trebuchet MS, sans-serif\"><span style=\"font-size: medium\"> Mestrado em Patrim\u00f4nio Cultural da UFSM, unindo duas Gradua\u00e7\u00f5es &#8211; Artes Visuais e Arquivologia.<\/span><\/span><\/span><\/p>\n<p class=\"western\" align=\"justify\"><span style=\"color: #050505\"><span style=\"font-family: Trebuchet MS, sans-serif\"><span style=\"font-size: medium\">Assista a live de lan\u00e7amento no canal do <a href=\"https:\/\/www.youtube.com\/watch?v=9twyl3WGnDQ\" target=\"_blank\" rel=\"noopener\">Youtube da PRE<\/a>.<\/span><\/span><\/span><\/p>\n<p class=\"western\" align=\"left\"><span style=\"font-family: Trebuchet MS, sans-serif\">Fotografias: Rafael Happke e Reges Diniz<\/span><\/p>\n<p><div id='gallery-1' class='gallery galleryid-3762 gallery-columns-1 gallery-size-large'><figure class='gallery-item'>\n\t\t\t<div class='gallery-icon landscape'>\n\t\t\t\t<a href='https:\/\/www.ufsm.br\/orgaos-suplementares\/dag\/2021-12-09-lancamento-catalogo-murais-esculturas'><img fetchpriority=\"high\" decoding=\"async\" width=\"1024\" height=\"461\" src=\"https:\/\/www.ufsm.br\/app\/uploads\/sites\/400\/2021\/12\/2021-12-09-lancamento-catalogo-murais-esculturas-1024x461.jpg\" class=\"attachment-large size-large\" alt=\"\" srcset=\"https:\/\/www.ufsm.br\/app\/uploads\/sites\/400\/2021\/12\/2021-12-09-lancamento-catalogo-murais-esculturas-1024x461.jpg 1024w, https:\/\/www.ufsm.br\/app\/uploads\/sites\/400\/2021\/12\/2021-12-09-lancamento-catalogo-murais-esculturas-300x135.jpg 300w, https:\/\/www.ufsm.br\/app\/uploads\/sites\/400\/2021\/12\/2021-12-09-lancamento-catalogo-murais-esculturas-768x346.jpg 768w, https:\/\/www.ufsm.br\/app\/uploads\/sites\/400\/2021\/12\/2021-12-09-lancamento-catalogo-murais-esculturas-1536x691.jpg 1536w, https:\/\/www.ufsm.br\/app\/uploads\/sites\/400\/2021\/12\/2021-12-09-lancamento-catalogo-murais-esculturas.jpg 1920w\" sizes=\"(max-width: 1024px) 100vw, 1024px\" \/><\/a>\n\t\t\t<\/div><\/figure><figure class='gallery-item'>\n\t\t\t<div class='gallery-icon landscape'>\n\t\t\t\t<a href='https:\/\/www.ufsm.br\/orgaos-suplementares\/dag\/2021-12-09-live-catalogos'><img decoding=\"async\" width=\"1024\" height=\"683\" src=\"https:\/\/www.ufsm.br\/app\/uploads\/sites\/400\/2021\/12\/2021-12-09-live-catalogos-1024x683.jpg\" class=\"attachment-large size-large\" alt=\"\" srcset=\"https:\/\/www.ufsm.br\/app\/uploads\/sites\/400\/2021\/12\/2021-12-09-live-catalogos-1024x683.jpg 1024w, https:\/\/www.ufsm.br\/app\/uploads\/sites\/400\/2021\/12\/2021-12-09-live-catalogos-300x200.jpg 300w, https:\/\/www.ufsm.br\/app\/uploads\/sites\/400\/2021\/12\/2021-12-09-live-catalogos-768x512.jpg 768w, https:\/\/www.ufsm.br\/app\/uploads\/sites\/400\/2021\/12\/2021-12-09-live-catalogos-1536x1024.jpg 1536w, https:\/\/www.ufsm.br\/app\/uploads\/sites\/400\/2021\/12\/2021-12-09-live-catalogos-272x182.jpg 272w, https:\/\/www.ufsm.br\/app\/uploads\/sites\/400\/2021\/12\/2021-12-09-live-catalogos.jpg 1920w\" sizes=\"(max-width: 1024px) 100vw, 1024px\" \/><\/a>\n\t\t\t<\/div><\/figure>\n\t\t<\/div>\n<\/p>\n<p><img decoding=\"async\" class=\"aligncenter wp-image-3758\" src=\"https:\/\/www.ufsm.br\/app\/uploads\/sites\/400\/2021\/12\/2021-Convite-lancamento-catalogo-murais-esculturas-UFSM-1024x1024.jpg\" alt=\"\" width=\"600\" height=\"600\" srcset=\"https:\/\/www.ufsm.br\/app\/uploads\/sites\/400\/2021\/12\/2021-Convite-lancamento-catalogo-murais-esculturas-UFSM-1024x1024.jpg 1024w, https:\/\/www.ufsm.br\/app\/uploads\/sites\/400\/2021\/12\/2021-Convite-lancamento-catalogo-murais-esculturas-UFSM-300x300.jpg 300w, https:\/\/www.ufsm.br\/app\/uploads\/sites\/400\/2021\/12\/2021-Convite-lancamento-catalogo-murais-esculturas-UFSM-150x150.jpg 150w, https:\/\/www.ufsm.br\/app\/uploads\/sites\/400\/2021\/12\/2021-Convite-lancamento-catalogo-murais-esculturas-UFSM-768x768.jpg 768w, https:\/\/www.ufsm.br\/app\/uploads\/sites\/400\/2021\/12\/2021-Convite-lancamento-catalogo-murais-esculturas-UFSM.jpg 1280w\" sizes=\"(max-width: 600px) 100vw, 600px\" \/><\/p>\n<!-- \/wp:tadv\/classic-paragraph -->\t\t\t\t\t\t<\/div>\n\t\t\t\t<\/div>\n\t\t\t\t\t<\/div>\n\t\t<\/div>\n\t\t\t\t\t<\/div>\n\t\t<\/section>\n\t\t\t\t<\/div>\n\t\t","protected":false},"excerpt":{"rendered":"<p>Em 09 de dezembro foi realizada, no acervo art\u00edstico da UFSM, a solenidade de lan\u00e7amento do \u201cCat\u00e1logo Murais da UFSM: 1971-2021\u201d, organizado pela arquivista Cristina Strohschoen dos Santos, e do \u201cCat\u00e1logo de Esculturas da UFSM: Campus de Santa Maria\u201d, organizado pela arquivista Fl\u00e1via Simone Botega Jappe e pelo professor Jos\u00e9 Francisco Goulart. Participaram da cerim\u00f4nia [&hellip;]<\/p>\n","protected":false},"author":443,"featured_media":0,"comment_status":"closed","ping_status":"closed","sticky":false,"template":"","format":"standard","meta":{"footnotes":""},"categories":[1],"tags":[290,291],"class_list":["post-3762","post","type-post","status-publish","format-standard","hentry","category-sem-categoria","tag-fotografia","tag-pesquisa"],"acf":[],"_links":{"self":[{"href":"https:\/\/www.ufsm.br\/orgaos-suplementares\/dag\/wp-json\/wp\/v2\/posts\/3762","targetHints":{"allow":["GET"]}}],"collection":[{"href":"https:\/\/www.ufsm.br\/orgaos-suplementares\/dag\/wp-json\/wp\/v2\/posts"}],"about":[{"href":"https:\/\/www.ufsm.br\/orgaos-suplementares\/dag\/wp-json\/wp\/v2\/types\/post"}],"author":[{"embeddable":true,"href":"https:\/\/www.ufsm.br\/orgaos-suplementares\/dag\/wp-json\/wp\/v2\/users\/443"}],"replies":[{"embeddable":true,"href":"https:\/\/www.ufsm.br\/orgaos-suplementares\/dag\/wp-json\/wp\/v2\/comments?post=3762"}],"version-history":[{"count":0,"href":"https:\/\/www.ufsm.br\/orgaos-suplementares\/dag\/wp-json\/wp\/v2\/posts\/3762\/revisions"}],"wp:attachment":[{"href":"https:\/\/www.ufsm.br\/orgaos-suplementares\/dag\/wp-json\/wp\/v2\/media?parent=3762"}],"wp:term":[{"taxonomy":"category","embeddable":true,"href":"https:\/\/www.ufsm.br\/orgaos-suplementares\/dag\/wp-json\/wp\/v2\/categories?post=3762"},{"taxonomy":"post_tag","embeddable":true,"href":"https:\/\/www.ufsm.br\/orgaos-suplementares\/dag\/wp-json\/wp\/v2\/tags?post=3762"}],"curies":[{"name":"wp","href":"https:\/\/api.w.org\/{rel}","templated":true}]}}