{"id":544,"date":"2018-09-06T14:49:14","date_gmt":"2018-09-06T17:49:14","guid":{"rendered":"https:\/\/www.ufsm.br\/orgaos-suplementares\/dag\/2018\/09\/06\/treinamento-archivematica-e-atom-com-o-prof-daniel-flores-uff\/"},"modified":"2018-09-06T14:49:14","modified_gmt":"2018-09-06T17:49:14","slug":"treinamento-archivematica-e-atom-com-o-prof-daniel-flores-uff","status":"publish","type":"post","link":"https:\/\/www.ufsm.br\/orgaos-suplementares\/dag\/2018\/09\/06\/treinamento-archivematica-e-atom-com-o-prof-daniel-flores-uff","title":{"rendered":"Treinamento Archivematica e Atom com o Prof. Daniel Flores\/UFF"},"content":{"rendered":"<p style=\"text-align: justify;\"><span style=\"text-align: justify;\">Ocorreu nos dias 3, 4 e 5 de setembro treinamento sobre o Archivematica e Atom com o professor Daniel Flores da Universidade Federal Fluminense \u2013 UFF. Na oportunidade, os servidores do DAG e CPD puderam aprofundar conhecimentos e sanar d\u00favidas relacionadas aos procedimentos digitais que envolvem tanto arquivistas quanto profissionais de TI. Tamb\u00e9m foi oportunizado aprender na pr\u00e1tica o funcionamento de um RDC-Arq com empacotamentos SIP, DIP e AIP, que se referem \u00e0 manuten\u00e7\u00e3o da cadeia de cust\u00f3dia dos documentos arquiv\u00edsticos digitais bem como sua preserva\u00e7\u00e3o e acesso.<\/span><\/p>\n<p style=\"text-align: justify;\"><img fetchpriority=\"high\" decoding=\"async\" class=\" size-full wp-image-542\" src=\"https:\/\/www.ufsm.br\/orgaos-suplementares\/dag\/wp-content\/uploads\/sites\/400\/2018\/09\/WhatsApp-Image-2018-09-04-at-09.53.32.jpeg\" alt=\"WhatsApp Image 2018-09-04 at 09.53.32.jpeg\" width=\"437\" height=\"328\" style=\"display: block; margin-left: auto; margin-right: auto;\" srcset=\"https:\/\/www.ufsm.br\/app\/uploads\/sites\/400\/2018\/09\/WhatsApp-Image-2018-09-04-at-09.53.32.jpeg 1024w, https:\/\/www.ufsm.br\/app\/uploads\/sites\/400\/2018\/09\/WhatsApp-Image-2018-09-04-at-09.53.32-300x225.jpeg 300w, https:\/\/www.ufsm.br\/app\/uploads\/sites\/400\/2018\/09\/WhatsApp-Image-2018-09-04-at-09.53.32-768x576.jpeg 768w\" sizes=\"(max-width: 437px) 100vw, 437px\" \/><\/p>\n<p style=\"text-align: center;\"><img decoding=\"async\" class=\" size-full wp-image-543\" src=\"https:\/\/www.ufsm.br\/orgaos-suplementares\/dag\/wp-content\/uploads\/sites\/400\/2018\/09\/WhatsApp-Image-2018-09-05-at-16.05.08.jpeg\" alt=\"WhatsApp Image 2018-09-05 at 16.05.08.jpeg\" width=\"349\" height=\"465\" style=\"display: block; margin-left: auto; margin-right: auto;\" srcset=\"https:\/\/www.ufsm.br\/app\/uploads\/sites\/400\/2018\/09\/WhatsApp-Image-2018-09-05-at-16.05.08.jpeg 768w, https:\/\/www.ufsm.br\/app\/uploads\/sites\/400\/2018\/09\/WhatsApp-Image-2018-09-05-at-16.05.08-225x300.jpeg 225w\" sizes=\"(max-width: 349px) 100vw, 349px\" \/><\/p>\n<p style=\"text-align: center;\"><em>Fotografias: Gustavo Kantorski<\/em><\/p>\n<p style=\"text-align: justify;\">&nbsp;<\/p>\n","protected":false},"excerpt":{"rendered":"<p>Ocorreu nos dias 3, 4 e 5 de setembro treinamento sobre o Archivematica e Atom com o professor Daniel Flores da Universidade Federal Fluminense \u2013 UFF. Na oportunidade, os servidores do DAG e CPD puderam aprofundar conhecimentos e sanar d\u00favidas relacionadas aos procedimentos digitais que envolvem tanto arquivistas quanto profissionais de TI. Tamb\u00e9m foi oportunizado [&hellip;]<\/p>\n","protected":false},"author":25,"featured_media":542,"comment_status":"closed","ping_status":"closed","sticky":false,"template":"","format":"standard","meta":{"footnotes":""},"categories":[1],"tags":[],"class_list":["post-544","post","type-post","status-publish","format-standard","has-post-thumbnail","hentry","category-sem-categoria"],"acf":[],"_links":{"self":[{"href":"https:\/\/www.ufsm.br\/orgaos-suplementares\/dag\/wp-json\/wp\/v2\/posts\/544","targetHints":{"allow":["GET"]}}],"collection":[{"href":"https:\/\/www.ufsm.br\/orgaos-suplementares\/dag\/wp-json\/wp\/v2\/posts"}],"about":[{"href":"https:\/\/www.ufsm.br\/orgaos-suplementares\/dag\/wp-json\/wp\/v2\/types\/post"}],"author":[{"embeddable":true,"href":"https:\/\/www.ufsm.br\/orgaos-suplementares\/dag\/wp-json\/wp\/v2\/users\/25"}],"replies":[{"embeddable":true,"href":"https:\/\/www.ufsm.br\/orgaos-suplementares\/dag\/wp-json\/wp\/v2\/comments?post=544"}],"version-history":[{"count":0,"href":"https:\/\/www.ufsm.br\/orgaos-suplementares\/dag\/wp-json\/wp\/v2\/posts\/544\/revisions"}],"wp:featuredmedia":[{"embeddable":true,"href":"https:\/\/www.ufsm.br\/orgaos-suplementares\/dag\/wp-json\/wp\/v2\/media\/542"}],"wp:attachment":[{"href":"https:\/\/www.ufsm.br\/orgaos-suplementares\/dag\/wp-json\/wp\/v2\/media?parent=544"}],"wp:term":[{"taxonomy":"category","embeddable":true,"href":"https:\/\/www.ufsm.br\/orgaos-suplementares\/dag\/wp-json\/wp\/v2\/categories?post=544"},{"taxonomy":"post_tag","embeddable":true,"href":"https:\/\/www.ufsm.br\/orgaos-suplementares\/dag\/wp-json\/wp\/v2\/tags?post=544"}],"curies":[{"name":"wp","href":"https:\/\/api.w.org\/{rel}","templated":true}]}}