{"id":788,"date":"2015-11-10T14:59:13","date_gmt":"2015-11-10T16:59:13","guid":{"rendered":"https:\/\/www.ufsm.br\/orgaos-suplementares\/dag\/?p=788"},"modified":"2023-06-07T09:58:20","modified_gmt":"2023-06-07T12:58:20","slug":"o-primeiro-coral-universitario-de-santa-maria","status":"publish","type":"post","link":"https:\/\/www.ufsm.br\/orgaos-suplementares\/dag\/2015\/11\/10\/o-primeiro-coral-universitario-de-santa-maria","title":{"rendered":"Projeto Retalhos da Mem\u00f3ria de Santa Maria \u2013 artigo 019 O Primeiro Coral Universit\u00e1rio de Santa Maria"},"content":{"rendered":"\t\t<div data-elementor-type=\"wp-post\" data-elementor-id=\"788\" class=\"elementor elementor-788\">\n\t\t\t\t\t\t<section class=\"elementor-section elementor-top-section elementor-element elementor-element-64c16a19 elementor-section-boxed elementor-section-height-default elementor-section-height-default\" data-id=\"64c16a19\" data-element_type=\"section\">\n\t\t\t\t\t\t<div class=\"elementor-container elementor-column-gap-default\">\n\t\t\t\t\t<div class=\"elementor-column elementor-col-100 elementor-top-column elementor-element elementor-element-33c3ea39\" data-id=\"33c3ea39\" data-element_type=\"column\">\n\t\t\t<div class=\"elementor-widget-wrap elementor-element-populated\">\n\t\t\t\t\t\t<div class=\"elementor-element elementor-element-67cc9b45 elementor-widget elementor-widget-text-editor\" data-id=\"67cc9b45\" data-element_type=\"widget\" data-widget_type=\"text-editor.default\">\n\t\t\t\t<div class=\"elementor-widget-container\">\n\t\t\t\t\t\t\t<p><!-- wp:image {\"id\":789} --><\/p>\n<figure class=\"wp-block-image\"><img fetchpriority=\"high\" decoding=\"async\" width=\"1024\" height=\"849\" src=\"https:\/\/www.ufsm.br\/orgaos-suplementares\/dag\/wp-content\/uploads\/sites\/400\/2019\/01\/UFSM-Projeto-Retalhos-Artigo-19-1971.290.0001-1024x849.jpg\" alt=\"Fotografia em preto e branco e formato paisagem de um ambiente interno com aproximadamente 70 coralistas sob a reg\u00eancia de uma mulher. O coral est\u00e1 posicionado na horizontal, sobre degraus, em uma perspectiva que forma um tri\u00e2ngulo que afunila da esquerda para a direita. Os coralistas vestem camisetas brancas, cal\u00e7as de diversos tons e sapatos escuros. A maioria tem pele clara, cabelos escuros e s\u00e3o mulheres. Ao centro, na primeira fila, uma delas segura um pandeiro na m\u00e3o direita com o bra\u00e7o esticado para baixo. Ao lado, \u00e0 direita, outra coralista abra\u00e7a um tambor embaixo do bra\u00e7o esquerdo e espalma o couro do tambor com a m\u00e3o direita. A pr\u00f3xima tem cabelos claros abaixo dos ombros. Entre elas, na segunda fila, o rosto de uma mulher de pele negra, com cabelo crespo e volumoso. De frente para os coralistas e levemente voltada para a esquerda, a regente, de pele e cabelos claros, com um coque farto, vestido estampado e m\u00e3os esticadas na altura do rosto. Ela encobre os participantes da direita, dos quais se v\u00ea apenas a \u00faltima coralista. \u00c0 direita, um ventilador de pedestal. Ao fundo do coral, cortinas altas de cor clara e frisos verticais do teto ao ch\u00e3o. Os degraus s\u00e3o claros e o piso \u00e9 escuro.\" class=\"wp-image-789\" srcset=\"https:\/\/www.ufsm.br\/app\/uploads\/sites\/400\/2019\/01\/UFSM-Projeto-Retalhos-Artigo-19-1971.290.0001-1024x849.jpg 1024w, https:\/\/www.ufsm.br\/app\/uploads\/sites\/400\/2019\/01\/UFSM-Projeto-Retalhos-Artigo-19-1971.290.0001-300x249.jpg 300w, https:\/\/www.ufsm.br\/app\/uploads\/sites\/400\/2019\/01\/UFSM-Projeto-Retalhos-Artigo-19-1971.290.0001-768x637.jpg 768w, https:\/\/www.ufsm.br\/app\/uploads\/sites\/400\/2019\/01\/UFSM-Projeto-Retalhos-Artigo-19-1971.290.0001.jpg 1256w\" sizes=\"(max-width: 1024px) 100vw, 1024px\" \/><\/figure>\n<p><!-- \/wp:image --><\/p>\n<p><!-- wp:tadv\/classic-paragraph --><\/p>\n<p>No segundo semestre de 1964 alunos e professores da UFSM, al\u00e9m de pessoas da comunidade santa-mariense \u2013 30 vozes, passaram a integrar o coral da Faculdade de Belas Artes \u2013 atual Centro de Artes e Letras da UFSM, fundada pela docente Anna Maria Molz. Em 1971 uma portaria do Reitor incumbiu a profa. Molz de formar e reger um coral na universidade. Ap\u00f3s teste de voz com 120 interessados, o coral iniciou suas atividades com 90 cantores, entre alunos professores e funcion\u00e1rios. O primeiro uniforme, recebido da Reitoria, era um pala verde com franjas rosa com a marca da UFSM no peito.<\/p>\n<p>A partir da d\u00e9cada de 80 at\u00e9 1993, Zobeida Prestes &#8211; aluna de M\u00fasica e participante do coral desde 1972 \u2013 passou a reger o grupo. As duas foram pe\u00e7as fundamentais na constru\u00e7\u00e3o da hist\u00f3ria do coral, desenvolveram in\u00fameras atividades, promoveram cursos de reg\u00eancia para m\u00fasicos e regentes de Santa Maria, utilizando o coral como laborat\u00f3rio e transformando-o em uma escola de forma\u00e7\u00e3o de regentes.<\/p>\n<p>Nos primeiros anos o coral j\u00e1 era presen\u00e7a ativa em apresenta\u00e7\u00f5es, recep\u00e7\u00f5es, festivais internacionais e universit\u00e1rios, visitas ilustres de governos da Am\u00e9rica do Sul e pa\u00edses como a Alemanha e Estados Unidos. Representou o Brasil no Primeiro Encontro Internacional de Corais Universit\u00e1rios em 1992, na Espanha, classificado como um dos quatro melhores corais.<\/p>\n<p>Destaca-se a grava\u00e7\u00e3o de um disco de vinil, juntamente com a banda sinf\u00f4nica do corpo de bombeiros no Rio de Janeiro, em 1972, e mais recentemente prestou homenagem \u00e0s 242 v\u00edtimas do inc\u00eandio na boate Kiss (2013). O Coral da UFSM transformou-se em um s\u00edmbolo para a UFSM e tamb\u00e9m para Santa Maria.<\/p>\n<p>Fot\u00f3grafo n\u00e3o identificado. Arquivo Fotogr\u00e1fico UFSM.<span style=\", sans-serif;font-size: 12pt;font-weight: var( --e-global-typography-text-font-weight );text-align: var(--bs-body-text-align)\">1971.290.001.<\/span><br><\/p>\n<p><strong>Texto:<\/strong> K\u00e1tia Moreira, Acad\u00eamica do 4\u00b0 semestre do curso de Jornalismo da UFSM.<\/p>\n<p><strong>Audiodescri\u00e7\u00e3o da imagem<\/strong>: Fotografia em preto e branco e formato paisagem de um ambiente interno com aproximadamente 70 coralistas sob a reg\u00eancia de uma mulher. O coral est\u00e1 posicionado na horizontal, sobre degraus, em uma perspectiva que forma um tri\u00e2ngulo que afunila da esquerda para a direita. Os coralistas vestem camisetas brancas, cal\u00e7as de diversos tons e sapatos escuros. A maioria tem pele clara, cabelos escuros e s\u00e3o mulheres. Ao centro, na primeira fila, uma delas segura um pandeiro na m\u00e3o direita com o bra\u00e7o esticado para baixo. Ao lado, \u00e0 direita, outra coralista abra\u00e7a um tambor embaixo do bra\u00e7o esquerdo e espalma o couro do tambor com a m\u00e3o direita. A pr\u00f3xima tem cabelos claros abaixo dos ombros. Entre elas, na segunda fila, o rosto de uma mulher de pele negra, com cabelo crespo e volumoso. De frente para os coralistas e levemente voltada para a esquerda, a regente, de pele e cabelos claros, com um coque farto, vestido estampado e m\u00e3os esticadas na altura do rosto. Ela encobre os participantes da direita, dos quais se v\u00ea apenas a \u00faltima coralista. \u00c0 direita, um ventilador de pedestal. Ao fundo do coral, cortinas altas de cor clara e frisos verticais do teto ao ch\u00e3o. Os degraus s\u00e3o claros e o piso \u00e9 escuro.<\/p>\n<p style=\"text-align: right\"><em>Comiss\u00e3o de Audiodescri\u00e7\u00e3o da UFSM.<\/em><\/p>\n<p><!-- \/wp:tadv\/classic-paragraph --><\/p>\t\t\t\t\t\t<\/div>\n\t\t\t\t<\/div>\n\t\t\t\t\t<\/div>\n\t\t<\/div>\n\t\t\t\t\t<\/div>\n\t\t<\/section>\n\t\t\t\t<section class=\"elementor-section elementor-top-section elementor-element elementor-element-e285d7d elementor-section-boxed elementor-section-height-default elementor-section-height-default\" data-id=\"e285d7d\" data-element_type=\"section\">\n\t\t\t\t\t\t<div class=\"elementor-container elementor-column-gap-default\">\n\t\t\t\t\t<div class=\"elementor-column elementor-col-100 elementor-top-column elementor-element elementor-element-8aabee4\" data-id=\"8aabee4\" data-element_type=\"column\">\n\t\t\t<div class=\"elementor-widget-wrap elementor-element-populated\">\n\t\t\t\t\t\t<div class=\"elementor-element elementor-element-d170df1 elementor-widget elementor-widget-heading\" data-id=\"d170df1\" data-element_type=\"widget\" data-widget_type=\"heading.default\">\n\t\t\t\t<div class=\"elementor-widget-container\">\n\t\t\t<h5 class=\"elementor-heading-title elementor-size-default\">Artigo em Libras<\/h5>\t\t<\/div>\n\t\t\t\t<\/div>\n\t\t\t\t<div class=\"elementor-element elementor-element-4568b65 elementor-widget elementor-widget-video\" data-id=\"4568b65\" data-element_type=\"widget\" data-settings=\"{&quot;youtube_url&quot;:&quot;https:\\\/\\\/www.youtube.com\\\/watch?v=vH-3rh7eJcM&quot;,&quot;video_type&quot;:&quot;youtube&quot;,&quot;controls&quot;:&quot;yes&quot;}\" data-widget_type=\"video.default\">\n\t\t\t\t<div class=\"elementor-widget-container\">\n\t\t\t\t\t<div class=\"elementor-wrapper elementor-open-inline\">\n\t\t\t<div class=\"elementor-video\"><\/div>\t\t<\/div>\n\t\t\t\t<\/div>\n\t\t\t\t<\/div>\n\t\t\t\t\t<\/div>\n\t\t<\/div>\n\t\t\t\t\t<\/div>\n\t\t<\/section>\n\t\t\t\t<\/div>\n\t\t","protected":false},"excerpt":{"rendered":"<p>No segundo semestre de 1964 alunos e professores da UFSM, al\u00e9m de pessoas da comunidade santa-mariense \u2013 30 vozes, passaram a integrar o coral da Faculdade de Belas Artes \u2013 atual Centro de Artes e Letras da UFSM, fundada pela docente Anna Maria Molz. Em 1971 uma portaria do Reitor incumbiu a profa. Molz de [&hellip;]<\/p>\n","protected":false},"author":444,"featured_media":888,"comment_status":"closed","ping_status":"closed","sticky":false,"template":"","format":"standard","meta":{"footnotes":""},"categories":[33],"tags":[290,291,294],"class_list":["post-788","post","type-post","status-publish","format-standard","has-post-thumbnail","hentry","category-projeto-retalhos-de-memoria-de-santa-maria","tag-fotografia","tag-pesquisa","tag-projeto-retalhos"],"acf":[],"_links":{"self":[{"href":"https:\/\/www.ufsm.br\/orgaos-suplementares\/dag\/wp-json\/wp\/v2\/posts\/788","targetHints":{"allow":["GET"]}}],"collection":[{"href":"https:\/\/www.ufsm.br\/orgaos-suplementares\/dag\/wp-json\/wp\/v2\/posts"}],"about":[{"href":"https:\/\/www.ufsm.br\/orgaos-suplementares\/dag\/wp-json\/wp\/v2\/types\/post"}],"author":[{"embeddable":true,"href":"https:\/\/www.ufsm.br\/orgaos-suplementares\/dag\/wp-json\/wp\/v2\/users\/444"}],"replies":[{"embeddable":true,"href":"https:\/\/www.ufsm.br\/orgaos-suplementares\/dag\/wp-json\/wp\/v2\/comments?post=788"}],"version-history":[{"count":0,"href":"https:\/\/www.ufsm.br\/orgaos-suplementares\/dag\/wp-json\/wp\/v2\/posts\/788\/revisions"}],"wp:featuredmedia":[{"embeddable":true,"href":"https:\/\/www.ufsm.br\/orgaos-suplementares\/dag\/wp-json\/wp\/v2\/media\/888"}],"wp:attachment":[{"href":"https:\/\/www.ufsm.br\/orgaos-suplementares\/dag\/wp-json\/wp\/v2\/media?parent=788"}],"wp:term":[{"taxonomy":"category","embeddable":true,"href":"https:\/\/www.ufsm.br\/orgaos-suplementares\/dag\/wp-json\/wp\/v2\/categories?post=788"},{"taxonomy":"post_tag","embeddable":true,"href":"https:\/\/www.ufsm.br\/orgaos-suplementares\/dag\/wp-json\/wp\/v2\/tags?post=788"}],"curies":[{"name":"wp","href":"https:\/\/api.w.org\/{rel}","templated":true}]}}