{"id":998,"date":"2016-09-20T15:47:30","date_gmt":"2016-09-20T18:47:30","guid":{"rendered":"https:\/\/www.ufsm.br\/orgaos-suplementares\/dag\/?p=998"},"modified":"2023-06-05T16:45:30","modified_gmt":"2023-06-05T19:45:30","slug":"colegio-tecnico-industrial-de-santa-maria-ctism-em-1967","status":"publish","type":"post","link":"https:\/\/www.ufsm.br\/orgaos-suplementares\/dag\/2016\/09\/20\/colegio-tecnico-industrial-de-santa-maria-ctism-em-1967","title":{"rendered":"Projeto Retalhos da Mem\u00f3ria de Santa Maria \u2013 artigo 061  Col\u00e9gio T\u00e9cnico Industrial de Santa Maria (CTISM) em 1967"},"content":{"rendered":"\t\t<div data-elementor-type=\"wp-post\" data-elementor-id=\"998\" class=\"elementor elementor-998\">\n\t\t\t\t\t\t<section class=\"elementor-section elementor-top-section elementor-element elementor-element-1c0f0f83 elementor-section-boxed elementor-section-height-default elementor-section-height-default\" data-id=\"1c0f0f83\" data-element_type=\"section\">\n\t\t\t\t\t\t<div class=\"elementor-container elementor-column-gap-default\">\n\t\t\t\t\t<div class=\"elementor-column elementor-col-100 elementor-top-column elementor-element elementor-element-43d8ed8c\" data-id=\"43d8ed8c\" data-element_type=\"column\">\n\t\t\t<div class=\"elementor-widget-wrap elementor-element-populated\">\n\t\t\t\t\t\t<div class=\"elementor-element elementor-element-421511e2 elementor-widget elementor-widget-text-editor\" data-id=\"421511e2\" data-element_type=\"widget\" data-widget_type=\"text-editor.default\">\n\t\t\t\t<div class=\"elementor-widget-container\">\n\t\t\t\t\t\t\t<p><!-- wp:image {\"id\":1380} --><\/p>\n<figure><img decoding=\"async\" src=\"https:\/\/www.ufsm.br\/orgaos-suplementares\/dag\/wp-content\/uploads\/sites\/400\/2019\/02\/UFSM-Projeto-Retalhos-Artigo-61-1967.081.0001-1024x756.jpg\" alt=\"Fotografia horizontal em preto e branco contendo, em plano aberto, um pr\u00e9dio retangular e t\u00e9rreo com uma pequena amplia\u00e7\u00e3o \u00e0 esquerda, junto a uma rua sem pavimenta\u00e7\u00e3o. A imagem, focada da direita para a esquerda, tem o pr\u00e9dio ao centro. Este possui uma porta de entrada ao centro, mais quatorze janelas retangulares na horizontal, de vidro, com cortinas, sendo que a cortina da pen\u00faltima janela, \u00e0 direita, encontra-se parcialmente aberta. A amplia\u00e7\u00e3o deste pr\u00e9dio, cont\u00edgua \u00e0 esquerda, \u00e9 menor e mais estreita, contendo seis janelas retangulares na vertical, de vidro, com cortinas. A direita, na frente das janelas do pr\u00e9dio principal, um espa\u00e7o largo e gramado separa o pr\u00e9dio da rua \u00e0 frente. Nesse espa\u00e7o gramado, mudas de \u00e1rvores plantadas espa\u00e7adamente e amarradas em estacas de madeira. Entre as mudas, plantas de pequeno porte completam o paisagismo. A rua, situada em frente ao pr\u00e9dio (hoje \u00e9 a Avenida Roraima), \u00e9 de terra e est\u00e1 dividida por um canteiro central, onde h\u00e1 um poste de luz com duas l\u00e2mpadas. Caminhando do pr\u00e9dio em dire\u00e7\u00e3o \u00e0 rua, uma mulher, de idade indeterminada, vestindo blusa e saia claras, carrega livros nas m\u00e3os. \u00c1 esquerda, estacionado na rua, um autom\u00f3vel Fusca, da marca Volkswagen, de tom claro. Mais \u00c1 esquerda, uma constru\u00e7\u00e3o estreita, de alvenaria, com aproximadamente quatro andares e tijolos aparentes. Ao fundo do pr\u00e9dio principal, do centro para a direita, \u00e1rvores altas, formando um pequeno bosque.\"><\/figure>\n<p><!-- \/wp:image --><\/p>\n<p><!-- wp:tadv\/classic-paragraph --><\/p>\n<p>O Col\u00e9gio T\u00e9cnico Industrial de Santa Maria (CTISM) foi inaugurado em abril de 1967, inicialmente ofertando os cursos t\u00e9cnicos de n\u00edvel m\u00e9dio em Eletrot\u00e9cnica e Mec\u00e2nica. Para obter seu diploma de t\u00e9cnico os estudantes precisavam passar por um est\u00e1gio com 360 dias de dura\u00e7\u00e3o, al\u00e9m da modalidade Ensino M\u00e9dio, ap\u00f3s dois anos tem sua primeira turma de formandos. Durante a d\u00e9cada de 70 come\u00e7ou a ser reconhecido como um centro de forma\u00e7\u00e3o t\u00e9cnica de qualidade, quando os t\u00e9cnicos formados passaram a ser admitidos em ind\u00fastrias logo ap\u00f3s a conclus\u00e3o do curso, quando n\u00e3o j\u00e1 compromissados antes mesmo de conclu\u00ed-lo, e ap\u00f3s a conclus\u00e3o da terceira s\u00e9rie, grande parte estava apta a submeter-se aos exames vestibulares, sendo os Cursos de Engenharia os mais procurados.<\/p>\n<p>Fot\u00f3grafo n\u00e3o identificado. Arquivo Fotogr\u00e1fico UFSM.<span style=\", sans-serif;font-size: 12pt;font-weight: var( --e-global-typography-text-font-weight );text-align: var(--bs-body-text-align)\">1967.081.001.<\/span><br><\/p>\n<p><strong>Texto:<\/strong> V\u00e1gner Fabris, Acad\u00eamico do 5\u00b0 Semestre do Curso de Hist\u00f3ria da UFSM.<\/p>\n<p><strong>Audiodescri\u00e7\u00e3o da imagem: <\/strong>Fotografia horizontal em preto e branco contendo, em plano aberto, um pr\u00e9dio retangular e t\u00e9rreo com uma pequena amplia\u00e7\u00e3o \u00e0 esquerda, junto a uma rua sem pavimenta\u00e7\u00e3o. A imagem, focada da direita para a esquerda, tem o pr\u00e9dio ao centro. Este possui uma porta de entrada ao centro, mais quatorze janelas retangulares na horizontal, de vidro, com cortinas, sendo que a cortina da pen\u00faltima janela, \u00e0 direita, encontra-se parcialmente aberta. A amplia\u00e7\u00e3o deste pr\u00e9dio, cont\u00edgua \u00e0 esquerda, \u00e9 menor e mais estreita, contendo seis janelas retangulares na vertical, de vidro, com cortinas.<br>A direita, na frente das janelas do pr\u00e9dio principal, um espa\u00e7o largo e gramado separa o pr\u00e9dio da rua \u00e0 frente. Nesse espa\u00e7o gramado, mudas de \u00e1rvores plantadas espa\u00e7adamente e amarradas em estacas de madeira. Entre as mudas, plantas de pequeno porte completam o paisagismo. A rua, situada em frente ao pr\u00e9dio (hoje \u00e9 a Avenida Roraima), \u00e9 de terra e est\u00e1 dividida por um canteiro central, onde h\u00e1 um poste de luz com duas l\u00e2mpadas. Caminhando do pr\u00e9dio em dire\u00e7\u00e3o \u00e0 rua, uma mulher, de idade indeterminada, vestindo blusa e saia claras, carrega livros nas m\u00e3os. \u00c1 esquerda, estacionado na rua, um autom\u00f3vel Fusca, da marca Volkswagen, de tom claro. Mais \u00c1 esquerda, uma constru\u00e7\u00e3o estreita, de alvenaria, com aproximadamente quatro andares e tijolos aparentes. Ao fundo do pr\u00e9dio principal, do centro para a direita, \u00e1rvores altas, formando um pequeno bosque.<\/p>\n<p style=\"text-align: right\"><em>Audiodescritora roteirista: <\/em><em>Gl\u00e9ce Kurzawa C\u00f3ser<\/em><\/p>\n<p style=\"text-align: right\"><em>Audiodescritor consultor: Cristian Sehnem<\/em><\/p>\n<p><!-- \/wp:tadv\/classic-paragraph --><\/p>\t\t\t\t\t\t<\/div>\n\t\t\t\t<\/div>\n\t\t\t\t\t<\/div>\n\t\t<\/div>\n\t\t\t\t\t<\/div>\n\t\t<\/section>\n\t\t\t\t<section class=\"elementor-section elementor-top-section elementor-element elementor-element-4e18535 elementor-section-boxed elementor-section-height-default elementor-section-height-default\" data-id=\"4e18535\" data-element_type=\"section\">\n\t\t\t\t\t\t<div class=\"elementor-container elementor-column-gap-default\">\n\t\t\t\t\t<div class=\"elementor-column elementor-col-100 elementor-top-column elementor-element elementor-element-8434824\" data-id=\"8434824\" data-element_type=\"column\">\n\t\t\t<div class=\"elementor-widget-wrap elementor-element-populated\">\n\t\t\t\t\t\t<div class=\"elementor-element elementor-element-06c035b elementor-widget elementor-widget-heading\" data-id=\"06c035b\" data-element_type=\"widget\" data-widget_type=\"heading.default\">\n\t\t\t\t<div class=\"elementor-widget-container\">\n\t\t\t<h5 class=\"elementor-heading-title elementor-size-default\">Artigo em Libras<\/h5>\t\t<\/div>\n\t\t\t\t<\/div>\n\t\t\t\t<div class=\"elementor-element elementor-element-2a3a77c elementor-widget elementor-widget-wp-widget-custom_html\" data-id=\"2a3a77c\" data-element_type=\"widget\" data-widget_type=\"wp-widget-custom_html.default\">\n\t\t\t\t<div class=\"elementor-widget-container\">\n\t\t\t<div class=\"textwidget custom-html-widget\"><iframe width=\"620\" height=\"585\" src=\"https:\/\/ntetube.nte.ufsm.br\/e\/1479400412\" frameborder=\"0\" allowfullscreen><\/iframe><\/div>\t\t<\/div>\n\t\t\t\t<\/div>\n\t\t\t\t\t<\/div>\n\t\t<\/div>\n\t\t\t\t\t<\/div>\n\t\t<\/section>\n\t\t\t\t<\/div>\n\t\t","protected":false},"excerpt":{"rendered":"<p>O Col\u00e9gio T\u00e9cnico Industrial de Santa Maria (CTISM) foi inaugurado em abril de 1967, inicialmente ofertando os cursos t\u00e9cnicos de n\u00edvel m\u00e9dio em Eletrot\u00e9cnica e Mec\u00e2nica. Para obter seu diploma de t\u00e9cnico os estudantes precisavam passar por um est\u00e1gio com 360 dias de dura\u00e7\u00e3o, al\u00e9m da modalidade Ensino M\u00e9dio, ap\u00f3s dois anos tem sua primeira [&hellip;]<\/p>\n","protected":false},"author":444,"featured_media":1350,"comment_status":"closed","ping_status":"closed","sticky":false,"template":"","format":"standard","meta":{"footnotes":""},"categories":[199],"tags":[290,291,294],"class_list":["post-998","post","type-post","status-publish","format-standard","has-post-thumbnail","hentry","category-projeto-retalhos-de-memoria-de-santa-maria-3-pt","tag-fotografia","tag-pesquisa","tag-projeto-retalhos"],"acf":[],"_links":{"self":[{"href":"https:\/\/www.ufsm.br\/orgaos-suplementares\/dag\/wp-json\/wp\/v2\/posts\/998","targetHints":{"allow":["GET"]}}],"collection":[{"href":"https:\/\/www.ufsm.br\/orgaos-suplementares\/dag\/wp-json\/wp\/v2\/posts"}],"about":[{"href":"https:\/\/www.ufsm.br\/orgaos-suplementares\/dag\/wp-json\/wp\/v2\/types\/post"}],"author":[{"embeddable":true,"href":"https:\/\/www.ufsm.br\/orgaos-suplementares\/dag\/wp-json\/wp\/v2\/users\/444"}],"replies":[{"embeddable":true,"href":"https:\/\/www.ufsm.br\/orgaos-suplementares\/dag\/wp-json\/wp\/v2\/comments?post=998"}],"version-history":[{"count":0,"href":"https:\/\/www.ufsm.br\/orgaos-suplementares\/dag\/wp-json\/wp\/v2\/posts\/998\/revisions"}],"wp:featuredmedia":[{"embeddable":true,"href":"https:\/\/www.ufsm.br\/orgaos-suplementares\/dag\/wp-json\/wp\/v2\/media\/1350"}],"wp:attachment":[{"href":"https:\/\/www.ufsm.br\/orgaos-suplementares\/dag\/wp-json\/wp\/v2\/media?parent=998"}],"wp:term":[{"taxonomy":"category","embeddable":true,"href":"https:\/\/www.ufsm.br\/orgaos-suplementares\/dag\/wp-json\/wp\/v2\/categories?post=998"},{"taxonomy":"post_tag","embeddable":true,"href":"https:\/\/www.ufsm.br\/orgaos-suplementares\/dag\/wp-json\/wp\/v2\/tags?post=998"}],"curies":[{"name":"wp","href":"https:\/\/api.w.org\/{rel}","templated":true}]}}