{"id":215,"date":"2026-09-04T17:31:09","date_gmt":"2026-09-04T20:31:09","guid":{"rendered":"https:\/\/www.ufsm.br\/orgaos-suplementares\/dga\/?p=215"},"modified":"2026-09-04T17:35:52","modified_gmt":"2026-09-04T20:35:52","slug":"manutencao-preventiva-garante-qualidade-da-agua-nos-pocos-da-ufsm-e-no-restaurante-universitario","status":"publish","type":"post","link":"https:\/\/www.ufsm.br\/orgaos-suplementares\/dga\/2026\/09\/04\/manutencao-preventiva-garante-qualidade-da-agua-nos-pocos-da-ufsm-e-no-restaurante-universitario","title":{"rendered":"Manuten\u00e7\u00e3o preventiva garante qualidade da \u00e1gua nos po\u00e7os da UFSM e no Restaurante Universit\u00e1rio"},"content":{"rendered":"\t\t<div data-elementor-type=\"wp-post\" data-elementor-id=\"215\" class=\"elementor elementor-215\">\n\t\t\t\t\t\t<section class=\"elementor-section elementor-top-section elementor-element elementor-element-e8d4a41 elementor-section-boxed elementor-section-height-default elementor-section-height-default\" data-id=\"e8d4a41\" data-element_type=\"section\">\n\t\t\t\t\t\t<div class=\"elementor-container elementor-column-gap-default\">\n\t\t\t\t\t<div class=\"elementor-column elementor-col-100 elementor-top-column elementor-element elementor-element-3d5a995\" data-id=\"3d5a995\" data-element_type=\"column\">\n\t\t\t<div class=\"elementor-widget-wrap elementor-element-populated\">\n\t\t\t\t\t\t<div class=\"elementor-element elementor-element-5758082 elementor-widget elementor-widget-text-editor\" data-id=\"5758082\" data-element_type=\"widget\" data-widget_type=\"text-editor.default\">\n\t\t\t\t<div class=\"elementor-widget-container\">\n\t\t\t\t\t\t\t<p>Em agosto, a Diretoria de Gest\u00e3o Ambiental (DGA) da UFSM, com o apoio da Coordenadoria de Manuten\u00e7\u00e3o da PROINFRA, realizou a primeira manuten\u00e7\u00e3o peri\u00f3dica dos filtros instalados nos po\u00e7os da universidade e no sistema exclusivo do Restaurante Universit\u00e1rio, que foram colocados em opera\u00e7\u00e3o em 2025.<\/p><p>O servi\u00e7o, que est\u00e1 previsto para ocorrer anualmente por meio de empresa especializada, contempla a troca completa do meio filtrante \u2014 composto por carv\u00e3o ativado e dolomita, materiais respons\u00e1veis por remover impurezas e corrigir as caracter\u00edsticas da \u00e1gua. Em cada filtro, foi colocada aproximadamente uma tonelada de material filtrante novo. Al\u00e9m disso, a manuten\u00e7\u00e3o incluiu a higieniza\u00e7\u00e3o interna profunda dos equipamentos e a substitui\u00e7\u00e3o da l\u00e2mpada ultravioleta (UV), respons\u00e1vel pela desinfec\u00e7\u00e3o final da \u00e1gua antes do consumo.<\/p><p>Como parte do procedimento, tamb\u00e9m foram executadas a manuten\u00e7\u00e3o e a calibra\u00e7\u00e3o das bombas dosadoras de cloro, o que garante a dosagem correta do desinfetante ao longo de toda a rede de distribui\u00e7\u00e3o.<\/p><p>\u00a0<\/p><p><strong>Import\u00e2ncia da manuten\u00e7\u00e3o peri\u00f3dica<\/strong><\/p><p>A realiza\u00e7\u00e3o dessa manuten\u00e7\u00e3o \u00e9 considerada essencial para preservar a efici\u00eancia dos sistemas ao longo do tempo. Com o uso cont\u00ednuo, o carv\u00e3o ativado perde a sua capacidade de adsor\u00e7\u00e3o, a l\u00e2mpada UV tem sua pot\u00eancia reduzida e as bombas dosadoras podem perder a precis\u00e3o \u2014 fatores que, se n\u00e3o contarem com a reposi\u00e7\u00e3o e calibra\u00e7\u00e3o peri\u00f3dicas, podem comprometer a qualidade da \u00e1gua fornecida.<\/p><p>O trabalho desenvolvido refor\u00e7a o compromisso da UFSM com a seguran\u00e7a da \u00e1gua consumida por estudantes, servidores e pela comunidade universit\u00e1ria, sendo fruto da atua\u00e7\u00e3o conjunta entre as equipes t\u00e9cnicas da DGA e da PROINFRA.<\/p>\t\t\t\t\t\t<\/div>\n\t\t\t\t<\/div>\n\t\t\t\t\t<\/div>\n\t\t<\/div>\n\t\t\t\t\t<\/div>\n\t\t<\/section>\n\t\t\t\t<\/div>\n\t\t","protected":false},"excerpt":{"rendered":"<p>A\u00e7\u00e3o conjunta entre a DGA e a PROINFRA realizou a substitui\u00e7\u00e3o do meio filtrante, higieniza\u00e7\u00e3o dos sistemas, troca de l\u00e2mpadas UV e calibra\u00e7\u00e3o das bombas dosadoras.<\/p>\n","protected":false},"author":9605,"featured_media":216,"comment_status":"closed","ping_status":"closed","sticky":false,"template":"","format":"standard","meta":{"footnotes":""},"categories":[1],"tags":[7,16,15],"class_list":["post-215","post","type-post","status-publish","format-standard","has-post-thumbnail","hentry","category-sem-categoria","tag-https-www-ufsm-br-orgaos-suplementares-dga-buscaqareapostorderbydatesites991","tag-gestao-ambiental","tag-sustentabilidade"],"acf":[],"_links":{"self":[{"href":"https:\/\/www.ufsm.br\/orgaos-suplementares\/dga\/wp-json\/wp\/v2\/posts\/215","targetHints":{"allow":["GET"]}}],"collection":[{"href":"https:\/\/www.ufsm.br\/orgaos-suplementares\/dga\/wp-json\/wp\/v2\/posts"}],"about":[{"href":"https:\/\/www.ufsm.br\/orgaos-suplementares\/dga\/wp-json\/wp\/v2\/types\/post"}],"author":[{"embeddable":true,"href":"https:\/\/www.ufsm.br\/orgaos-suplementares\/dga\/wp-json\/wp\/v2\/users\/9605"}],"replies":[{"embeddable":true,"href":"https:\/\/www.ufsm.br\/orgaos-suplementares\/dga\/wp-json\/wp\/v2\/comments?post=215"}],"version-history":[{"count":0,"href":"https:\/\/www.ufsm.br\/orgaos-suplementares\/dga\/wp-json\/wp\/v2\/posts\/215\/revisions"}],"wp:featuredmedia":[{"embeddable":true,"href":"https:\/\/www.ufsm.br\/orgaos-suplementares\/dga\/wp-json\/wp\/v2\/media\/216"}],"wp:attachment":[{"href":"https:\/\/www.ufsm.br\/orgaos-suplementares\/dga\/wp-json\/wp\/v2\/media?parent=215"}],"wp:term":[{"taxonomy":"category","embeddable":true,"href":"https:\/\/www.ufsm.br\/orgaos-suplementares\/dga\/wp-json\/wp\/v2\/categories?post=215"},{"taxonomy":"post_tag","embeddable":true,"href":"https:\/\/www.ufsm.br\/orgaos-suplementares\/dga\/wp-json\/wp\/v2\/tags?post=215"}],"curies":[{"name":"wp","href":"https:\/\/api.w.org\/{rel}","templated":true}]}}