{"id":2939,"date":"2021-12-17T12:39:14","date_gmt":"2021-12-17T15:39:14","guid":{"rendered":"https:\/\/www.ufsm.br\/orgaos-de-apoio\/sai\/?p=2939"},"modified":"2023-10-20T09:04:18","modified_gmt":"2023-10-20T12:04:18","slug":"video-internacionalizacao-da-ufsm-com-a-china-entrevista-com-o-reitor-paulo-burmann","status":"publish","type":"post","link":"https:\/\/www.ufsm.br\/orgaos-suplementares\/dri\/2021\/12\/17\/video-internacionalizacao-da-ufsm-com-a-china-entrevista-com-o-reitor-paulo-burmann","title":{"rendered":"Internacionaliza\u00e7\u00e3o da UFSM com a China: Entrevista com o Reitor Paulo Afonso Burmann"},"content":{"rendered":"\n<p><span style=\"font-weight: 400\">A assessora adjunta da Secretaria de Apoio Internacional (SAI), professora Paola de Azevedo Mello, entrevistou recentemente o reitor professor Paulo Afonso Burmann sobre o processo de internacionaliza\u00e7\u00e3o da UFSM com a China. A conversa celebrou os acordos que unem a universidade com institui\u00e7\u00f5es chinesas, desenvolvidos com excel\u00eancia desde 2017. Mesmo com as dificuldades culturais impostas pela dist\u00e2ncia, tamb\u00e9m celebraram alian\u00e7as mediadas pela SAI, que promovem uma aproxima\u00e7\u00e3o da universidade com o \u00e2mbito internacional.<\/span><\/p>\n<p><span style=\"font-weight: 400\">Nesse sentido, o reitor destaca a UFSM como protagonista nesse movimento, visto sua escolha como vice-presidente do Centro Brasil-China de Pesquisa em Agricultura Sustent\u00e1vel (<\/span><i><span style=\"font-weight: 400\">China-Latin America Agricultural Education and Research Innovation Alliance &#8211; CLAERIA<\/span><\/i><span style=\"font-weight: 400\">)<\/span><span style=\"font-weight: 400\">, alcan\u00e7ado um de seus principais objetivos: a internacionaliza\u00e7\u00e3o. O Centro une 40 institui\u00e7\u00f5es de ensino superior em toda a Am\u00e9rica Latina, promovendo coopera\u00e7\u00e3o m\u00fatua que se manifesta, por exemplo, pela oferta de vagas em cursos de gradua\u00e7\u00e3o e p\u00f3s-gradua\u00e7\u00e3o.<\/span><\/p>\n<p><span style=\"font-weight: 400\">Al\u00e9m disso, tamb\u00e9m s\u00e3o citados os conv\u00eanios assinados pela UFSM com institui\u00e7\u00f5es chinesas nestes \u00faltimos anos, s\u00e3o elas: a <\/span><i><span style=\"font-weight: 400\">South China Agricultural University<\/span><\/i><span style=\"font-weight: 400\">, localizada na cidade de Guangzhou e coordenado pelo professor Jerson Vanderlei Carus Guedes; a <\/span><i><span style=\"font-weight: 400\">Fujian Medical University<\/span><\/i><span style=\"font-weight: 400\">, localizada na cidade de Fuzhou e coordenado pelo professor F\u00e9lix Alexandre Antunes Soares; e a <\/span><i><span style=\"font-weight: 400\">Hebei Normal University<\/span><\/i><span style=\"font-weight: 400\">, localizada em Shijiazhuang e coordenado pelo professor \u00c9rico Marlon de Moraes Flores.<\/span><\/p>\n<p><span style=\"font-weight: 400\">Ainda sobre estes conv\u00eanios, o Reitor Paulo Burmann comenta sobre a realiza\u00e7\u00e3o de cursos oferecidos pela Universidade Normal de Hebei para a UFSM e institui\u00e7\u00f5es parceiras no Rio Grande do Sul, resultado justamente da aproxima\u00e7\u00e3o da UFSM com universidades estrangeiras. Ao todo foram oferecidas 375 vagas em nove turmas divididas entre os dois semestres de 2021, distribu\u00eddas entre os cursos de \u201cIntrodu\u00e7\u00e3o \u00e0 Cultura Chinesa\u201d, \u201cIntrodu\u00e7\u00e3o \u00e0 Medicina Tradicional Chinesa\u201d, \u201cChin\u00eas I\u201d e \u201cChin\u00eas II\u201d. A cerim\u00f4nia de encerramento das turmas do segundo semestre aconteceu na \u00faltima quarta-feira, dia 15 de dezembro, e contou com a presen\u00e7a de discentes, docentes, autoridades chinesas, t\u00e9cnicos-administrativos e o reitor da UFSM. \u00c9 poss\u00edvel conferir informa\u00e7\u00f5es sobre o evento atrav\u00e9s da <a href=\"https:\/\/www.ufsm.br\/orgaos-suplementares\/dri\/2021\/12\/16\/sai-realiza-cerimonia-de-encerramento-de-cursos-gratuitos-em-parceria-com-universidade-chinesa\/\">not\u00edcia publicada na p\u00e1gina da SAI<\/a>.<\/span><\/p>\n<p><span style=\"font-weight: 400\">Para o futuro, o reitor antecipa que, gra\u00e7as a sua aptid\u00e3o internacionalista, a UFSM se destacar\u00e1 ainda mais, estreitando os la\u00e7os com outros pa\u00edses. Nesse sentido, a universidade tem potencial para se tornar um polo de media\u00e7\u00e3o entre China e Brasil, o que tende a ser positivo para ambos, j\u00e1 que une uma trajet\u00f3ria acad\u00eamica de 60 anos com a cultura milenar chinesa, pa\u00eds que tamb\u00e9m tem grande import\u00e2ncia econ\u00f4mica para o Brasil.<\/span><\/p>\n<p><span style=\"font-weight: 400\">Voc\u00ea pode conferir a entrevista completa a seguir:<\/span><\/p>\n\n\n\n<iframe width=\"640\" height=\"360\" src=\"https:\/\/farol.ufsm.br\/video\/embed\/internacionalizacao-da-ufsm-com-a-china-entrevista-com-o-reitor-paulo-burmann\/\" frameborder=\"0\" allowfullscreen=\"\"><\/iframe>\n\n\n\n<p>&nbsp;<\/p>\n<p><i><span style=\"font-weight: 400\">Texto: Pedro Souza, acad\u00eamico de Jornalismo, bolsista na SAI<\/span><\/i><\/p>\n<p><i><span style=\"font-weight: 400\">Revis\u00e3o: N\u00facleo de Comunica\u00e7\u00e3o da SAI<\/span><\/i><\/p>\n","protected":false},"excerpt":{"rendered":"<p>Entrevista abordou perspectivas da universidade em rela\u00e7\u00e3o ao processo de aproxima\u00e7\u00e3o com institui\u00e7\u00f5es chinesas<\/p>\n","protected":false},"author":2432,"featured_media":0,"comment_status":"closed","ping_status":"closed","sticky":false,"template":"","format":"standard","meta":{"footnotes":""},"categories":[199,176,186,1],"tags":[197,142,200,149],"class_list":["post-2939","post","type-post","status-publish","format-standard","hentry","category-acordos-bilaterais","category-china","category-entrevista","category-noticias","tag-acordos-bilaterais","tag-china","tag-entrevista","tag-internacionalizacao"],"acf":[],"_links":{"self":[{"href":"https:\/\/www.ufsm.br\/orgaos-suplementares\/dri\/wp-json\/wp\/v2\/posts\/2939","targetHints":{"allow":["GET"]}}],"collection":[{"href":"https:\/\/www.ufsm.br\/orgaos-suplementares\/dri\/wp-json\/wp\/v2\/posts"}],"about":[{"href":"https:\/\/www.ufsm.br\/orgaos-suplementares\/dri\/wp-json\/wp\/v2\/types\/post"}],"author":[{"embeddable":true,"href":"https:\/\/www.ufsm.br\/orgaos-suplementares\/dri\/wp-json\/wp\/v2\/users\/2432"}],"replies":[{"embeddable":true,"href":"https:\/\/www.ufsm.br\/orgaos-suplementares\/dri\/wp-json\/wp\/v2\/comments?post=2939"}],"version-history":[{"count":0,"href":"https:\/\/www.ufsm.br\/orgaos-suplementares\/dri\/wp-json\/wp\/v2\/posts\/2939\/revisions"}],"wp:attachment":[{"href":"https:\/\/www.ufsm.br\/orgaos-suplementares\/dri\/wp-json\/wp\/v2\/media?parent=2939"}],"wp:term":[{"taxonomy":"category","embeddable":true,"href":"https:\/\/www.ufsm.br\/orgaos-suplementares\/dri\/wp-json\/wp\/v2\/categories?post=2939"},{"taxonomy":"post_tag","embeddable":true,"href":"https:\/\/www.ufsm.br\/orgaos-suplementares\/dri\/wp-json\/wp\/v2\/tags?post=2939"}],"curies":[{"name":"wp","href":"https:\/\/api.w.org\/{rel}","templated":true}]}}