{"id":2983,"date":"2022-02-24T11:36:44","date_gmt":"2022-02-24T14:36:44","guid":{"rendered":"https:\/\/www.ufsm.br\/orgaos-de-apoio\/sai\/?p=2983"},"modified":"2022-02-24T14:54:23","modified_gmt":"2022-02-24T17:54:23","slug":"sai-anuncia-novas-turmas-de-curso-de-chines-em-parceria-com-universidade-de-hebei","status":"publish","type":"post","link":"https:\/\/www.ufsm.br\/orgaos-suplementares\/dri\/2022\/02\/24\/sai-anuncia-novas-turmas-de-curso-de-chines-em-parceria-com-universidade-de-hebei","title":{"rendered":"SAI anuncia novas turmas para cursos de chin\u00eas em parceria com Universidade Normal de Hebei"},"content":{"rendered":"\n<p><span style=\"font-weight: 400\">A Secretaria de Apoio Internacional (SAI) anuncia a abertura do edital de sele\u00e7\u00e3o para novas turmas dos cursos de chin\u00eas disponibilizados em parceria com a Universidade Normal de Hebei (HNU). Os cursos t\u00eam carga hor\u00e1ria total de 45h e s\u00e3o voltados para servidores(as) e estudantes vinculados \u00e0 UFSM e interessados(as) em conhecer ou aprofundar conhecimentos na cultura e l\u00edngua chinesa. Todas as aulas ser\u00e3o ministradas em l\u00edngua portuguesa e de forma remota, entre mar\u00e7o e junho de 2022. O <strong>per\u00edodo de inscri\u00e7\u00f5es<\/strong> se iniciou no dia 23\/02 e <strong>se encerra no dia 10\/03<\/strong>, com divulga\u00e7\u00e3o do resultado parcial no dia 13\/03 e do final at\u00e9 o dia 16\/03. O edital completo, com informa\u00e7\u00f5es detalhadas e importantes sobre o processo seletivo, pode ser acessado <\/span><a href=\"https:\/\/www.ufsm.br\/orgaos-suplementares\/dri\/editais\/001-2022\/\"><span style=\"font-weight: 400\">neste link<\/span><\/a><span style=\"font-weight: 400\">.<\/span><\/p>\n<p><span style=\"font-weight: 400\">Antes de encerrar o curso, o(a) aluno(a) deve se comprometer a realizar o Exame de Profici\u00eancia em Chin\u00eas HSK\/HSKK, que \u00e9 o exame oficial da l\u00edngua chinesa em todo o mundo. Os custos do exame de profici\u00eancia est\u00e3o descritos no item 7 do edital de sele\u00e7\u00e3o e dever\u00e3o ser financiados pelo(a) pr\u00f3prio(a) estudante, exceto aqueles(as) com registro ativo no Benef\u00edcio Socioecon\u00f4mico (BSE\/PRAE).\u00a0<\/span><\/p>\n<p><span style=\"font-weight: 400\">A oportunidade selecionar\u00e1 66 candidatos(as) ligados(as) \u00e0 UFSM, que ser\u00e3o distribu\u00eddos nas cinco turmas, sendo: 36 vagas para o curso de <\/span><b>Chin\u00eas 1<\/b><span style=\"font-weight: 400\">, 20 vagas para o curso de <\/span><b>Chin\u00eas 2<\/b><span style=\"font-weight: 400\"> e 10 vagas para o curso de <\/span><b>Chin\u00eas 3<\/b><span style=\"font-weight: 400\">. O objetivo do curso de Chin\u00eas 1 \u00e9 capacitar o(a) estudante a se comunicar em chin\u00eas em n\u00edvel iniciante, j\u00e1 o dos cursos de Chin\u00eas 2 e 3 \u00e9 aprofundar os conhecimentos sobre a cultura e a l\u00edngua chinesa.\u00a0<\/span><\/p>\n<p dir=\"ltr\" style=\"line-height: 1.7999999999999998;text-align: justify;margin-top: 0pt;margin-bottom: 0pt\">\u00a0<\/p>\n<p><i><span style=\"font-weight: 400\">Texto: Pedro Souza, acad\u00eamico de Jornalismo, bolsista na SAI<\/span><\/i><\/p>\n<p><i><span style=\"font-weight: 400\">Revis\u00e3o: N\u00facleo de Comunica\u00e7\u00e3o da SAI<\/span><\/i><\/p>\n<p dir=\"ltr\" style=\"line-height: 1.7999999999999998;text-align: justify;margin-top: 0pt;margin-bottom: 0pt\"><br \/><br \/><\/p>\n","protected":false},"excerpt":{"rendered":"<p>As aulas se iniciam entre 22 e 23 de mar\u00e7o, de forma online, atrav\u00e9s da plataforma VooV Meeting.<\/p>\n","protected":false},"author":2432,"featured_media":0,"comment_status":"closed","ping_status":"closed","sticky":false,"template":"","format":"standard","meta":{"footnotes":""},"categories":[176,167,187,1,123,183,173],"tags":[],"class_list":["post-2983","post","type-post","status-publish","format-standard","hentry","category-china","category-divulgacao","category-graduacao","category-noticias","category-oportunidades","category-pos-graduacao","category-servidores"],"acf":[],"_links":{"self":[{"href":"https:\/\/www.ufsm.br\/orgaos-suplementares\/dri\/wp-json\/wp\/v2\/posts\/2983","targetHints":{"allow":["GET"]}}],"collection":[{"href":"https:\/\/www.ufsm.br\/orgaos-suplementares\/dri\/wp-json\/wp\/v2\/posts"}],"about":[{"href":"https:\/\/www.ufsm.br\/orgaos-suplementares\/dri\/wp-json\/wp\/v2\/types\/post"}],"author":[{"embeddable":true,"href":"https:\/\/www.ufsm.br\/orgaos-suplementares\/dri\/wp-json\/wp\/v2\/users\/2432"}],"replies":[{"embeddable":true,"href":"https:\/\/www.ufsm.br\/orgaos-suplementares\/dri\/wp-json\/wp\/v2\/comments?post=2983"}],"version-history":[{"count":0,"href":"https:\/\/www.ufsm.br\/orgaos-suplementares\/dri\/wp-json\/wp\/v2\/posts\/2983\/revisions"}],"wp:attachment":[{"href":"https:\/\/www.ufsm.br\/orgaos-suplementares\/dri\/wp-json\/wp\/v2\/media?parent=2983"}],"wp:term":[{"taxonomy":"category","embeddable":true,"href":"https:\/\/www.ufsm.br\/orgaos-suplementares\/dri\/wp-json\/wp\/v2\/categories?post=2983"},{"taxonomy":"post_tag","embeddable":true,"href":"https:\/\/www.ufsm.br\/orgaos-suplementares\/dri\/wp-json\/wp\/v2\/tags?post=2983"}],"curies":[{"name":"wp","href":"https:\/\/api.w.org\/{rel}","templated":true}]}}