{"id":3403,"date":"2022-08-16T09:47:30","date_gmt":"2022-08-16T12:47:30","guid":{"rendered":"https:\/\/www.ufsm.br\/orgaos-de-apoio\/sai\/?p=3403"},"modified":"2022-08-16T09:47:31","modified_gmt":"2022-08-16T12:47:31","slug":"idiomas-sem-fronteiras-ingles-anuncia-cursos-de-curta-duracao","status":"publish","type":"post","link":"https:\/\/www.ufsm.br\/orgaos-suplementares\/dri\/2022\/08\/16\/idiomas-sem-fronteiras-ingles-anuncia-cursos-de-curta-duracao","title":{"rendered":"Idiomas sem Fronteiras &#8211; Ingl\u00eas anuncia cursos de curta dura\u00e7\u00e3o"},"content":{"rendered":"\n<p><span style=\"font-weight: 400\">O projeto de ensino <\/span><a href=\"https:\/\/www.ufsm.br\/projetos\/ensino\/isf\/ingles\/\"><span style=\"font-weight: 400\">Idiomas sem Fronteiras &#8211; Ingl\u00eas<\/span><\/a><span style=\"font-weight: 400\"> anunciou a abertura das inscri\u00e7\u00f5es para dois novos cursos de l\u00ednguas: o curso <\/span><b>\u201cComunica\u00e7\u00e3o intercultural &#8211; ingl\u00eas para viagens\u201d<\/b><span style=\"font-weight: 400\"> e o curso <\/span><b>\u201cElementos gramaticais na leitura do texto acad\u00eamico\u201d<\/b><span style=\"font-weight: 400\">. As oportunidades ocorrer\u00e3o em modalidade <\/span><b>online<\/b><span style=\"font-weight: 400\"> e ser\u00e3o de curta dura\u00e7\u00e3o. Podem se inscrever servidores e estudantes da UFSM de todos os campi, al\u00e9m de docentes da rede b\u00e1sica municipal ou estadual. As inscri\u00e7\u00f5es seguem at\u00e9 o dia <b>19\/08<\/b> (sexta-feira), exclusivamente pelos formul\u00e1rios abaixo.\u00a0<\/span><\/p>\n<p><span style=\"font-weight: 400\">Ser\u00e3o duas turmas:<\/span><\/p>\n<p><b>Turma 1 &#8211; Comunica\u00e7\u00e3o intercultural \u2013 ingl\u00eas para viagens (A2 &#8211; b\u00e1sico)<\/b><\/p>\n<ul>\n<li style=\"font-weight: 400\"><span style=\"font-weight: 400\">Segundas e quartas, 10h \u00e0s 11h30min: 22\/08 a 14\/09<\/span><\/li>\n<li style=\"font-weight: 400\"><span style=\"font-weight: 400\">Objetivo: Desenvolver habilidades comunicativas b\u00e1sicas em l\u00edngua inglesa, relacionadas a contextos de viagens e outras formas de mobilidade intercultural.<\/span><\/li>\n<li style=\"font-weight: 400\"><span style=\"font-weight: 400\">Inscri\u00e7\u00f5es <\/span><a href=\"https:\/\/forms.gle\/Y98BTsKhiGX2gQau9\"><span style=\"font-weight: 400\">neste link<\/span><\/a><span style=\"font-weight: 400\">.\u00a0<\/span><\/li>\n<\/ul>\n<p>\u00a0<\/p>\n<p><b>Turma 2 &#8211; Elementos gramaticais na leitura do texto acad\u00eamico (B1 &#8211; pr\u00e9-intermedi\u00e1rio)<\/b><\/p>\n<ul>\n<li style=\"font-weight: 400\"><span style=\"font-weight: 400\">Segundas e quintas, 17h30min \u00e0s 19h: 22\/08 a 15\/09<\/span><\/li>\n<li style=\"font-weight: 400\"><span style=\"font-weight: 400\">Objetivo: Desenvolver conhecimentos no n\u00edvel da gram\u00e1tica para auxiliar na compreens\u00e3o escrita de textos em ingl\u00eas no contexto cient\u00edfico.\u00a0<\/span><\/li>\n<li style=\"font-weight: 400\"><span style=\"font-weight: 400\">Inscri\u00e7\u00f5es <\/span><a href=\"https:\/\/forms.gle\/GPrfP7fR6v1FA3qeA\"><span style=\"font-weight: 400\">neste link<\/span><\/a><span style=\"font-weight: 400\">.<\/span><\/li>\n<\/ul>\n<p><span style=\"font-weight: 400\">D\u00favidas sobre o processo seletivo devem ser enviadas diretamente para o IsF &#8211; Ingl\u00eas, atrav\u00e9s do e-mail: <a href=\"mailto:isf.ingles@ufsm.br\">isf.ingles@ufsm.br<\/a>.<\/span><\/p>\n<p>\u00a0<\/p>\n<p><i><span style=\"font-weight: 400\">Texto: Pedro Souza, acad\u00eamico de Jornalismo, bolsista na SAI<\/span><\/i><\/p>\n<p><i><span style=\"font-weight: 400\">Revis\u00e3o: N\u00facleo de Comunica\u00e7\u00e3o da SAI<\/span><\/i><\/p>\n","protected":false},"excerpt":{"rendered":"<p>Oportunidade de curta dura\u00e7\u00e3o pretende ajudar na comunica\u00e7\u00e3o durante viagens e na leitura de textos acad\u00eamicos<\/p>\n","protected":false},"author":2432,"featured_media":0,"comment_status":"closed","ping_status":"closed","sticky":false,"template":"","format":"standard","meta":{"footnotes":""},"categories":[167,187,122,1,123,183,173],"tags":[],"class_list":["post-3403","post","type-post","status-publish","format-standard","hentry","category-divulgacao","category-graduacao","category-idiomas-sem-fronteiras","category-noticias","category-oportunidades","category-pos-graduacao","category-servidores"],"acf":[],"_links":{"self":[{"href":"https:\/\/www.ufsm.br\/orgaos-suplementares\/dri\/wp-json\/wp\/v2\/posts\/3403","targetHints":{"allow":["GET"]}}],"collection":[{"href":"https:\/\/www.ufsm.br\/orgaos-suplementares\/dri\/wp-json\/wp\/v2\/posts"}],"about":[{"href":"https:\/\/www.ufsm.br\/orgaos-suplementares\/dri\/wp-json\/wp\/v2\/types\/post"}],"author":[{"embeddable":true,"href":"https:\/\/www.ufsm.br\/orgaos-suplementares\/dri\/wp-json\/wp\/v2\/users\/2432"}],"replies":[{"embeddable":true,"href":"https:\/\/www.ufsm.br\/orgaos-suplementares\/dri\/wp-json\/wp\/v2\/comments?post=3403"}],"version-history":[{"count":0,"href":"https:\/\/www.ufsm.br\/orgaos-suplementares\/dri\/wp-json\/wp\/v2\/posts\/3403\/revisions"}],"wp:attachment":[{"href":"https:\/\/www.ufsm.br\/orgaos-suplementares\/dri\/wp-json\/wp\/v2\/media?parent=3403"}],"wp:term":[{"taxonomy":"category","embeddable":true,"href":"https:\/\/www.ufsm.br\/orgaos-suplementares\/dri\/wp-json\/wp\/v2\/categories?post=3403"},{"taxonomy":"post_tag","embeddable":true,"href":"https:\/\/www.ufsm.br\/orgaos-suplementares\/dri\/wp-json\/wp\/v2\/tags?post=3403"}],"curies":[{"name":"wp","href":"https:\/\/api.w.org\/{rel}","templated":true}]}}