{"id":3746,"date":"2022-12-26T11:38:09","date_gmt":"2022-12-26T14:38:09","guid":{"rendered":"https:\/\/www.ufsm.br\/orgaos-de-apoio\/sai\/?p=3746"},"modified":"2023-02-28T12:15:07","modified_gmt":"2023-02-28T15:15:07","slug":"sai-divulga-oportunidades-de-intercambio-para-o-canada","status":"publish","type":"post","link":"https:\/\/www.ufsm.br\/orgaos-suplementares\/dri\/2022\/12\/26\/sai-divulga-oportunidades-de-intercambio-para-o-canada","title":{"rendered":"SAI divulga oportunidades de interc\u00e2mbio para o Canad\u00e1"},"content":{"rendered":"\n<p><span style=\"font-weight: 400\">A SAI, atrav\u00e9s do <\/span><a href=\"https:\/\/echanges-etudiants.bci-qc.ca\/\"><span style=\"font-weight: 400\">Grupo BCI (Bureau de Coop\u00e9ration Interuniversitaire<\/span><\/a><span style=\"font-weight: 400\">), divulga o seu primeiro <\/span><a href=\"https:\/\/www.ufsm.br\/orgaos-suplementares\/dri\/editais\/024-2022\/\"><span style=\"font-weight: 400\">edital de mobilidades para o ano de 2023<\/span><\/a><span style=\"font-weight: 400\">, com destino a Quebec, no Canad\u00e1. O edital prev\u00ea a pr\u00e9-sele\u00e7\u00e3o de candidatos para a realiza\u00e7\u00e3o de interc\u00e2mbio, durante o ano acad\u00eamico de 2023-2024. O n\u00famero de vagas dispon\u00edveis depende da oferta de cada universidade, que atende \u00e0s condi\u00e7\u00f5es espec\u00edficas de cada institui\u00e7\u00e3o, dispon\u00edveis <\/span><a href=\"https:\/\/echanges-etudiants.bci-qc.ca\/\"><span style=\"font-weight: 400\">neste link<\/span><\/a><span style=\"font-weight: 400\">. No total, s\u00e3o oito institui\u00e7\u00f5es participantes, que podem ser consultadas no <\/span><i><span style=\"font-weight: 400\">BCI SEP Summary Table<\/span><\/i><span style=\"font-weight: 400\">, <\/span><a href=\"https:\/\/www.ufsm.br\/app\/uploads\/sites\/402\/2022\/12\/ANEXO-II_BCI-QSEP_Summary-Table_2023-2024_Quebec-Universities.pdf\"><span style=\"font-weight: 400\">neste link<\/span><\/a><span style=\"font-weight: 400\">. A SAI, neste processo, age como mediadora, sendo inicialmente respons\u00e1vel por fazer a pr\u00e9-sele\u00e7\u00e3o e, a depender da aprova\u00e7\u00e3o da universidade de destino, a nomea\u00e7\u00e3o e o acompanhamento do estudante.<\/span><\/p>\n<p><span style=\"font-weight: 400\">A pr\u00e9-sele\u00e7\u00e3o ser\u00e1 dividida em dois grupos de quatro universidades cada, contando com cronogramas pr\u00f3prios. Para o primeiro grupo, as inscri\u00e7\u00f5es seguem at\u00e9 o dia 03 de fevereiro de 2023, com publica\u00e7\u00e3o do resultado final em 08 de fevereiro e confirma\u00e7\u00e3o de interesse na vaga nos dois dias seguintes. J\u00e1 referente ao segundo grupo, as inscri\u00e7\u00f5es seguem at\u00e9 o dia 27 de fevereiro, com publica\u00e7\u00e3o do resultado final em 03 de mar\u00e7o e confirma\u00e7\u00e3o nos dias 06 e 07 de mar\u00e7o.<\/span><\/p>\n<p><span style=\"font-weight: 400\">Ao se candidatar, o estudante poder\u00e1 participar de disciplinas optativas, realizar o seu trabalho final de curso, participar de atividades de pesquisa e extens\u00e3o ou outras atividades acad\u00eamicas semelhantes. O candidato pode se candidatar apenas uma vez, indicando a primeira op\u00e7\u00e3o de universidade de destino, j\u00e1 as outras op\u00e7\u00f5es devem ser preenchidas diretamente no Formul\u00e1rio online do BCI. Alguns dos requisitos que devem ser atendidos \u00e9 a conclus\u00e3o m\u00ednima do quarto semestre, ter M\u00e9dia Geral Acumulada (MGA) igual ou superior a sete, respeitar os pr\u00e9-requisitos do curso de origem e destino e a apresenta\u00e7\u00e3o do <\/span><a href=\"https:\/\/www.ufsm.br\/app\/uploads\/sites\/402\/2022\/12\/Plano-de-estudos.pdf\"><span style=\"font-weight: 400\">Plano de Ensino<\/span><\/a><span style=\"font-weight: 400\"> aprovado pela coordena\u00e7\u00e3o de curso. Para a constru\u00e7\u00e3o do Plano, o candidato deve se certificar que as disciplinas de seu interesse ser\u00e3o ofertadas no semestre da mobilidade, al\u00e9m de verificar se elas poder\u00e3o ser aproveitadas pela coordena\u00e7\u00e3o ap\u00f3s o retorno.<\/span><\/p>\n<p><span style=\"font-weight: 400\">\u00c9 importante que o candidato esteja atento \u00e0 necessidade de testes de sufici\u00eancia lingu\u00edstica que cada universidade pode exigir, em vista de que na maioria das universidades, os cursos s\u00e3o ofertados somente em franc\u00eas. Al\u00e9m disso, devido aos acordos entre a UFSM e o Grupo BCI, o intercambista recebe isen\u00e7\u00e3o de taxas acad\u00eamicas, como matr\u00edcula e inscri\u00e7\u00e3o em disciplinas, mas ainda \u00e9 respons\u00e1vel pelos gastos de viagem e de estadia no exterior, bem como emiss\u00e3o de passaportes e realiza\u00e7\u00e3o de teste de sufici\u00eancia, se necess\u00e1rio. Para a pr\u00e9-sele\u00e7\u00e3o, n\u00e3o \u00e9 necess\u00e1rio a apresenta\u00e7\u00e3o do passaporte, que se torna obrigat\u00f3rio apenas a partir da nomea\u00e7\u00e3o do candidato.<\/span><\/p>\n<p><i><span style=\"font-weight: 400\">Texto: Pedro Souza, acad\u00eamico de Jornalismo, bolsista na SAI<\/span><\/i><\/p>\n<p><i><span style=\"font-weight: 400\">Revis\u00e3o: N\u00facleo de Comunica\u00e7\u00e3o da SAI<\/span><\/i><\/p>\n","protected":false},"excerpt":{"rendered":"<p>Oportunidade contempla oito institui\u00e7\u00f5es de ensino e tem previs\u00e3o de realiza\u00e7\u00e3o no ano acad\u00eamico de 2023-2024.<\/p>\n","protected":false},"author":2432,"featured_media":0,"comment_status":"closed","ping_status":"closed","sticky":false,"template":"","format":"standard","meta":{"footnotes":""},"categories":[199,239,238,167,187,168,212,1,123],"tags":[],"class_list":["post-3746","post","type-post","status-publish","format-standard","hentry","category-acordos-bilaterais","category-america-do-norte","category-canada","category-divulgacao","category-graduacao","category-intercambio","category-internacionalizacao","category-noticias","category-oportunidades"],"acf":[],"_links":{"self":[{"href":"https:\/\/www.ufsm.br\/orgaos-suplementares\/dri\/wp-json\/wp\/v2\/posts\/3746","targetHints":{"allow":["GET"]}}],"collection":[{"href":"https:\/\/www.ufsm.br\/orgaos-suplementares\/dri\/wp-json\/wp\/v2\/posts"}],"about":[{"href":"https:\/\/www.ufsm.br\/orgaos-suplementares\/dri\/wp-json\/wp\/v2\/types\/post"}],"author":[{"embeddable":true,"href":"https:\/\/www.ufsm.br\/orgaos-suplementares\/dri\/wp-json\/wp\/v2\/users\/2432"}],"replies":[{"embeddable":true,"href":"https:\/\/www.ufsm.br\/orgaos-suplementares\/dri\/wp-json\/wp\/v2\/comments?post=3746"}],"version-history":[{"count":0,"href":"https:\/\/www.ufsm.br\/orgaos-suplementares\/dri\/wp-json\/wp\/v2\/posts\/3746\/revisions"}],"wp:attachment":[{"href":"https:\/\/www.ufsm.br\/orgaos-suplementares\/dri\/wp-json\/wp\/v2\/media?parent=3746"}],"wp:term":[{"taxonomy":"category","embeddable":true,"href":"https:\/\/www.ufsm.br\/orgaos-suplementares\/dri\/wp-json\/wp\/v2\/categories?post=3746"},{"taxonomy":"post_tag","embeddable":true,"href":"https:\/\/www.ufsm.br\/orgaos-suplementares\/dri\/wp-json\/wp\/v2\/tags?post=3746"}],"curies":[{"name":"wp","href":"https:\/\/api.w.org\/{rel}","templated":true}]}}