{"id":3796,"date":"2023-01-25T12:32:58","date_gmt":"2023-01-25T15:32:58","guid":{"rendered":"https:\/\/www.ufsm.br\/orgaos-de-apoio\/sai\/?p=3796"},"modified":"2023-01-25T15:02:52","modified_gmt":"2023-01-25T18:02:52","slug":"ufsm-enviou-57-estudantes-de-graduacao-para-o-exterior-em-2022","status":"publish","type":"post","link":"https:\/\/www.ufsm.br\/orgaos-suplementares\/dri\/2023\/01\/25\/ufsm-enviou-57-estudantes-de-graduacao-para-o-exterior-em-2022","title":{"rendered":"UFSM enviou 57 estudantes de gradua\u00e7\u00e3o para o exterior em 2022"},"content":{"rendered":"\n<figure id=\"attachment_3797\" aria-describedby=\"caption-attachment-3797\" style=\"width: 1024px\" class=\"wp-caption aligncenter\"><img fetchpriority=\"high\" decoding=\"async\" class=\"wp-image-3797 size-large\" src=\"https:\/\/www.ufsm.br\/app\/uploads\/sites\/402\/2023\/01\/colagem-1024x576.jpg\" alt=\"\" width=\"1024\" height=\"576\" srcset=\"https:\/\/www.ufsm.br\/app\/uploads\/sites\/402\/2023\/01\/colagem-1024x576.jpg 1024w, https:\/\/www.ufsm.br\/app\/uploads\/sites\/402\/2023\/01\/colagem-300x169.jpg 300w, https:\/\/www.ufsm.br\/app\/uploads\/sites\/402\/2023\/01\/colagem-768x432.jpg 768w, https:\/\/www.ufsm.br\/app\/uploads\/sites\/402\/2023\/01\/colagem-1536x864.jpg 1536w, https:\/\/www.ufsm.br\/app\/uploads\/sites\/402\/2023\/01\/colagem.jpg 1920w\" sizes=\"(max-width: 1024px) 100vw, 1024px\" \/><figcaption id=\"caption-attachment-3797\" class=\"wp-caption-text\"><em>Cr\u00e9ditos das fotografias: Helena Bohn, Maite Mendes, Julia Dias, Pedro Nunes, Beatriz Campanha e Bruna Freitas. Edi\u00e7\u00e3o: Pedro Souza.<\/em><\/figcaption><\/figure>\n<p><span style=\"font-weight: 400\">Atrav\u00e9s de suas oportunidades de interc\u00e2mbio e est\u00e1gios internacionais, a SAI proporcionou a ida de quase 60 alunos de gradua\u00e7\u00e3o da UFSM para o exterior nos dois semestres letivos de 2022. Os dados sobre as mobilidades j\u00e1 podem ser conferidos na p\u00e1gina de internacionaliza\u00e7\u00e3o da plataforma UFSM em n\u00fameros, <\/span><a href=\"https:\/\/portal.ufsm.br\/ufsm-em-numeros\/publico\/painel.html?categoria=901\"><span style=\"font-weight: 400\">neste link<\/span><\/a><span style=\"font-weight: 400\">. Ao todo, foram tr\u00eas tipos de mobilidades: por conv\u00eanios bilaterais, pelo programa <\/span><a href=\"http:\/\/grupomontevideo.org\/sitio\/\"><span style=\"font-weight: 400\">AUGM (Associa\u00e7\u00e3o de Universidades do Grupo de Montevid\u00e9u)<\/span><\/a><span style=\"font-weight: 400\"> e para realiza\u00e7\u00e3o de est\u00e1gios. As mobilidades por conv\u00eanios bilaterais somam 30 alunos, j\u00e1 as realizadas atrav\u00e9s da AUGM somam 7 e a realiza\u00e7\u00e3o de est\u00e1gios totalizam 20 estudantes.<\/span><\/p>\n<p><span style=\"font-weight: 400\">No geral, foram nove pa\u00edses recebendo estudantes da UFSM, sendo eles: Alemanha, Argentina, B\u00e9lgica, Espanha, Estados Unidos, Fran\u00e7a, It\u00e1lia, Portugal e Uruguai. Com isso, os que mais receberam foram a Fran\u00e7a, com 16 mobilidades e os Estados Unidos, com 11 mobilidades concretizadas. Dentro da Am\u00e9rica Latina, foram 6 mobilidades apenas para a Argentina. A institui\u00e7\u00e3o mais procurada foi a <\/span><a href=\"https:\/\/phelma.grenoble-inp.fr\/\"><span style=\"font-weight: 400\">Ecole Physique, Electronic et Mat\u00e9riaux (Phelma)<\/span><\/a><span style=\"font-weight: 400\">, localizada em Grenoble, no sul da Fran\u00e7a. A Phelma \u00e9 refer\u00eancia em estudos de engenharia e participou do edital BRAFITEC, lan\u00e7ado em mar\u00e7o de 2022 pela SAI.<\/span><\/p>\n<p><span style=\"font-weight: 400\">Os cursos que mais enviaram estudantes para o exterior foram as engenharias, somando ao todo 27 mobilidades divididas em: aeroespacial (10 mobilidades), el\u00e9trica (7), telecomunica\u00e7\u00f5es (4), ac\u00fastica e florestal (duas mobilidades cada) e civil e mec\u00e2nica (uma mobilidade cada). Outros cursos que tamb\u00e9m se destacaram foram a Medicina Veterin\u00e1ria (oito mobilidades), a Agronomia (sete), a Fisioterapia (cinco) e as Rela\u00e7\u00f5es Internacionais (tr\u00eas).<\/span><\/p>\n<p><b>Como participar de interc\u00e2mbios pela SAI?<\/b><\/p>\n<p><span style=\"font-weight: 400\">Todo in\u00edcio de semestre, a SAI divulga os editais para interc\u00e2mbio para diversos n\u00edveis (gradua\u00e7\u00e3o, p\u00f3s-gradua\u00e7\u00e3o, gestores e docentes).\u00a0 No caso dos <\/span><a href=\"https:\/\/www.ufsm.br\/orgaos-suplementares\/dri\/mobilidades-bilaterais\"><span style=\"font-weight: 400\">conv\u00eanios bilaterais<\/span><\/a><span style=\"font-weight: 400\">, o estudante interessado pode verificar com anteced\u00eancia as possibilidades de pa\u00edses e institui\u00e7\u00f5es conveniados, <\/span><a href=\"https:\/\/www.ufsm.br\/orgaos-suplementares\/dri\/convenios-bilaterais-ativos\"><span style=\"font-weight: 400\">nesta p\u00e1gina<\/span><\/a><span style=\"font-weight: 400\">; ressalta-se que os custos do interc\u00e2mbio s\u00e3o mantidos majoritariamente pelo estudante. J\u00e1 pelo <\/span><a href=\"https:\/\/www.ufsm.br\/orgaos-suplementares\/dri\/mobilidades-augm\"><span style=\"font-weight: 400\">programa AUGM<\/span><\/a><span style=\"font-weight: 400\">, cada edital apresenta uma oferta diferente de institui\u00e7\u00f5es, assim, para ter um panorama geral das universidades membro, acesse <\/span><a href=\"https:\/\/www.ufsm.br\/orgaos-suplementares\/dri\/convenios-bilaterais-ativos\"><span style=\"font-weight: 400\">este link<\/span><\/a><span style=\"font-weight: 400\">. Um diferencial da AUGM \u00e9 que ela proporciona interc\u00e2mbios apenas dentro da Am\u00e9rica Latina, garantindo ajuda de custo para aux\u00edlio ao estudante. Por fim, para realiza\u00e7\u00e3o de <\/span><a href=\"https:\/\/www.ufsm.br\/orgaos-suplementares\/dri\/estagios-no-exterior\"><span style=\"font-weight: 400\">est\u00e1gios<\/span><\/a><span style=\"font-weight: 400\">, as mobilidades n\u00e3o dependem de edital e podem ser feitas a qualquer momento do semestre. Para ficar por dentro de todas as oportunidades ligadas \u00e0 internacionaliza\u00e7\u00e3o, \u00e9 recomendado seguir as redes sociais da SAI: <\/span><i><span style=\"font-weight: 400\">@sai.ufsm<\/span><\/i><span style=\"font-weight: 400\">.<\/span><\/p>\n<p><i><span style=\"font-weight: 400\">Texto: Pedro Souza, acad\u00eamico de Jornalismo, bolsista na SAI, com informa\u00e7\u00f5es do UFSM em N\u00fameros<\/span><\/i><\/p>\n<p><i><span style=\"font-weight: 400\">Revis\u00e3o: N\u00facleo de Comunica\u00e7\u00e3o da SAI<\/span><\/i><\/p>\n","protected":false},"excerpt":{"rendered":"<p>Foram ao todo nove pa\u00edses recebendo estudantes intercambistas da UFSM.<\/p>\n","protected":false},"author":2432,"featured_media":0,"comment_status":"closed","ping_status":"closed","sticky":false,"template":"","format":"standard","meta":{"footnotes":""},"categories":[199,177,158,187,168,212,1],"tags":[],"class_list":["post-3796","post","type-post","status-publish","format-standard","hentry","category-acordos-bilaterais","category-america-latina","category-augm","category-graduacao","category-intercambio","category-internacionalizacao","category-noticias"],"acf":[],"_links":{"self":[{"href":"https:\/\/www.ufsm.br\/orgaos-suplementares\/dri\/wp-json\/wp\/v2\/posts\/3796","targetHints":{"allow":["GET"]}}],"collection":[{"href":"https:\/\/www.ufsm.br\/orgaos-suplementares\/dri\/wp-json\/wp\/v2\/posts"}],"about":[{"href":"https:\/\/www.ufsm.br\/orgaos-suplementares\/dri\/wp-json\/wp\/v2\/types\/post"}],"author":[{"embeddable":true,"href":"https:\/\/www.ufsm.br\/orgaos-suplementares\/dri\/wp-json\/wp\/v2\/users\/2432"}],"replies":[{"embeddable":true,"href":"https:\/\/www.ufsm.br\/orgaos-suplementares\/dri\/wp-json\/wp\/v2\/comments?post=3796"}],"version-history":[{"count":0,"href":"https:\/\/www.ufsm.br\/orgaos-suplementares\/dri\/wp-json\/wp\/v2\/posts\/3796\/revisions"}],"wp:attachment":[{"href":"https:\/\/www.ufsm.br\/orgaos-suplementares\/dri\/wp-json\/wp\/v2\/media?parent=3796"}],"wp:term":[{"taxonomy":"category","embeddable":true,"href":"https:\/\/www.ufsm.br\/orgaos-suplementares\/dri\/wp-json\/wp\/v2\/categories?post=3796"},{"taxonomy":"post_tag","embeddable":true,"href":"https:\/\/www.ufsm.br\/orgaos-suplementares\/dri\/wp-json\/wp\/v2\/tags?post=3796"}],"curies":[{"name":"wp","href":"https:\/\/api.w.org\/{rel}","templated":true}]}}