{"id":3927,"date":"2023-04-03T12:15:59","date_gmt":"2023-04-03T15:15:59","guid":{"rendered":"https:\/\/www.ufsm.br\/orgaos-de-apoio\/sai\/?p=3927"},"modified":"2023-04-04T10:47:25","modified_gmt":"2023-04-04T13:47:25","slug":"inscricoes-abertas-para-cursos-de-chines-em-parceria-com-a-universidade-normal-de-hebei","status":"publish","type":"post","link":"https:\/\/www.ufsm.br\/orgaos-suplementares\/dri\/2023\/04\/03\/inscricoes-abertas-para-cursos-de-chines-em-parceria-com-a-universidade-normal-de-hebei","title":{"rendered":"Inscri\u00e7\u00f5es abertas para cursos de Chin\u00eas em parceria com a Universidade Normal de Hebei"},"content":{"rendered":"\n<p><span style=\"font-weight: 400\">Est\u00e3o abertas as inscri\u00e7\u00f5es para novas turmas dos cursos de Chin\u00eas, disponibilizados em parceria com a <\/span><a href=\"https:\/\/cice.hebtu.edu.cn\/a\/en\/xxjj\/sdjj\/index.html\"><span style=\"font-weight: 400\">Universidade Normal de Hebei (HNU)<\/span><\/a><span style=\"font-weight: 400\">. Esta \u00e9 a quinta vez desde 2021 que a oportunidade \u00e9 disponibilizada, mostrando o sucesso da coopera\u00e7\u00e3o entre a UFSM e a HNU, que apenas tende a se fortalecer mais. Os cursos t\u00eam carga hor\u00e1ria total de 30h ou 45h e s\u00e3o voltados para servidores e estudantes vinculados \u00e0 UFSM e institui\u00e7\u00f5es parceiras interessados em conhecer ou aprofundar conhecimentos na cultura e l\u00edngua chinesa. Neste semestre, ser\u00e3o oferecidas tr\u00eas modalidades: <\/span><a href=\"https:\/\/www.ufsm.br\/orgaos-suplementares\/dri\/editais\/005-2023\"><span style=\"font-weight: 400\">curso de introdu\u00e7\u00e3o \u00e0 cultura chinesa<\/span><\/a><span style=\"font-weight: 400\">, <\/span><a href=\"https:\/\/www.ufsm.br\/orgaos-suplementares\/dri\/editais\/004-2023\"><span style=\"font-weight: 400\">cursos de l\u00edngua chinesa (n\u00edveis 1, 2 e 3)<\/span><\/a><span style=\"font-weight: 400\"> e <\/span><a href=\"https:\/\/www.ufsm.br\/orgaos-suplementares\/dri\/editais\/006-2023\"><span style=\"font-weight: 400\">curso de introdu\u00e7\u00e3o \u00e0 medicina tradicional chinesa<\/span><\/a><span style=\"font-weight: 400\">.<\/span><\/p>\n<p><span style=\"font-weight: 400\">As aulas ser\u00e3o ministradas em l\u00edngua portuguesa e inglesa, de forma remota, entre maio e agosto de 2023. O per\u00edodo de inscri\u00e7\u00f5es se iniciou no dia 30\/03 e se encerra no dia 23\/04, com divulga\u00e7\u00e3o do resultado parcial at\u00e9 o dia 27\/04 e do final at\u00e9 o dia 03\/05. Os interessados podem se inscrever atrav\u00e9s do formul\u00e1rio eletr\u00f4nico dispon\u00edvel nos editais, sendo permitida somente uma inscri\u00e7\u00e3o por candidato. Os editais completos, com informa\u00e7\u00f5es detalhadas e importantes sobre os processos seletivos, podem ser acessados na p\u00e1gina de <\/span><a href=\"https:\/\/www.ufsm.br\/orgaos-suplementares\/dri\/busca?q=&amp;sites%5B%5D=402&amp;area=editais&amp;orderby=modified&amp;order=DESC\"><span style=\"font-weight: 400\">editais da SAI<\/span><\/a><span style=\"font-weight: 400\">. A oportunidade selecionar\u00e1 100 candidatos ligados \u00e0 UFSM, que ser\u00e3o distribu\u00eddos nas seis turmas, sendo: 30 vagas para o curso de Chin\u00eas 1 (que ter\u00e1 duas turmas de 15 alunos), 15 vagas para o curso de Chin\u00eas 2, 10 vagas para o curso de Chin\u00eas 3, 30 vagas para o curso de Introdu\u00e7\u00e3o \u00e0 Cultura Chinesa e 15 para o curso de Introdu\u00e7\u00e3o \u00e0 Medicina Tradicional Chinesa.<\/span><\/p>\n<p><span style=\"font-weight: 400\">Assim como nas edi\u00e7\u00f5es anteriores, mais uma vez as vagas est\u00e3o sendo divididas com institui\u00e7\u00f5es de ensino superior parceiras da UFSM, que preencher\u00e3o metade das vagas dispon\u00edveis. S\u00e3o elas a Universidade Federal do Rio Grande do Sul (UFRGS), Universidade Federal de Pelotas (UFPel), Universidade Federal do Rio Grande (FURG), Universidade Federal do Pampa (UNIPAMPA), Universidade Federal de Ci\u00eancias da Sa\u00fade de Porto Alegre (UFCSPA) e a Universidade Estadual do Rio Grande do Sul (UERGS).<\/span><\/p>\n<p><i><span style=\"font-weight: 400\">Texto: Pedro Souza, acad\u00eamico de Jornalismo, bolsista na SAI<\/span><\/i><\/p>\n<p><i><span style=\"font-weight: 400\">Revis\u00e3o: N\u00facleo de Comunica\u00e7\u00e3o da SAI<\/span><\/i><\/p>\n","protected":false},"excerpt":{"rendered":"<p>Oportunidades ser\u00e3o ministradas de forma remota entre maio e agosto. As inscri\u00e7\u00f5es seguem abertas at\u00e9 o dia 23\/04.<\/p>\n","protected":false},"author":2432,"featured_media":0,"comment_status":"closed","ping_status":"closed","sticky":false,"template":"","format":"standard","meta":{"footnotes":""},"categories":[175,176,167,233,209,187,212,1,123,183,173],"tags":[],"class_list":["post-3927","post","type-post","status-publish","format-standard","hentry","category-acordos-multilaterais","category-china","category-divulgacao","category-docentes","category-externo","category-graduacao","category-internacionalizacao","category-noticias","category-oportunidades","category-pos-graduacao","category-servidores"],"acf":[],"_links":{"self":[{"href":"https:\/\/www.ufsm.br\/orgaos-suplementares\/dri\/wp-json\/wp\/v2\/posts\/3927","targetHints":{"allow":["GET"]}}],"collection":[{"href":"https:\/\/www.ufsm.br\/orgaos-suplementares\/dri\/wp-json\/wp\/v2\/posts"}],"about":[{"href":"https:\/\/www.ufsm.br\/orgaos-suplementares\/dri\/wp-json\/wp\/v2\/types\/post"}],"author":[{"embeddable":true,"href":"https:\/\/www.ufsm.br\/orgaos-suplementares\/dri\/wp-json\/wp\/v2\/users\/2432"}],"replies":[{"embeddable":true,"href":"https:\/\/www.ufsm.br\/orgaos-suplementares\/dri\/wp-json\/wp\/v2\/comments?post=3927"}],"version-history":[{"count":0,"href":"https:\/\/www.ufsm.br\/orgaos-suplementares\/dri\/wp-json\/wp\/v2\/posts\/3927\/revisions"}],"wp:attachment":[{"href":"https:\/\/www.ufsm.br\/orgaos-suplementares\/dri\/wp-json\/wp\/v2\/media?parent=3927"}],"wp:term":[{"taxonomy":"category","embeddable":true,"href":"https:\/\/www.ufsm.br\/orgaos-suplementares\/dri\/wp-json\/wp\/v2\/categories?post=3927"},{"taxonomy":"post_tag","embeddable":true,"href":"https:\/\/www.ufsm.br\/orgaos-suplementares\/dri\/wp-json\/wp\/v2\/tags?post=3927"}],"curies":[{"name":"wp","href":"https:\/\/api.w.org\/{rel}","templated":true}]}}