{"id":4105,"date":"2023-06-06T17:10:51","date_gmt":"2023-06-06T20:10:51","guid":{"rendered":"https:\/\/www.ufsm.br\/orgaos-de-apoio\/sai\/?p=4105"},"modified":"2023-06-06T17:24:02","modified_gmt":"2023-06-06T20:24:02","slug":"daad-divulga-oportunidades-relacionadas-a-alemanha","status":"publish","type":"post","link":"https:\/\/www.ufsm.br\/orgaos-suplementares\/dri\/2023\/06\/06\/daad-divulga-oportunidades-relacionadas-a-alemanha","title":{"rendered":"DAAD divulga oportunidades relacionadas \u00e0 Alemanha"},"content":{"rendered":"\n<p><span style=\"font-weight: 400\">O <\/span><a href=\"https:\/\/www.daad.org.br\/pt\/\"><span style=\"font-weight: 400\">DAAD (Servi\u00e7o Alem\u00e3o de Interc\u00e2mbio Acad\u00eamico)<\/span><\/a><span style=\"font-weight: 400\"> divulga diversas oportunidades para acad\u00eamicos interessados em conhecer mais da cultura alem\u00e3. As oportunidades s\u00e3o voltadas para v\u00e1rios n\u00edveis de ensino e contemplam diferentes \u00e1reas de conhecimento, sendo que algumas delas ainda contam com bolsas de estudos. <\/span><span style=\"font-weight: 400\">Todas as oportunidades s\u00e3o de responsabilidade exclusiva do DAAD, sendo que a SAI, nesse contexto, atua apenas apoiando a divulga\u00e7\u00e3o junto \u00e0 comunidade acad\u00eamica da UFSM. D\u00favidas devem ser encaminhadas diretamente para o e-mail competente, dispon\u00edvel na <\/span><a href=\"https:\/\/www.daad.org.br\/pt\/2020\/08\/05\/novo-atendimento-online-do-daad-no-brasil\/\"><span style=\"font-weight: 400\">p\u00e1gina de contato<\/span><\/a><span style=\"font-weight: 400\"> do DAAD. Para consultar mais oportunidades de internacionaliza\u00e7\u00e3o, acesse o <\/span><a href=\"https:\/\/www.ufsm.br\/orgaos-suplementares\/dri\/calendario\"><span style=\"font-weight: 400\">Calend\u00e1rio Internacional da SAI<\/span><\/a><span style=\"font-weight: 400\">.<\/span><\/p>\n<p>\u00a0<\/p>\n<h3><b>Bolsas de <\/b><b><i>master<\/i><\/b><b> em pol\u00edticas p\u00fablicas<\/b><\/h3>\n<p><span style=\"font-weight: 400\">Est\u00e3o abertas at\u00e9 31 de julho<\/span><span style=\"font-weight: 400\">\u00a0as inscri\u00e7\u00f5es ao programa Helmut Schmidt, voltado \u00e0 forma\u00e7\u00e3o de profissionais nas \u00e1reas de Pol\u00edticas P\u00fablicas e Boa Governan\u00e7a. O DAAD concede bolsas para sete cursos de master na Alemanha, com dura\u00e7\u00e3o entre dois e quatro semestres. A maioria deles tem aulas ministradas em ingl\u00eas. Al\u00e9m da gradua\u00e7\u00e3o completa em Ci\u00eancias Sociais, Ci\u00eancias Pol\u00edticas, Direito, Administra\u00e7\u00e3o P\u00fablica, Economia ou \u00e1reas afins, \u00e9 necess\u00e1rio ter rendimento acad\u00eamico excelente e bons conhecimentos de alem\u00e3o ou ingl\u00eas. Os selecionados ganham bolsa mensal no valor de 934 euros (aproximadamente R$4.900,00), aux\u00edlio passagem a\u00e9rea, seguro-sa\u00fade e curso preparat\u00f3rio de alem\u00e3o. O principal objetivo \u00e9 a forma\u00e7\u00e3o de profissionais que, ao retornarem para seus pa\u00edses de origem, contribuam para o aperfei\u00e7oamento democr\u00e1tico da gest\u00e3o p\u00fablica. Confira todos os detalhes no<\/span> <a href=\"https:\/\/brasil.daad-newsletter.de\/i\/FIDmHGZbBpS4F5-ARH47-AwNcAlmZaDI\"><span style=\"font-weight: 400\">site<\/span><\/a><span style=\"font-weight: 400\"> e no <\/span><a href=\"https:\/\/brasil.daad-newsletter.de\/i\/3grd_K59-UT9xt9faybAfT-I8fanuoTS\"><span style=\"font-weight: 400\">edital<\/span><\/a><span style=\"font-weight: 400\">.\u00a0<\/span><\/p>\n<h3><b>P\u00f3s-doutorado com bolsa do DAAD<\/b><\/h3>\n<p><span style=\"font-weight: 400\">Criado em 2014 pelo DAAD para fomentar a mobilidade internacional de pesquisadores no p\u00f3s-doutorado de forma inovadora, o programa <\/span><a href=\"https:\/\/brasil.daad-newsletter.de\/i\/eK-PlThaqXyxcPRD-0Uez6MSdYhQEa2e\"><span style=\"font-weight: 400\">Postdoctoral Researchers International Mobility Experience (PRIME)<\/span><\/a><span style=\"font-weight: 400\"> recebe candidaturas at\u00e9 o dia 31 de agosto. Pesquisadores estrangeiros interessados em seguir carreira na Alemanha a longo prazo podem se candidatar ao PRIME, que viabiliza um contrato de trabalho numa universidade alem\u00e3 por 18 meses. Desse per\u00edodo, 12 meses s\u00e3o de pesquisa em uma ou mais institui\u00e7\u00f5es fora da Alemanha e seis meses de reintegra\u00e7\u00e3o na universidade alem\u00e3 anfitri\u00e3. O contato com a universidade alem\u00e3 e com a institui\u00e7\u00e3o escolhida fora da Alemanha s\u00e3o de responsabilidade dos candidatos. O in\u00edcio das atividades est\u00e1 previsto para junho de 2024. Consulte todos os detalhes no <\/span><a href=\"https:\/\/brasil.daad-newsletter.de\/i\/LcE5bgtsQhL271New7MflmYEmDkL8l33\"><span style=\"font-weight: 400\">edital<\/span><\/a><span style=\"font-weight: 400\">.\u00a0<\/span><\/p>\n<h3><b>Programa financia pesquisadores da Am\u00e9rica Latina<\/b><\/h3>\n<p><span style=\"font-weight: 400\">Com o objetivo de promover a mobilidade de pesquisadores entre a Am\u00e9rica Latina e Europa, o programa Marie Sk\u0142odowska-Curie Postdoctoral Fellowships (MSCA-PF) financia projetos de doutoras e doutores que tenham obtido o t\u00edtulo h\u00e1 n\u00e3o mais do que oito anos e queiram trabalhar em um p\u00f3s-doutorado na Uni\u00e3o Europeia ou em pa\u00edses associados. O programa recebe inscri\u00e7\u00f5es dos candidatos latino-americanos at\u00e9 13 de setembro. O financiamento contempla todas as \u00e1reas do conhecimento e inclui at\u00e9 dois anos de sal\u00e1rio na institui\u00e7\u00e3o anfitri\u00e3, custos de pesquisa e outros benef\u00edcios. \u00c9 obrigat\u00f3rio que o projeto seja desenvolvido em parceria com uma universidade ou um centro de pesquisa na Europa. Mais informa\u00e7\u00f5es no site da <\/span><a href=\"https:\/\/brasil.daad-newsletter.de\/i\/lveICvz5sCjZFArOayoy7J8xTXNBepF1\"><span style=\"font-weight: 400\">EURAXESS Brasil<\/span><\/a><span style=\"font-weight: 400\">.<\/span><\/p>\n<p>\u00a0<\/p>\n<p><i><span style=\"font-weight: 400\">Texto: Pedro Souza, acad\u00eamico de Jornalismo, bolsista na SAI<\/span><\/i><\/p>\n<p><i><span style=\"font-weight: 400\">Revis\u00e3o: N\u00facleo de Comunica\u00e7\u00e3o da SAI<\/span><\/i><\/p>\n","protected":false},"excerpt":{"rendered":"<p>Oportunidades s\u00e3o voltadas para diversas \u00e1reas e n\u00edveis de ensino.<\/p>\n","protected":false},"author":2432,"featured_media":0,"comment_status":"closed","ping_status":"closed","sticky":false,"template":"","format":"standard","meta":{"footnotes":""},"categories":[132,167,209,168,212,1,123,183],"tags":[],"class_list":["post-4105","post","type-post","status-publish","format-standard","hentry","category-alemanha","category-divulgacao","category-externo","category-intercambio","category-internacionalizacao","category-noticias","category-oportunidades","category-pos-graduacao"],"acf":[],"_links":{"self":[{"href":"https:\/\/www.ufsm.br\/orgaos-suplementares\/dri\/wp-json\/wp\/v2\/posts\/4105","targetHints":{"allow":["GET"]}}],"collection":[{"href":"https:\/\/www.ufsm.br\/orgaos-suplementares\/dri\/wp-json\/wp\/v2\/posts"}],"about":[{"href":"https:\/\/www.ufsm.br\/orgaos-suplementares\/dri\/wp-json\/wp\/v2\/types\/post"}],"author":[{"embeddable":true,"href":"https:\/\/www.ufsm.br\/orgaos-suplementares\/dri\/wp-json\/wp\/v2\/users\/2432"}],"replies":[{"embeddable":true,"href":"https:\/\/www.ufsm.br\/orgaos-suplementares\/dri\/wp-json\/wp\/v2\/comments?post=4105"}],"version-history":[{"count":0,"href":"https:\/\/www.ufsm.br\/orgaos-suplementares\/dri\/wp-json\/wp\/v2\/posts\/4105\/revisions"}],"wp:attachment":[{"href":"https:\/\/www.ufsm.br\/orgaos-suplementares\/dri\/wp-json\/wp\/v2\/media?parent=4105"}],"wp:term":[{"taxonomy":"category","embeddable":true,"href":"https:\/\/www.ufsm.br\/orgaos-suplementares\/dri\/wp-json\/wp\/v2\/categories?post=4105"},{"taxonomy":"post_tag","embeddable":true,"href":"https:\/\/www.ufsm.br\/orgaos-suplementares\/dri\/wp-json\/wp\/v2\/tags?post=4105"}],"curies":[{"name":"wp","href":"https:\/\/api.w.org\/{rel}","templated":true}]}}