{"id":4168,"date":"2023-07-20T15:58:46","date_gmt":"2023-07-20T18:58:46","guid":{"rendered":"https:\/\/www.ufsm.br\/orgaos-de-apoio\/sai\/?p=4168"},"modified":"2023-07-20T15:58:48","modified_gmt":"2023-07-20T18:58:48","slug":"gcub-e-ets-promovem-workshop-preparatorio-para-o-toefl-em-agosto","status":"publish","type":"post","link":"https:\/\/www.ufsm.br\/orgaos-suplementares\/dri\/2023\/07\/20\/gcub-e-ets-promovem-workshop-preparatorio-para-o-toefl-em-agosto","title":{"rendered":"GCUB e ETS promovem workshop preparat\u00f3rio para o TOEFL em agosto"},"content":{"rendered":"\n<p><span style=\"font-weight: 400\">O <\/span><a href=\"https:\/\/www.gcub.org.br\/\"><span style=\"font-weight: 400\">GCUB (Grupo de Coopera\u00e7\u00e3o Internacional de Universidades Brasileiras)<\/span><\/a><span style=\"font-weight: 400\">, junto da <\/span><a href=\"https:\/\/www.pt.ets.org\/\"><span style=\"font-weight: 400\">ETS (Educational Testing Service)<\/span><\/a><span style=\"font-weight: 400\">, anunciou duas sess\u00f5es do workshop de prepara\u00e7\u00e3o para o TOEFL iBT, sob o nome: <\/span><i><span style=\"font-weight: 400\">\u201cSkill-Based Workshop for the TOEFL iBT Test\u201d<\/span><\/i><span style=\"font-weight: 400\">. Nesse evento, os diretores da ETS discutir\u00e3o as principais habilidades avaliadas pelo exame, os objetivos de aprendizado de cada pergunta e sobre o formato atualizado da prova, que ter\u00e1 in\u00edcio a partir do dia 26 de julho. O workshop ser\u00e1 dividido em duas sess\u00f5es: a primeira abordando as habilidades de <\/span><i><span style=\"font-weight: 400\">reading<\/span><\/i><span style=\"font-weight: 400\"> e <\/span><i><span style=\"font-weight: 400\">listening<\/span><\/i><span style=\"font-weight: 400\">, enquanto a segunda abordar\u00e1 <\/span><i><span style=\"font-weight: 400\">speaking<\/span><\/i><span style=\"font-weight: 400\"> e <\/span><i><span style=\"font-weight: 400\">writing<\/span><\/i><span style=\"font-weight: 400\">. O evento ser\u00e1 gratuito e realizado em modalidade virtual, nos dias 21 e 04 de agosto. As sess\u00f5es ocorrer\u00e3o a partir das 18h, com 1h de dura\u00e7\u00e3o e ministradas em ingl\u00eas. As inscri\u00e7\u00f5es seguem abertas at\u00e9 o dia 03 de agosto, atrav\u00e9s <\/span><a href=\"https:\/\/www.jotform.com\/form\/231773392300653\"><span style=\"font-weight: 400\">deste link<\/span><\/a><span style=\"font-weight: 400\">.<\/span><\/p>\n<p><i><span style=\"font-weight: 400\">Texto: Pedro Souza, acad\u00eamico de Jornalismo, bolsista na SAI<\/span><\/i><\/p>\n<p><i><span style=\"font-weight: 400\">Revis\u00e3o: N\u00facleo de Comunica\u00e7\u00e3o da SAI<\/span><\/i><\/p>\n","protected":false},"excerpt":{"rendered":"<p>Evento ser\u00e1 online e gratuito, dividido em dois dias. As inscri\u00e7\u00f5es seguem at\u00e9 03 de agosto.<\/p>\n","protected":false},"author":2432,"featured_media":0,"comment_status":"closed","ping_status":"closed","sticky":false,"template":"","format":"standard","meta":{"footnotes":""},"categories":[131,1,123,174],"tags":[],"class_list":["post-4168","post","type-post","status-publish","format-standard","hentry","category-gcub","category-noticias","category-oportunidades","category-toefl-ibt"],"acf":[],"_links":{"self":[{"href":"https:\/\/www.ufsm.br\/orgaos-suplementares\/dri\/wp-json\/wp\/v2\/posts\/4168","targetHints":{"allow":["GET"]}}],"collection":[{"href":"https:\/\/www.ufsm.br\/orgaos-suplementares\/dri\/wp-json\/wp\/v2\/posts"}],"about":[{"href":"https:\/\/www.ufsm.br\/orgaos-suplementares\/dri\/wp-json\/wp\/v2\/types\/post"}],"author":[{"embeddable":true,"href":"https:\/\/www.ufsm.br\/orgaos-suplementares\/dri\/wp-json\/wp\/v2\/users\/2432"}],"replies":[{"embeddable":true,"href":"https:\/\/www.ufsm.br\/orgaos-suplementares\/dri\/wp-json\/wp\/v2\/comments?post=4168"}],"version-history":[{"count":0,"href":"https:\/\/www.ufsm.br\/orgaos-suplementares\/dri\/wp-json\/wp\/v2\/posts\/4168\/revisions"}],"wp:attachment":[{"href":"https:\/\/www.ufsm.br\/orgaos-suplementares\/dri\/wp-json\/wp\/v2\/media?parent=4168"}],"wp:term":[{"taxonomy":"category","embeddable":true,"href":"https:\/\/www.ufsm.br\/orgaos-suplementares\/dri\/wp-json\/wp\/v2\/categories?post=4168"},{"taxonomy":"post_tag","embeddable":true,"href":"https:\/\/www.ufsm.br\/orgaos-suplementares\/dri\/wp-json\/wp\/v2\/tags?post=4168"}],"curies":[{"name":"wp","href":"https:\/\/api.w.org\/{rel}","templated":true}]}}