{"id":4172,"date":"2023-07-25T11:56:15","date_gmt":"2023-07-25T14:56:15","guid":{"rendered":"https:\/\/www.ufsm.br\/orgaos-de-apoio\/sai\/?p=4172"},"modified":"2023-07-26T13:57:18","modified_gmt":"2023-07-26T16:57:18","slug":"oportunidade-em-programa-de-bolsas-de-estudo-na-alemanha","status":"publish","type":"post","link":"https:\/\/www.ufsm.br\/orgaos-suplementares\/dri\/2023\/07\/25\/oportunidade-em-programa-de-bolsas-de-estudo-na-alemanha","title":{"rendered":"Oportunidade em programa de bolsas de estudo na Alemanha"},"content":{"rendered":"\n<p><span style=\"font-weight: 400\">Est\u00e1 dispon\u00edvel a nova chamada para inscri\u00e7\u00f5es ao Hochschulwinterkurs (HWK) &#8211; Curso de Inverno de L\u00edngua e Cultura Alem\u00e3s, programa do <\/span><a href=\"https:\/\/www.daad.org.br\/pt\/\"><span style=\"font-weight: 400\">DAAD (Deutscher Akademischer Austauschdienst)<\/span><\/a><span style=\"font-weight: 400\"> que concede bolsas para estudantes brasileiros interessados em aprofundar os conhecimentos em alem\u00e3o. Os selecionados far\u00e3o um curso com dura\u00e7\u00e3o de at\u00e9 seis semanas numa universidade na Alemanha, com aulas de l\u00edngua e cultura do pa\u00eds. O programa conta com uma vers\u00e3o presencial e outra online, cada uma com um edital pr\u00f3prio. Os candidatos interessados devem ser estudantes de gradua\u00e7\u00e3o ou p\u00f3s-gradua\u00e7\u00e3o, al\u00e9m de ter n\u00edvel B1 de profici\u00eancia em alem\u00e3o. Al\u00e9m disso, devem optar por apenas uma modalidade no momento da inscri\u00e7\u00e3o, que segue at\u00e9 o dia 15 de agosto, com previs\u00e3o de realiza\u00e7\u00e3o do programa em 2024.<\/span><\/p>\n<p><span style=\"font-weight: 400\">A modalidade presencial inclui aulas de alem\u00e3o e atividades culturais em uma das seguintes universidades alem\u00e3s: <\/span><a href=\"https:\/\/www.uni-leipzig.de\/en\"><span style=\"font-weight: 400\">Universit\u00e4t Leipzig<\/span><\/a><span style=\"font-weight: 400\">, <\/span><a href=\"https:\/\/www.th-wildau.de\/\"><span style=\"font-weight: 400\">TH Wildau<\/span><\/a><span style=\"font-weight: 400\">, <\/span><a href=\"https:\/\/uni-freiburg.de\/\"><span style=\"font-weight: 400\">Albert-Ludwigs-Universit\u00e4t Freiburg<\/span><\/a><span style=\"font-weight: 400\"> ou <\/span><a href=\"https:\/\/www.lmu.de\/de\/index.html\"><span style=\"font-weight: 400\">Ludwig-Maximilians-Universit\u00e4t M\u00fcnchen<\/span><\/a><span style=\"font-weight: 400\">. Al\u00e9m de seguro-sa\u00fade, os selecionados receber\u00e3o uma bolsa no valor de 2.151 euros e aux\u00edlio para passagem a\u00e9rea de 1.450 euros. Confira <a href=\"https:\/\/static.daad.de\/media\/daad_de\/pdfs_nicht_barrierefrei\/in-deutschland-studieren-forschen-lehren\/hwk_2024_kursangebot__3_.pdf\">neste link<\/a> os detalhes de cada curso e <a href=\"https:\/\/www2.daad.de\/deutschland\/stipendium\/datenbank\/de\/21148-stipendiendatenbank\/?detail=50046485&amp;utm_source=daad.de&amp;utm_medium=referral&amp;utm_campaign=StipDB-Shortlink_Studieren-im-Ausland\">neste<\/a>, o edital de sele\u00e7\u00e3o. J\u00e1 a modalidade online prev\u00ea aulas de alem\u00e3o online (B1\/B2) pelo per\u00edodo de seis semanas. Os selecionados receber\u00e3o uma bolsa de 300 euros e a cobertura dos custos do curso de alem\u00e3o. Confira <a href=\"https:\/\/www2.daad.de\/deutschland\/stipendium\/datenbank\/de\/21148-stipendiendatenbank\/?status=&amp;origin=&amp;subjectGrps=&amp;daad=&amp;intention=&amp;q=winterkurse&amp;page=1&amp;detail=57700333\">neste link<\/a> o edital de sele\u00e7\u00e3o.<\/span><\/p>\n<p><span style=\"font-weight: 400\">A oportunidade \u00e9 responsabilidade exclusiva do DAAD, sendo que a SAI, nesse contexto, atua apenas apoiando a divulga\u00e7\u00e3o junto \u00e0 comunidade acad\u00eamica da UFSM. D\u00favidas devem ser encaminhadas diretamente para o e-mail competente, dispon\u00edvel na <\/span><a href=\"https:\/\/www.daad.org.br\/pt\/2020\/08\/05\/novo-atendimento-online-do-daad-no-brasil\/\"><span style=\"font-weight: 400\">p\u00e1gina de contato<\/span><\/a><span style=\"font-weight: 400\"> do DAAD. Para consultar mais oportunidades de internacionaliza\u00e7\u00e3o, acesse o <\/span><a href=\"https:\/\/www.ufsm.br\/orgaos-suplementares\/dri\/calendario\"><span style=\"font-weight: 400\">Calend\u00e1rio Internacional da SAI<\/span><\/a><span style=\"font-weight: 400\">.<\/span><\/p>\n<p><i><span style=\"font-weight: 400\">Texto: Pedro Souza, acad\u00eamico de Jornalismo, bolsista na SAI<\/span><\/i><\/p>\n<p><i><span style=\"font-weight: 400\">Revis\u00e3o: N\u00facleo de Comunica\u00e7\u00e3o da SAI<\/span><\/i><\/p>\n","protected":false},"excerpt":{"rendered":"<p>Programa conta com modalidade presencial e online, ambas provendo bolsas de estudos para os estudantes selecionados.<\/p>\n","protected":false},"author":2432,"featured_media":0,"comment_status":"closed","ping_status":"closed","sticky":false,"template":"","format":"standard","meta":{"footnotes":""},"categories":[132,278,167,209,187,212,1,123,183],"tags":[],"class_list":["post-4172","post","type-post","status-publish","format-standard","hentry","category-alemanha","category-daad","category-divulgacao","category-externo","category-graduacao","category-internacionalizacao","category-noticias","category-oportunidades","category-pos-graduacao"],"acf":[],"_links":{"self":[{"href":"https:\/\/www.ufsm.br\/orgaos-suplementares\/dri\/wp-json\/wp\/v2\/posts\/4172","targetHints":{"allow":["GET"]}}],"collection":[{"href":"https:\/\/www.ufsm.br\/orgaos-suplementares\/dri\/wp-json\/wp\/v2\/posts"}],"about":[{"href":"https:\/\/www.ufsm.br\/orgaos-suplementares\/dri\/wp-json\/wp\/v2\/types\/post"}],"author":[{"embeddable":true,"href":"https:\/\/www.ufsm.br\/orgaos-suplementares\/dri\/wp-json\/wp\/v2\/users\/2432"}],"replies":[{"embeddable":true,"href":"https:\/\/www.ufsm.br\/orgaos-suplementares\/dri\/wp-json\/wp\/v2\/comments?post=4172"}],"version-history":[{"count":0,"href":"https:\/\/www.ufsm.br\/orgaos-suplementares\/dri\/wp-json\/wp\/v2\/posts\/4172\/revisions"}],"wp:attachment":[{"href":"https:\/\/www.ufsm.br\/orgaos-suplementares\/dri\/wp-json\/wp\/v2\/media?parent=4172"}],"wp:term":[{"taxonomy":"category","embeddable":true,"href":"https:\/\/www.ufsm.br\/orgaos-suplementares\/dri\/wp-json\/wp\/v2\/categories?post=4172"},{"taxonomy":"post_tag","embeddable":true,"href":"https:\/\/www.ufsm.br\/orgaos-suplementares\/dri\/wp-json\/wp\/v2\/tags?post=4172"}],"curies":[{"name":"wp","href":"https:\/\/api.w.org\/{rel}","templated":true}]}}