{"id":4173,"date":"2023-07-25T11:57:53","date_gmt":"2023-07-25T14:57:53","guid":{"rendered":"https:\/\/www.ufsm.br\/orgaos-de-apoio\/sai\/?p=4173"},"modified":"2023-07-25T11:57:54","modified_gmt":"2023-07-25T14:57:54","slug":"abertas-inscricoes-para-edicao-de-2023-da-escola-de-verao-inverno-augm","status":"publish","type":"post","link":"https:\/\/www.ufsm.br\/orgaos-suplementares\/dri\/2023\/07\/25\/abertas-inscricoes-para-edicao-de-2023-da-escola-de-verao-inverno-augm","title":{"rendered":"Abertas inscri\u00e7\u00f5es para edi\u00e7\u00e3o de 2023 da Escola de Ver\u00e3o-Inverno AUGM"},"content":{"rendered":"\n<p><span style=\"font-weight: 400\">Est\u00e3o abertas as inscri\u00e7\u00f5es para a sexta edi\u00e7\u00e3o da Escola de Ver\u00e3o-Inverno da <\/span><a href=\"http:\/\/grupomontevideo.org\/site\/\"><span style=\"font-weight: 400\">AUGM (Associa\u00e7\u00e3o de Universidades do Grupo de Montevid\u00e9u)<\/span><\/a><span style=\"font-weight: 400\">, que neste ano ocorrer\u00e1 sob o tema &#8220;G\u00eanero, Diversidade e Pol\u00edticas P\u00fablicas&#8221;. O evento \u00e9 voltado para docentes e estudantes de gradua\u00e7\u00e3o e p\u00f3s-gradua\u00e7\u00e3o, ocorrendo em modalidade h\u00edbrida entre os dias 07 e 11 de agosto. As atividades presenciais ocorrer\u00e3o na <\/span><a href=\"http:\/\/www.une.edu.py\/\"><span style=\"font-weight: 400\">Universidade Nacional do Leste (UNE)<\/span><\/a><span style=\"font-weight: 400\">, localizada no Paraguai. As inscri\u00e7\u00f5es s\u00e3o gratuitas e podem ser realizadas por meio <\/span><a href=\"https:\/\/docs.google.com\/forms\/d\/e\/1FAIpQLSfk_nkIS-x5pjrYO--9lutQ9NanHc4cIWlrJ0q7JvPUI1Awvw\/viewform\"><span style=\"font-weight: 400\">deste formul\u00e1rio<\/span><\/a><span style=\"font-weight: 400\">. A SAI n\u00e3o atua na sele\u00e7\u00e3o de candidatos, mas sim apenas apoiando na divulga\u00e7\u00e3o para a comunidade acad\u00eamica da UFSM.<\/span><\/p>\n<p><span style=\"font-weight: 400\">A proposta do evento \u00e9 formar grupos de trabalho para compartilhamento de experi\u00eancias de percurso acad\u00eamico e, com isso, fortalecer as redes entre as universidades envolvidas. As Escolas s\u00e3o realizadas desde 2017 e visam estreitar v\u00ednculos e gerar trabalho em equipe entre estudantes e membros dos Comit\u00eas Acad\u00eamicos da associa\u00e7\u00e3o. Na edi\u00e7\u00e3o de 2023, o tema objetiva reconhecer e interrogar a constru\u00e7\u00e3o sociocultural dos g\u00eaneros, estimular a integra\u00e7\u00e3o da perspetiva de g\u00e9nero e a diversidade, incentivar o interc\u00e2mbio entre estudantes de diferentes carreiras e \u00e1reas em que os estudos de g\u00eanero tiveram diferentes desenvolvimentos e oferecer ferramentas de an\u00e1lise para a abordagem interdisciplinar das quest\u00f5es de g\u00eanero e diversidade para a forma\u00e7\u00e3o na gradua\u00e7\u00e3o. Para acessar o cronograma e mais informa\u00e7\u00f5es sobre as Escolas, acesse a <\/span><a href=\"http:\/\/grupomontevideo.org\/site\/18062-2\/\"><span style=\"font-weight: 400\">p\u00e1gina do evento<\/span><\/a><span style=\"font-weight: 400\">.<\/span><\/p>\n<p><i><span style=\"font-weight: 400\">Texto: Pedro Souza, acad\u00eamico de Jornalismo, bolsista na SAI<\/span><\/i><\/p>\n<p><i><span style=\"font-weight: 400\">Revis\u00e3o: N\u00facleo de Comunica\u00e7\u00e3o da SAI<\/span><\/i><\/p>\n","protected":false},"excerpt":{"rendered":"<p>Evento ocorrer\u00e1 de forma h\u00edbrida entre 07 e 11 de agosto.<\/p>\n","protected":false},"author":2432,"featured_media":0,"comment_status":"closed","ping_status":"closed","sticky":false,"template":"","format":"standard","meta":{"footnotes":""},"categories":[177,158,167,233,187,212,1,123,183],"tags":[],"class_list":["post-4173","post","type-post","status-publish","format-standard","hentry","category-america-latina","category-augm","category-divulgacao","category-docentes","category-graduacao","category-internacionalizacao","category-noticias","category-oportunidades","category-pos-graduacao"],"acf":[],"_links":{"self":[{"href":"https:\/\/www.ufsm.br\/orgaos-suplementares\/dri\/wp-json\/wp\/v2\/posts\/4173","targetHints":{"allow":["GET"]}}],"collection":[{"href":"https:\/\/www.ufsm.br\/orgaos-suplementares\/dri\/wp-json\/wp\/v2\/posts"}],"about":[{"href":"https:\/\/www.ufsm.br\/orgaos-suplementares\/dri\/wp-json\/wp\/v2\/types\/post"}],"author":[{"embeddable":true,"href":"https:\/\/www.ufsm.br\/orgaos-suplementares\/dri\/wp-json\/wp\/v2\/users\/2432"}],"replies":[{"embeddable":true,"href":"https:\/\/www.ufsm.br\/orgaos-suplementares\/dri\/wp-json\/wp\/v2\/comments?post=4173"}],"version-history":[{"count":0,"href":"https:\/\/www.ufsm.br\/orgaos-suplementares\/dri\/wp-json\/wp\/v2\/posts\/4173\/revisions"}],"wp:attachment":[{"href":"https:\/\/www.ufsm.br\/orgaos-suplementares\/dri\/wp-json\/wp\/v2\/media?parent=4173"}],"wp:term":[{"taxonomy":"category","embeddable":true,"href":"https:\/\/www.ufsm.br\/orgaos-suplementares\/dri\/wp-json\/wp\/v2\/categories?post=4173"},{"taxonomy":"post_tag","embeddable":true,"href":"https:\/\/www.ufsm.br\/orgaos-suplementares\/dri\/wp-json\/wp\/v2\/tags?post=4173"}],"curies":[{"name":"wp","href":"https:\/\/api.w.org\/{rel}","templated":true}]}}