{"id":4211,"date":"2023-08-07T12:19:38","date_gmt":"2023-08-07T15:19:38","guid":{"rendered":"https:\/\/www.ufsm.br\/orgaos-de-apoio\/sai\/?p=4211"},"modified":"2024-03-17T20:41:31","modified_gmt":"2024-03-17T23:41:31","slug":"sai-marca-presenca-em-segunda-edicao-da-reuniao-dos-delegados-e-delegadas-assessores-da-augm-de-2023","status":"publish","type":"post","link":"https:\/\/www.ufsm.br\/orgaos-suplementares\/dri\/2023\/08\/07\/sai-marca-presenca-em-segunda-edicao-da-reuniao-dos-delegados-e-delegadas-assessores-da-augm-de-2023","title":{"rendered":"SAI marca presen\u00e7a em segunda edi\u00e7\u00e3o da Reuni\u00e3o dos Delegados e Delegadas Assessores da AUGM de 2023"},"content":{"rendered":"\n<figure id=\"attachment_4220\" aria-describedby=\"caption-attachment-4220\" style=\"width: 700px\" class=\"wp-caption alignright\"><a href=\"https:\/\/www.ufsm.br\/app\/uploads\/sites\/402\/2023\/08\/1-2.jpg\"><img fetchpriority=\"high\" decoding=\"async\" class=\"wp-image-4220\" src=\"https:\/\/www.ufsm.br\/app\/uploads\/sites\/402\/2023\/08\/1-2-1024x683.jpg\" alt=\"\" width=\"700\" height=\"467\" srcset=\"https:\/\/www.ufsm.br\/app\/uploads\/sites\/402\/2023\/08\/1-2-1024x683.jpg 1024w, https:\/\/www.ufsm.br\/app\/uploads\/sites\/402\/2023\/08\/1-2-300x200.jpg 300w, https:\/\/www.ufsm.br\/app\/uploads\/sites\/402\/2023\/08\/1-2-768x512.jpg 768w, https:\/\/www.ufsm.br\/app\/uploads\/sites\/402\/2023\/08\/1-2-272x182.jpg 272w, https:\/\/www.ufsm.br\/app\/uploads\/sites\/402\/2023\/08\/1-2.jpg 1200w\" sizes=\"(max-width: 700px) 100vw, 700px\" \/><\/a><figcaption id=\"caption-attachment-4220\" class=\"wp-caption-text\"><em>Reuni\u00e3o \u00e9 realiza duas vezes ao ano, em universidades membro da associa\u00e7\u00e3o. Foto: Prensa UNLP <\/em><\/figcaption><\/figure>\n<p><span style=\"font-weight: 400\">Realizada na <\/span><a href=\"https:\/\/unlp.edu.ar\/\"><span style=\"font-weight: 400\">Universidade Nacional de La Plata (UNLP)<\/span><\/a><span style=\"font-weight: 400\">, em La Plata (AR), a segunda <\/span><a href=\"http:\/\/grupomontevideo.org\/site\/grupo-de-delegados-asesores-se-reune-en-unlp\/\"><span style=\"font-weight: 400\">reuni\u00e3o presencial de 2023 dos delegados e delegadas assessores<\/span><\/a><span style=\"font-weight: 400\"> da <\/span><a href=\"http:\/\/grupomontevideo.org\/site\/\"><span style=\"font-weight: 400\">AUGM (Associa\u00e7\u00e3o de Universidades Grupo Montevid\u00e9u)<\/span><\/a><span style=\"font-weight: 400\"> ocorreu nos dias 03 e 04 de agosto e contou com a presen\u00e7a da servidora Caroline Mello (respons\u00e1vel pelo N\u00facleo de Programas de Mobilidade da AUGM). O evento reuniu representantes de universidades membros da associa\u00e7\u00e3o, que correspondem \u00e0 Argentina, Bol\u00edvia, Brasil, Chile, Paraguai e Uruguai, a fim de colaborar no cumprimento das decis\u00f5es e preparar as atividades futuras da AUGM.<\/span><\/p>\n<p><span style=\"font-weight: 400\">O primeiro dia de evento foi iniciado com uma fala do reitor da UNLP, Mart\u00edn L\u00f3pez Armengol, que deu boas-vindas aos presentes. A seguir, a reuni\u00e3o se iniciou, abordando quest\u00f5es relacionadas aos programas de mobilidade (gradua\u00e7\u00e3o, p\u00f3s-gradua\u00e7\u00e3o, docentes e gestores) como o acordo das vagas rec\u00edprocas de mobilidade que ser\u00e3o disponibilizadas em 2024 e ao Plano Estrat\u00e9gico, que focou principalmente expans\u00e3o da AUGM dentro da Am\u00e9rica Latina.<\/span><\/p>\n<p><span style=\"font-weight: 400\">No segundo dia, ocorreu a discuss\u00e3o <\/span><i><span style=\"font-weight: 400\">&#8220;Rumo ao CRES+5: o eixo da internacionaliza\u00e7\u00e3o nas IES&#8221;<\/span><\/i><span style=\"font-weight: 400\">, que contou com a participa\u00e7\u00e3o do Dr. Rui Vicente Oppermann, Diretor de Rela\u00e7\u00f5es Internacionais da CAPES,\u00a0 onde foram discutidas estrat\u00e9gias de internacionaliza\u00e7\u00e3o no ensino superior. A CRES+5 \u00e9 um evento resultante da 3\u00aa Confer\u00eancia Regional da Educa\u00e7\u00e3o Superior (CRES 2018), onde foi assumido o compromisso de realizar uma reuni\u00e3o de seguimento cinco anos mais tarde, para destacar os avan\u00e7os alcan\u00e7ados, os desafios que permanecem e as quest\u00f5es emergentes. O <\/span><a href=\"https:\/\/www.gov.br\/mec\/pt-br\/centrais-de-conteudo\/comunicados\/cres-5-sera-em-brasilia-de-13-a-15-de-marco-de-2024\"><span style=\"font-weight: 400\">evento acontecer\u00e1<\/span><\/a><span style=\"font-weight: 400\"> na Universidade de Bras\u00edlia (DF), entre 13 e 15 de mar\u00e7o de 2024.<\/span><\/p>\n<p><i><span style=\"font-weight: 400\">Texto: Pedro Souza, acad\u00eamico de Jornalismo, bolsista na SAI<\/span><\/i><\/p>\n<p><i><span style=\"font-weight: 400\">Revis\u00e3o: N\u00facleo de Co<\/span><\/i><em><span style=\"font-weight: 400\">munica\u00e7\u00e3o da SAI<\/span><\/em><\/p>\n","protected":false},"excerpt":{"rendered":"<p>Reuni\u00e3o aconteceu presencialmente na cidade de La Plata, na Argentina, e discutiu os caminhos futuros da associa\u00e7\u00e3o.<\/p>\n","protected":false},"author":2432,"featured_media":0,"comment_status":"closed","ping_status":"closed","sticky":false,"template":"","format":"standard","meta":{"footnotes":""},"categories":[199,177,158,206,153,152,212,1],"tags":[],"class_list":["post-4211","post","type-post","status-publish","format-standard","hentry","category-acordos-bilaterais","category-america-latina","category-augm","category-eventos","category-imagem-destacada-2","category-imagem-destacada","category-internacionalizacao","category-noticias"],"acf":[],"_links":{"self":[{"href":"https:\/\/www.ufsm.br\/orgaos-suplementares\/dri\/wp-json\/wp\/v2\/posts\/4211","targetHints":{"allow":["GET"]}}],"collection":[{"href":"https:\/\/www.ufsm.br\/orgaos-suplementares\/dri\/wp-json\/wp\/v2\/posts"}],"about":[{"href":"https:\/\/www.ufsm.br\/orgaos-suplementares\/dri\/wp-json\/wp\/v2\/types\/post"}],"author":[{"embeddable":true,"href":"https:\/\/www.ufsm.br\/orgaos-suplementares\/dri\/wp-json\/wp\/v2\/users\/2432"}],"replies":[{"embeddable":true,"href":"https:\/\/www.ufsm.br\/orgaos-suplementares\/dri\/wp-json\/wp\/v2\/comments?post=4211"}],"version-history":[{"count":0,"href":"https:\/\/www.ufsm.br\/orgaos-suplementares\/dri\/wp-json\/wp\/v2\/posts\/4211\/revisions"}],"wp:attachment":[{"href":"https:\/\/www.ufsm.br\/orgaos-suplementares\/dri\/wp-json\/wp\/v2\/media?parent=4211"}],"wp:term":[{"taxonomy":"category","embeddable":true,"href":"https:\/\/www.ufsm.br\/orgaos-suplementares\/dri\/wp-json\/wp\/v2\/categories?post=4211"},{"taxonomy":"post_tag","embeddable":true,"href":"https:\/\/www.ufsm.br\/orgaos-suplementares\/dri\/wp-json\/wp\/v2\/tags?post=4211"}],"curies":[{"name":"wp","href":"https:\/\/api.w.org\/{rel}","templated":true}]}}