{"id":4292,"date":"2023-08-31T11:43:19","date_gmt":"2023-08-31T14:43:19","guid":{"rendered":"https:\/\/www.ufsm.br\/orgaos-de-apoio\/sai\/?p=4292"},"modified":"2023-08-31T11:43:21","modified_gmt":"2023-08-31T14:43:21","slug":"gcub-e-ets-promovem-workshop-preparatorio-para-o-toefl-em-setembro","status":"publish","type":"post","link":"https:\/\/www.ufsm.br\/orgaos-suplementares\/dri\/2023\/08\/31\/gcub-e-ets-promovem-workshop-preparatorio-para-o-toefl-em-setembro","title":{"rendered":"GCUB e ETS promovem workshop preparat\u00f3rio para o TOEFL em setembro"},"content":{"rendered":"\n<p><span style=\"font-weight: 400\">O <\/span><a href=\"https:\/\/www.gcub.org.br\/\"><span style=\"font-weight: 400\">GCUB (Grupo de Coopera\u00e7\u00e3o Internacional de Universidades Brasileiras)<\/span><\/a><span style=\"font-weight: 400\">, junto da <\/span><a href=\"https:\/\/www.pt.ets.org\/\"><span style=\"font-weight: 400\">ETS (Educational Testing Service)<\/span><\/a><span style=\"font-weight: 400\">, anunciou tr\u00eas sess\u00f5es do workshop de prepara\u00e7\u00e3o para o TOEFL iBT, sob o nome: <\/span><i><span style=\"font-weight: 400\">\u201cTeaching TOEFL iBT Skills Workshop\u201d<\/span><\/i><span style=\"font-weight: 400\">. O evento ser\u00e1 gratuito e realizado em modalidade virtual, nos dias 15 e 29 de setembro e 10 de outubro. Ser\u00e3o 5h de carga hor\u00e1ria, com direito a certificado aos candidatos que comparecerem em pelo menos dois dos tr\u00eas encontros. As inscri\u00e7\u00f5es seguem abertas at\u00e9 o dia 14 de setembro, atrav\u00e9s <\/span><a href=\"https:\/\/form.jotform.com\/232076575466666\"><span style=\"font-weight: 400\">deste link<\/span><\/a><span style=\"font-weight: 400\">.<\/span><\/p>\n<p><span style=\"font-weight: 400\">Nesse evento, os diretores da ETS discutir\u00e3o as principais habilidades de treinamento acad\u00eamico e profissional sobre o exame. O objetivo principal \u00e9 oferecer apoio aos professores na cria\u00e7\u00e3o de cursos preparat\u00f3rios para o teste &#8211; sendo assim, o p\u00fablico alvo contempla professores de L\u00edngua Inglesa e estudantes matriculados no \u00faltimo ano do Curso de Gradua\u00e7\u00e3o em Letras-Ingl\u00eas.<\/span><\/p>\n<p><span style=\"font-weight: 400\">O workshop ser\u00e1 dividido em tr\u00eas sess\u00f5es, com programa\u00e7\u00f5es completas dispon\u00edveis abaixo.\u00a0<\/span><\/p>\n<p><b>1\u00ba Workshop: <\/b><i><span style=\"font-weight: 400\">Overview of the TOEFL iBT + Reading Session<\/span><\/i><span style=\"font-weight: 400\">.<\/span><\/p>\n<p><span style=\"font-weight: 400\">Data: sexta-feira, 15 de setembro de 2023, das 18h \u00e0s 19h30.<\/span><\/p>\n<p><b>2\u00ba Workshop:<\/b><i><span style=\"font-weight: 400\"> Listening + Speaking Session<\/span><\/i><\/p>\n<p><span style=\"font-weight: 400\">Data: Sexta-feira, 29 de setembro de 2023, das 18h \u00e0s 20h.<\/span><\/p>\n<p><b>3\u00ba Workshop:<\/b> <i><span style=\"font-weight: 400\">Writing Session + TOEFL Resources and Prep. Materials<\/span><\/i><\/p>\n<p><span style=\"font-weight: 400\">Data: Sexta-feira, 13 de outubro de 2023, das 18h \u00e0s 19h30.<\/span><\/p>\n<p><i><span style=\"font-weight: 400\">Texto: Pedro Souza, acad\u00eamico de Jornalismo, bolsista na SAI<\/span><\/i><\/p>\n<p><i><span style=\"font-weight: 400\">Revis\u00e3o: N\u00facleo de Comunica\u00e7\u00e3o da SAI<\/span><\/i><\/p>\n","protected":false},"excerpt":{"rendered":"<p>Evento ser\u00e1 online e gratuito, dividido em dois dias. As inscri\u00e7\u00f5es seguem at\u00e9 14 de setembro.<\/p>\n","protected":false},"author":2432,"featured_media":0,"comment_status":"closed","ping_status":"closed","sticky":false,"template":"","format":"standard","meta":{"footnotes":""},"categories":[167,131,187,1,123,174],"tags":[],"class_list":["post-4292","post","type-post","status-publish","format-standard","hentry","category-divulgacao","category-gcub","category-graduacao","category-noticias","category-oportunidades","category-toefl-ibt"],"acf":[],"_links":{"self":[{"href":"https:\/\/www.ufsm.br\/orgaos-suplementares\/dri\/wp-json\/wp\/v2\/posts\/4292","targetHints":{"allow":["GET"]}}],"collection":[{"href":"https:\/\/www.ufsm.br\/orgaos-suplementares\/dri\/wp-json\/wp\/v2\/posts"}],"about":[{"href":"https:\/\/www.ufsm.br\/orgaos-suplementares\/dri\/wp-json\/wp\/v2\/types\/post"}],"author":[{"embeddable":true,"href":"https:\/\/www.ufsm.br\/orgaos-suplementares\/dri\/wp-json\/wp\/v2\/users\/2432"}],"replies":[{"embeddable":true,"href":"https:\/\/www.ufsm.br\/orgaos-suplementares\/dri\/wp-json\/wp\/v2\/comments?post=4292"}],"version-history":[{"count":0,"href":"https:\/\/www.ufsm.br\/orgaos-suplementares\/dri\/wp-json\/wp\/v2\/posts\/4292\/revisions"}],"wp:attachment":[{"href":"https:\/\/www.ufsm.br\/orgaos-suplementares\/dri\/wp-json\/wp\/v2\/media?parent=4292"}],"wp:term":[{"taxonomy":"category","embeddable":true,"href":"https:\/\/www.ufsm.br\/orgaos-suplementares\/dri\/wp-json\/wp\/v2\/categories?post=4292"},{"taxonomy":"post_tag","embeddable":true,"href":"https:\/\/www.ufsm.br\/orgaos-suplementares\/dri\/wp-json\/wp\/v2\/tags?post=4292"}],"curies":[{"name":"wp","href":"https:\/\/api.w.org\/{rel}","templated":true}]}}