{"id":4376,"date":"2023-10-10T14:33:12","date_gmt":"2023-10-10T17:33:12","guid":{"rendered":"https:\/\/www.ufsm.br\/orgaos-de-apoio\/sai\/?p=4376"},"modified":"2023-12-12T17:02:09","modified_gmt":"2023-12-12T20:02:09","slug":"abertas-inscricoes-para-intercambio-de-docentes-pela-augm-em-2024","status":"publish","type":"post","link":"https:\/\/www.ufsm.br\/orgaos-suplementares\/dri\/2023\/10\/10\/abertas-inscricoes-para-intercambio-de-docentes-pela-augm-em-2024","title":{"rendered":"Abertas inscri\u00e7\u00f5es para interc\u00e2mbio de docentes pela AUGM em 2024"},"content":{"rendered":"\n<p><span style=\"font-weight: 400\">Est\u00e3o abertas as inscri\u00e7\u00f5es para mobilidades pela <\/span><a href=\"http:\/\/grupomontevideo.org\/site\/\"><span style=\"font-weight: 400\">AUGM (Associa\u00e7\u00e3o das Universidades do Grupo Montevid\u00e9u)<\/span><\/a><span style=\"font-weight: 400\"> para servidores t\u00e9cnico-administrativos da UFSM, com previs\u00e3o de realiza\u00e7\u00e3o do interc\u00e2mbio a partir de mar\u00e7o de 2024. O edital pode ser acessado <\/span><a href=\"https:\/\/www.ufsm.br\/orgaos-suplementares\/dri\/editais\/019-2023\"><span style=\"font-weight: 400\">neste link<\/span><\/a><span style=\"font-weight: 400\"> e aceita inscri\u00e7\u00f5es at\u00e9 o dia 30 de outubro, com divulga\u00e7\u00e3o final dos selecionados at\u00e9 10 de novembro e in\u00edcio das nomea\u00e7\u00f5es at\u00e9 28 de novembro. Neste semestre, est\u00e3o sendo ofertadas onze vagas, com rela\u00e7\u00e3o de universidades participantes dispon\u00edveis no edital.<\/span><\/p>\n<p><span style=\"font-weight: 400\">A equipe da SAI atua realizando o nomea\u00e7\u00f5es dos candidatos selecionados no edital interno, sendo assim, ser selecionado n\u00e3o garante a ida para a universidade pretendida. Apenas os candidatos selecionados ser\u00e3o nomeados e cabe \u00e0 cada universidade aceit\u00e1-los. O resultado final dos candidatos aceitos pela universidade de destino est\u00e1 previsto para sair a partir de 05 de dezembro. Em caso de vagas remanescentes, um novo edital ser\u00e1 lan\u00e7ado para preench\u00ea-las. O tempo padr\u00e3o de dura\u00e7\u00e3o da mobilidade varia entre sete e, no m\u00e1ximo, 15 dias, per\u00edodo que deve ser definido pelo candidato junto da universidade de destino. Para obter mais informa\u00e7\u00f5es sobre como funcionam os interc\u00e2mbios pela associa\u00e7\u00e3o, acesse <\/span><a href=\"https:\/\/www.ufsm.br\/orgaos-suplementares\/dri\/mobilidades-augm\"><span style=\"font-weight: 400\">este link<\/span><\/a><span style=\"font-weight: 400\">.&nbsp;<\/span><\/p>\n<p><span style=\"font-weight: 400\">A sele\u00e7\u00e3o contempla docentes em forma\u00e7\u00e3o e docentes formados, que poder\u00e3o realizar atividades de coopera\u00e7\u00e3o interinstitucional e compartilhar conhecimentos de doc\u00eancia e pesquisa. Os selecionados s\u00e3o contemplados com aux\u00edlio de custo de R$2.500,00 da UFSM. Pela universidade de destino, o servidor recebe alojamento e alimenta\u00e7\u00e3o pelo per\u00edodo do interc\u00e2mbio, al\u00e9m de estarem isentos das taxas acad\u00eamicas. Destaca-se que todas as demais despesas relacionadas \u00e0 mobilidade (obten\u00e7\u00e3o do visto, emiss\u00e3o do passaporte, contrata\u00e7\u00e3o de seguro de vida, etc.) s\u00e3o de total responsabilidade do candidato selecionado.<\/span><\/p>\n<p><i><span style=\"font-weight: 400\">Texto: Pedro Souza, acad\u00eamico de Jornalismo, bolsista na SAI<\/span><\/i><\/p>\n<p><i><span style=\"font-weight: 400\">Revis\u00e3o: N\u00facleo de Comunica\u00e7\u00e3o da SAI<\/span><\/i><\/p>\n","protected":false},"excerpt":{"rendered":"<p>Inscri\u00e7\u00f5es seguem at\u00e9 o dia 30 de outubro, exclusivamente pelo meio digital.<\/p>\n","protected":false},"author":2432,"featured_media":0,"comment_status":"closed","ping_status":"closed","sticky":false,"template":"","format":"standard","meta":{"footnotes":""},"categories":[177,158,233,168,212,1,123],"tags":[],"class_list":["post-4376","post","type-post","status-publish","format-standard","hentry","category-america-latina","category-augm","category-docentes","category-intercambio","category-internacionalizacao","category-noticias","category-oportunidades"],"acf":[],"_links":{"self":[{"href":"https:\/\/www.ufsm.br\/orgaos-suplementares\/dri\/wp-json\/wp\/v2\/posts\/4376","targetHints":{"allow":["GET"]}}],"collection":[{"href":"https:\/\/www.ufsm.br\/orgaos-suplementares\/dri\/wp-json\/wp\/v2\/posts"}],"about":[{"href":"https:\/\/www.ufsm.br\/orgaos-suplementares\/dri\/wp-json\/wp\/v2\/types\/post"}],"author":[{"embeddable":true,"href":"https:\/\/www.ufsm.br\/orgaos-suplementares\/dri\/wp-json\/wp\/v2\/users\/2432"}],"replies":[{"embeddable":true,"href":"https:\/\/www.ufsm.br\/orgaos-suplementares\/dri\/wp-json\/wp\/v2\/comments?post=4376"}],"version-history":[{"count":0,"href":"https:\/\/www.ufsm.br\/orgaos-suplementares\/dri\/wp-json\/wp\/v2\/posts\/4376\/revisions"}],"wp:attachment":[{"href":"https:\/\/www.ufsm.br\/orgaos-suplementares\/dri\/wp-json\/wp\/v2\/media?parent=4376"}],"wp:term":[{"taxonomy":"category","embeddable":true,"href":"https:\/\/www.ufsm.br\/orgaos-suplementares\/dri\/wp-json\/wp\/v2\/categories?post=4376"},{"taxonomy":"post_tag","embeddable":true,"href":"https:\/\/www.ufsm.br\/orgaos-suplementares\/dri\/wp-json\/wp\/v2\/tags?post=4376"}],"curies":[{"name":"wp","href":"https:\/\/api.w.org\/{rel}","templated":true}]}}