{"id":4426,"date":"2023-11-21T10:31:03","date_gmt":"2023-11-21T13:31:03","guid":{"rendered":"https:\/\/www.ufsm.br\/orgaos-de-apoio\/sai\/?p=4426"},"modified":"2023-11-23T14:02:51","modified_gmt":"2023-11-23T17:02:51","slug":"inscricoes-abertas-para-realizacao-do-teste-toefl-itp-com-50-de-desconto","status":"publish","type":"post","link":"https:\/\/www.ufsm.br\/orgaos-suplementares\/dri\/2023\/11\/21\/inscricoes-abertas-para-realizacao-do-teste-toefl-itp-com-50-de-desconto","title":{"rendered":"Inscri\u00e7\u00f5es abertas para realiza\u00e7\u00e3o do teste TOEFL-ITP pela metade do pre\u00e7o"},"content":{"rendered":"\n<p><span style=\"font-weight: 400\">Est\u00e3o abertas as inscri\u00e7\u00f5es para realiza\u00e7\u00e3o do <a href=\"https:\/\/www.ets.org\/toefl_itp\">TOEFL-ITP<\/a> com oferta de 50% desconto para toda a comunidade acad\u00eamica da UFSM. Embora o formul\u00e1rio mencione apenas o termo \u201caluno\u201d, docentes e t\u00e9cnicos-administrativos tamb\u00e9m podem se inscrever. As inscri\u00e7\u00f5es v\u00e3o at\u00e9 01 de dezembro e podem ser realizadas atrav\u00e9s <a href=\"https:\/\/linksedu.com.br\/agendamento-universidades\/\">deste link<\/a>. Para receber o desconto, os interessados devem utilizar o c\u00f3digo <i>95591<\/i>.\u00a0<\/span><span style=\"font-weight: 400\">A prova ocorrer\u00e1 no dia 16 de dezembro, \u00e0s 09h, no <\/span><a href=\"https:\/\/www.google.com\/maps\/place\/Pr%C3%A9dio+18+-+UFSM\/@-29.7160197,-53.718969,17z\/data=!3m1!4b1!4m5!3m4!1s0x9503b5e05c49ac21:0xf1ef82bad5ddbf63!8m2!3d-29.7160197!4d-53.7167803\"><span style=\"font-weight: 400\">Audit\u00f3rio C do pr\u00e9dio 18<\/span><\/a><span style=\"font-weight: 400\"> (Campus sede). Os resultados ser\u00e3o publicados a partir de 15 de janeiro de 2024. <\/span><span style=\"font-weight: 400\">\u00a0<\/span><\/p>\n<p><span style=\"font-weight: 400\">A oportunidade \u00e9 resultado de uma parceria com a Mastertest Educational mediada pelo <a href=\"https:\/\/www.andifes.org.br\/?p=14487\">Conselho de Gestores de Rela\u00e7\u00f5es Internacionais das IFES (CGRIFES)<\/a>. D\u00favidas podem ser esclarecidas pelo e-mail <a href=\"mailto:provas.toefl@ufsm.br\">provas.toefl@ufsm.br<\/a>.<\/span><\/p>\n<p><i><span style=\"font-weight: 400\">Texto: Pedro Souza, acad\u00eamico de Jornalismo, bolsista na SAI<\/span><\/i><\/p>\n<p><i><span style=\"font-weight: 400\">Revis\u00e3o: N\u00facleo de Comunica\u00e7\u00e3o da SAI<\/span><\/i><\/p>\n","protected":false},"excerpt":{"rendered":"<p>A oportunidade \u00e9 exclusiva para a comunidade acad\u00eamica da UFSM.<\/p>\n","protected":false},"author":2432,"featured_media":0,"comment_status":"closed","ping_status":"closed","sticky":false,"template":"","format":"standard","meta":{"footnotes":""},"categories":[167,233,187,1,123,183,173,141],"tags":[],"class_list":["post-4426","post","type-post","status-publish","format-standard","hentry","category-divulgacao","category-docentes","category-graduacao","category-noticias","category-oportunidades","category-pos-graduacao","category-servidores","category-toefl-itp"],"acf":[],"_links":{"self":[{"href":"https:\/\/www.ufsm.br\/orgaos-suplementares\/dri\/wp-json\/wp\/v2\/posts\/4426","targetHints":{"allow":["GET"]}}],"collection":[{"href":"https:\/\/www.ufsm.br\/orgaos-suplementares\/dri\/wp-json\/wp\/v2\/posts"}],"about":[{"href":"https:\/\/www.ufsm.br\/orgaos-suplementares\/dri\/wp-json\/wp\/v2\/types\/post"}],"author":[{"embeddable":true,"href":"https:\/\/www.ufsm.br\/orgaos-suplementares\/dri\/wp-json\/wp\/v2\/users\/2432"}],"replies":[{"embeddable":true,"href":"https:\/\/www.ufsm.br\/orgaos-suplementares\/dri\/wp-json\/wp\/v2\/comments?post=4426"}],"version-history":[{"count":0,"href":"https:\/\/www.ufsm.br\/orgaos-suplementares\/dri\/wp-json\/wp\/v2\/posts\/4426\/revisions"}],"wp:attachment":[{"href":"https:\/\/www.ufsm.br\/orgaos-suplementares\/dri\/wp-json\/wp\/v2\/media?parent=4426"}],"wp:term":[{"taxonomy":"category","embeddable":true,"href":"https:\/\/www.ufsm.br\/orgaos-suplementares\/dri\/wp-json\/wp\/v2\/categories?post=4426"},{"taxonomy":"post_tag","embeddable":true,"href":"https:\/\/www.ufsm.br\/orgaos-suplementares\/dri\/wp-json\/wp\/v2\/tags?post=4426"}],"curies":[{"name":"wp","href":"https:\/\/api.w.org\/{rel}","templated":true}]}}