{"id":4484,"date":"2023-12-22T19:42:02","date_gmt":"2023-12-22T22:42:02","guid":{"rendered":"https:\/\/www.ufsm.br\/orgaos-de-apoio\/sai\/?p=4484"},"modified":"2023-12-26T13:48:17","modified_gmt":"2023-12-26T16:48:17","slug":"edital-da-sai-abre-oportunidade-de-intercambio-para-o-canada","status":"publish","type":"post","link":"https:\/\/www.ufsm.br\/orgaos-suplementares\/dri\/2023\/12\/22\/edital-da-sai-abre-oportunidade-de-intercambio-para-o-canada","title":{"rendered":"Edital da SAI abre oportunidade de interc\u00e2mbio para o Canad\u00e1"},"content":{"rendered":"<p><span style=\"font-weight: 400\">A SAI publicou<\/span><span style=\"font-weight: 400\"> na \u00faltima semana <\/span><span style=\"font-weight: 400\">o <\/span><a href=\"https:\/\/www.ufsm.br\/orgaos-suplementares\/dri\/editais\/020-2023itais\/024-2022\/\"><span style=\"font-weight: 400\">edital de mobilidade<\/span><\/a><span style=\"font-weight: 400\"> do <\/span><a href=\"https:\/\/echanges-etudiants.bci-qc.ca\/\"><span style=\"font-weight: 400\">Grupo BCI (Bureau de Coop\u00e9ration Interuniversitaire<\/span><\/a><span style=\"font-weight: 400\">), com destino \u00e0 Quebec, no Canad\u00e1. O edital prev\u00ea a pr\u00e9-sele\u00e7\u00e3o de candidatos para a realiza\u00e7\u00e3o de interc\u00e2mbio, durante o ano acad\u00eamico 2024-2025. O n\u00famero de vagas dispon\u00edveis varia para cada universidade e os requisitos dependem das condi\u00e7\u00f5es espec\u00edficas das institui\u00e7\u00f5es, dispon\u00edveis <\/span><a href=\"https:\/\/echanges-etudiants.bci-qc.ca\/en\/nos-universites\/\"><span style=\"font-weight: 400\">neste link<\/span><\/a><span style=\"font-weight: 400\">. No total, s\u00e3o 6 institui\u00e7\u00f5es participantes, que podem ser consultadas no <\/span><i><span style=\"font-weight: 400\">BCI SEP <\/span><\/i><a href=\"https:\/\/www.ufsm.br\/app\/uploads\/sites\/402\/2023\/12\/ANEXO-I_BCI-SUMMARY-TABLE.pdf\"><i><span style=\"font-weight: 400\">Summary Table<\/span><\/i><\/a><span style=\"font-weight: 400\">. A SAI, neste processo, age como mediadora, sendo inicialmente respons\u00e1vel por fazer a pr\u00e9-sele\u00e7\u00e3o do estudante e, caso ele seja aceito pela universidade pretendida, far\u00e1 tamb\u00e9m a nomea\u00e7\u00e3o e o acompanhamento da candidatura do estudante.<\/span><\/p>\n<p><span style=\"font-weight: 400\">No plano de estudos, os candidatos poder\u00e3o elencar disciplinas optativas, realizar trabalho final de curso, participar de atividades de pesquisa e extens\u00e3o ou outras atividades acad\u00eamicas semelhantes. O estudante pode se candidatar apenas uma vez, indicando a primeira op\u00e7\u00e3o de universidade de destino, j\u00e1 as outras op\u00e7\u00f5es devem ser preenchidas diretamente no Formul\u00e1rio online do BCI. Alguns dos requisitos que devem ser atendidos \u00e9 a conclus\u00e3o m\u00ednima do quarto semestre, ter M\u00e9dia Geral Acumulada (MGA) igual ou superior a sete, respeitar os pr\u00e9-requisitos do curso de origem e destino e a apresenta\u00e7\u00e3o do <\/span><a href=\"https:\/\/www.ufsm.br\/app\/uploads\/sites\/402\/2022\/12\/Plano-de-estudos.pdf\"><span style=\"font-weight: 400\">Plano de Estudos<\/span><\/a><span style=\"font-weight: 400\"> aprovado pela coordena\u00e7\u00e3o de curso. Para a constru\u00e7\u00e3o do Plano, o candidato deve se certificar que as disciplinas de seu interesse ser\u00e3o ofertadas no semestre da mobilidade, al\u00e9m de verificar se elas poder\u00e3o ser aproveitadas pela coordena\u00e7\u00e3o ap\u00f3s o retorno.<\/span><\/p>\n<p><span style=\"font-weight: 400\">\u00c9 importante salientar que, conforme o acordo bilateral firmado entre a UFSM e o Grupo BCI, o intercambista recebe isen\u00e7\u00e3o de taxas acad\u00eamicas, como matr\u00edcula e inscri\u00e7\u00e3o em disciplinas, mas ainda \u00e9 respons\u00e1vel pelos gastos com viagem e com sua estadia no exterior, bem como emiss\u00e3o de passaportes e realiza\u00e7\u00e3o de teste de sufici\u00eancia, se necess\u00e1rio. Para a pr\u00e9-sele\u00e7\u00e3o n\u00e3o \u00e9 necess\u00e1rio a apresenta\u00e7\u00e3o do passaporte, que se torna obrigat\u00f3rio apenas a partir da nomea\u00e7\u00e3o do candidato. Al\u00e9m disso, os estudantes devem estar atentos \u00e0 necessidade de testes de sufici\u00eancia lingu\u00edstica que cada universidade pode exigir, visto que na maioria das universidades, os cursos s\u00e3o ofertados somente em franc\u00eas.<\/span><\/p>\n<p><span style=\"font-weight: 400\">As <\/span><b>inscri\u00e7\u00f5es estar\u00e3o abertas at\u00e9 05 de fevereiro de 2024<\/b><span style=\"font-weight: 400\"> e podem ser realizadas por meio do formul\u00e1rio <\/span><i><span style=\"font-weight: 400\">online<\/span><\/i><span style=\"font-weight: 400\"> dispon\u00edvel <\/span><a href=\"https:\/\/docs.google.com\/forms\/d\/e\/1FAIpQLSfGnRUTXyN8vQQbEMT3jBOphHmkH_aWPFDofyPSv319-QhaWA\/viewform\"><span style=\"font-weight: 400\">neste link<\/span><\/a><span style=\"font-weight: 400\">.<\/span><\/p>\n<p><i><span style=\"font-weight: 400\">Texto: N\u00facleo de Comunica\u00e7\u00e3o da SAI e Pedro Souza (Acad\u00eamico de Jornalismo)<\/span><\/i><\/p>\n<p><i><span style=\"font-weight: 400\">Revis\u00e3o: N\u00facleo de Conv\u00eanios e Mobilidades Bilaterai<\/span><\/i><\/p>\n","protected":false},"excerpt":{"rendered":"<p>O Edital contempla 6 institui\u00e7\u00f5es de ensino canadenses e prev\u00ea a realiza\u00e7\u00e3o de mobilidade para alunos de gradua\u00e7\u00e3o a partir de setembro de 2024<\/p>\n","protected":false},"author":143,"featured_media":0,"comment_status":"closed","ping_status":"closed","sticky":false,"template":"","format":"standard","meta":{"footnotes":""},"categories":[199,175,238,168,212,1],"tags":[],"class_list":["post-4484","post","type-post","status-publish","format-standard","hentry","category-acordos-bilaterais","category-acordos-multilaterais","category-canada","category-intercambio","category-internacionalizacao","category-noticias"],"acf":[],"_links":{"self":[{"href":"https:\/\/www.ufsm.br\/orgaos-suplementares\/dri\/wp-json\/wp\/v2\/posts\/4484","targetHints":{"allow":["GET"]}}],"collection":[{"href":"https:\/\/www.ufsm.br\/orgaos-suplementares\/dri\/wp-json\/wp\/v2\/posts"}],"about":[{"href":"https:\/\/www.ufsm.br\/orgaos-suplementares\/dri\/wp-json\/wp\/v2\/types\/post"}],"author":[{"embeddable":true,"href":"https:\/\/www.ufsm.br\/orgaos-suplementares\/dri\/wp-json\/wp\/v2\/users\/143"}],"replies":[{"embeddable":true,"href":"https:\/\/www.ufsm.br\/orgaos-suplementares\/dri\/wp-json\/wp\/v2\/comments?post=4484"}],"version-history":[{"count":0,"href":"https:\/\/www.ufsm.br\/orgaos-suplementares\/dri\/wp-json\/wp\/v2\/posts\/4484\/revisions"}],"wp:attachment":[{"href":"https:\/\/www.ufsm.br\/orgaos-suplementares\/dri\/wp-json\/wp\/v2\/media?parent=4484"}],"wp:term":[{"taxonomy":"category","embeddable":true,"href":"https:\/\/www.ufsm.br\/orgaos-suplementares\/dri\/wp-json\/wp\/v2\/categories?post=4484"},{"taxonomy":"post_tag","embeddable":true,"href":"https:\/\/www.ufsm.br\/orgaos-suplementares\/dri\/wp-json\/wp\/v2\/tags?post=4484"}],"curies":[{"name":"wp","href":"https:\/\/api.w.org\/{rel}","templated":true}]}}