{"id":4594,"date":"2024-04-08T11:49:14","date_gmt":"2024-04-08T14:49:14","guid":{"rendered":"https:\/\/www.ufsm.br\/orgaos-de-apoio\/sai\/?p=4594"},"modified":"2024-04-08T14:33:04","modified_gmt":"2024-04-08T17:33:04","slug":"abertas-inscricoes-para-intercambio-pela-augm-no-primeiro-semestre-de-2024-2","status":"publish","type":"post","link":"https:\/\/www.ufsm.br\/orgaos-suplementares\/dri\/2024\/04\/08\/abertas-inscricoes-para-intercambio-pela-augm-no-primeiro-semestre-de-2024-2","title":{"rendered":"Abertas inscri\u00e7\u00f5es para interc\u00e2mbio pela AUGM no primeiro semestre de 2024"},"content":{"rendered":"\n<p>Est\u00e3o abertas as inscri\u00e7\u00f5es para mobilidades pelo Programa <a href=\"http:\/\/grupomontevideo.org\/site\/#\"><em>Escala da Associa\u00e7\u00e3o de Universidades do Grupo Montevid\u00e9u (AUGM)<\/em><\/a> para estudantes de gradua\u00e7\u00e3o da UFSM, com previs\u00e3o de realiza\u00e7\u00e3o do interc\u00e2mbio no segundo semestre de 2024.<\/p>\n<p><strong>Programa ESCALA<\/strong><\/p>\n<p>O Programa ESCALA de Estudantes de Gradua\u00e7\u00e3o oferece bolsas de estudos para estudantes de diversas \u00e1reas, com o objetivo de contribuir para o desenvolvimento de uma experi\u00eancia internacional, para o fortalecimento institucional, al\u00e9m de enriquecer a forma\u00e7\u00e3o dos(as) estudantes por meio do estabelecimento de alian\u00e7as estrat\u00e9gicas e do desenvolvimento de atividades de interc\u00e2mbio entre as universidades participantes.\u00a0<\/p>\n<p><strong>Como realizar a Mobilidade<\/strong>\u00a0<\/p>\n<p>O edital pode ser acessado <a href=\"https:\/\/www.ufsm.br\/orgaos-suplementares\/dri\/editais\/003-2024-2\">neste link<\/a> e aceita inscri\u00e7\u00f5es at\u00e9 o dia 19 de abril, com divulga\u00e7\u00e3o final dos selecionados at\u00e9 24 de abril e in\u00edcio das nomea\u00e7\u00f5es a partir de 30 de abril. Neste semestre, est\u00e3o sendo ofertadas nove vagas, distribu\u00eddas de acordo com o quadro de vagas dispon\u00edvel no Edital.<\/p>\n<p>A equipe da SAI atua realizando as nomea\u00e7\u00f5es dos candidatos selecionados no edital interno, sendo assim, ser selecionado n\u00e3o garante a ida para a universidade pretendida. Apenas os candidatos selecionados ser\u00e3o nomeados e cabe \u00e0 cada universidade o aceite final. A dura\u00e7\u00e3o da mobilidade \u00e9 de um semestre. Para obter mais informa\u00e7\u00f5es sobre como funcionam os interc\u00e2mbios pela associa\u00e7\u00e3o, acesse <a href=\"https:\/\/www.ufsm.br\/orgaos-suplementares\/dri\/mobilidades-augm\">este link.<\/a>\u00a0<\/p>\n<p>Os estudantes selecionados para a mobilidade s\u00e3o contemplados com uma bolsa para o deslocamento no valor de R$1.500,00 por parte da UFSM. Pela universidade de destino, o intercambista recebe alojamento e alimenta\u00e7\u00e3o pelo per\u00edodo do interc\u00e2mbio, al\u00e9m de estarem isentos das taxas acad\u00eamicas. Destaca-se que todas as demais despesas relacionadas \u00e0 mobilidade (obten\u00e7\u00e3o do visto, emiss\u00e3o do passaporte, contrata\u00e7\u00e3o de seguro de vida, etc.) s\u00e3o de total responsabilidade do candidato selecionado.<\/p>\n<p>Cabe tamb\u00e9m ao estudante acessar o site da universidade pretendida e conferir se ela possui o curso equivalente ao seu na UFSM, de forma que as disciplinas cursadas durante o interc\u00e2mbio possam ser inclu\u00eddas no hist\u00f3rico acad\u00eamico.\u00a0<\/p>\n<p>Para conferir todos os detalhes e requisitos do processo seletivo, acesse e leia com aten\u00e7\u00e3o o edital completo.<\/p>\n<p><em>Texto: Mariane Machado, acad\u00eamica de Jornalismo, bolsista na SAI<br \/><\/em><em>Revis\u00e3o: N\u00facleo de Comunica\u00e7\u00e3o da SAI<\/em><\/p>\n","protected":false},"excerpt":{"rendered":"<p>Inscri\u00e7\u00f5es seguem at\u00e9 o dia 19 de abril, exclusivamente pelo formul\u00e1rio de inscri\u00e7\u00e3o<\/p>\n","protected":false},"author":5534,"featured_media":0,"comment_status":"closed","ping_status":"closed","sticky":false,"template":"","format":"standard","meta":{"footnotes":""},"categories":[1],"tags":[79,85,144],"class_list":["post-4594","post","type-post","status-publish","format-standard","hentry","category-noticias","tag-augm","tag-intercambio","tag-oportunidade"],"acf":[],"_links":{"self":[{"href":"https:\/\/www.ufsm.br\/orgaos-suplementares\/dri\/wp-json\/wp\/v2\/posts\/4594","targetHints":{"allow":["GET"]}}],"collection":[{"href":"https:\/\/www.ufsm.br\/orgaos-suplementares\/dri\/wp-json\/wp\/v2\/posts"}],"about":[{"href":"https:\/\/www.ufsm.br\/orgaos-suplementares\/dri\/wp-json\/wp\/v2\/types\/post"}],"author":[{"embeddable":true,"href":"https:\/\/www.ufsm.br\/orgaos-suplementares\/dri\/wp-json\/wp\/v2\/users\/5534"}],"replies":[{"embeddable":true,"href":"https:\/\/www.ufsm.br\/orgaos-suplementares\/dri\/wp-json\/wp\/v2\/comments?post=4594"}],"version-history":[{"count":0,"href":"https:\/\/www.ufsm.br\/orgaos-suplementares\/dri\/wp-json\/wp\/v2\/posts\/4594\/revisions"}],"wp:attachment":[{"href":"https:\/\/www.ufsm.br\/orgaos-suplementares\/dri\/wp-json\/wp\/v2\/media?parent=4594"}],"wp:term":[{"taxonomy":"category","embeddable":true,"href":"https:\/\/www.ufsm.br\/orgaos-suplementares\/dri\/wp-json\/wp\/v2\/categories?post=4594"},{"taxonomy":"post_tag","embeddable":true,"href":"https:\/\/www.ufsm.br\/orgaos-suplementares\/dri\/wp-json\/wp\/v2\/tags?post=4594"}],"curies":[{"name":"wp","href":"https:\/\/api.w.org\/{rel}","templated":true}]}}