{"id":4899,"date":"2024-10-14T13:40:56","date_gmt":"2024-10-14T16:40:56","guid":{"rendered":"https:\/\/www.ufsm.br\/orgaos-de-apoio\/sai\/?p=4899"},"modified":"2024-10-14T13:40:59","modified_gmt":"2024-10-14T16:40:59","slug":"sai-anuncia-suspensao-dos-atendimentos-em-funcao-da-adesao-a-paralisacao-dos-taes","status":"publish","type":"post","link":"https:\/\/www.ufsm.br\/orgaos-suplementares\/dri\/2024\/10\/14\/sai-anuncia-suspensao-dos-atendimentos-em-funcao-da-adesao-a-paralisacao-dos-taes","title":{"rendered":"SAI anuncia suspens\u00e3o dos atendimentos em fun\u00e7\u00e3o da ades\u00e3o \u00e0 paralisa\u00e7\u00e3o dos TAEs"},"content":{"rendered":"\n<p><span style=\"font-weight: 400\">A Secretaria de Apoio Internacional (SAI) informa que o atendimento ao p\u00fablico estar\u00e1 suspenso temporariamente, durante os dias 15 e 16 de outubro, devido \u00e0 ades\u00e3o dos T\u00e9cnico-Administrativos(as) em Educa\u00e7\u00e3o \u00e0 paralisa\u00e7\u00e3o aprovada em plen\u00e1ria da Fasubra e referendada em Assembleia pela Assufsm.<\/span><\/p>\n<p><span style=\"font-weight: 400\">Durante este per\u00edodo, apenas demandas avaliadas como emergenciais ser\u00e3o atendidas atrav\u00e9s do e-mail: <\/span><a href=\"mailto:sai@ufsm.br\"><span style=\"font-weight: 400\">sai@ufsm.br<\/span><\/a><span style=\"font-weight: 400\">. As demais mensagens encaminhadas ser\u00e3o respondidas apenas quando as atividades retornarem. Agradecemos pela compreens\u00e3o.<\/span><\/p>\n<p><i><span style=\"font-weight: 400\">Texto: N\u00facleo de Comunica\u00e7\u00e3o da SAI<\/span><\/i><\/p>\n","protected":false},"excerpt":{"rendered":"<p>As atividades estar\u00e3o suspensas nos dias 15 e 16 de outubro<\/p>\n","protected":false},"author":7273,"featured_media":0,"comment_status":"closed","ping_status":"closed","sticky":false,"template":"","format":"standard","meta":{"footnotes":""},"categories":[1,173],"tags":[341,340,318,182],"class_list":["post-4899","post","type-post","status-publish","format-standard","hentry","category-noticias","category-servidores","tag-assufsm","tag-fasubra","tag-paralisacao","tag-taes"],"acf":[],"_links":{"self":[{"href":"https:\/\/www.ufsm.br\/orgaos-suplementares\/dri\/wp-json\/wp\/v2\/posts\/4899","targetHints":{"allow":["GET"]}}],"collection":[{"href":"https:\/\/www.ufsm.br\/orgaos-suplementares\/dri\/wp-json\/wp\/v2\/posts"}],"about":[{"href":"https:\/\/www.ufsm.br\/orgaos-suplementares\/dri\/wp-json\/wp\/v2\/types\/post"}],"author":[{"embeddable":true,"href":"https:\/\/www.ufsm.br\/orgaos-suplementares\/dri\/wp-json\/wp\/v2\/users\/7273"}],"replies":[{"embeddable":true,"href":"https:\/\/www.ufsm.br\/orgaos-suplementares\/dri\/wp-json\/wp\/v2\/comments?post=4899"}],"version-history":[{"count":0,"href":"https:\/\/www.ufsm.br\/orgaos-suplementares\/dri\/wp-json\/wp\/v2\/posts\/4899\/revisions"}],"wp:attachment":[{"href":"https:\/\/www.ufsm.br\/orgaos-suplementares\/dri\/wp-json\/wp\/v2\/media?parent=4899"}],"wp:term":[{"taxonomy":"category","embeddable":true,"href":"https:\/\/www.ufsm.br\/orgaos-suplementares\/dri\/wp-json\/wp\/v2\/categories?post=4899"},{"taxonomy":"post_tag","embeddable":true,"href":"https:\/\/www.ufsm.br\/orgaos-suplementares\/dri\/wp-json\/wp\/v2\/tags?post=4899"}],"curies":[{"name":"wp","href":"https:\/\/api.w.org\/{rel}","templated":true}]}}