{"id":5144,"date":"2025-03-31T16:48:58","date_gmt":"2025-03-31T19:48:58","guid":{"rendered":"https:\/\/www.ufsm.br\/orgaos-de-apoio\/sai\/?p=5144"},"modified":"2025-03-31T16:58:52","modified_gmt":"2025-03-31T19:58:52","slug":"edital-de-selecao-para-intercambios-por-convenios-bilaterais-a-serem-realizados-em-2025","status":"publish","type":"post","link":"https:\/\/www.ufsm.br\/orgaos-suplementares\/dri\/2025\/03\/31\/edital-de-selecao-para-intercambios-por-convenios-bilaterais-a-serem-realizados-em-2025","title":{"rendered":"Edital de sele\u00e7\u00e3o para interc\u00e2mbios por conv\u00eanios bilaterais a serem realizados em 2025"},"content":{"rendered":"\n\n\n<p><span style=\"font-weight: 400\">Lembramos que est\u00e3o abertas as inscri\u00e7\u00f5es para interc\u00e2mbios por conv\u00eanios bilaterais para estudantes de gradua\u00e7\u00e3o da UFSM, com previs\u00e3o de realiza\u00e7\u00e3o da mobilidade no segundo semestre de 2025. O edital pode ser acessado atrav\u00e9s <\/span><a href=\"https:\/\/www.ufsm.br\/orgaos-suplementares\/dri\/editais\/008-2024\"><span style=\"font-weight: 400\">deste link<\/span><\/a><span style=\"font-weight: 400\">. Como as inscri\u00e7\u00f5es s\u00e3o de <\/span><b>fluxo cont\u00ednuo<\/b><span style=\"font-weight: 400\">, podem ser realizadas a qualquer momento. O n\u00famero de vagas \u00e9 vari\u00e1vel e depende da oferta de cada universidade estrangeira. O tempo padr\u00e3o de dura\u00e7\u00e3o da mobilidade \u00e9 de 1 semestre, podendo ser estendido para at\u00e9 3.<\/span><\/p>\n<p><span style=\"font-weight: 400\">Neste processo, a equipe da SAI atua realizando o nomea\u00e7\u00f5es dos candidatos selecionados no edital interno. Sendo assim, ser selecionado n\u00e3o garante a ida para a universidade pretendida. Apenas os candidatos selecionados ser\u00e3o nomeados, por\u00e9m cabe \u00e0 cada universidade de destino aceit\u00e1-los ou n\u00e3o. Para obter mais informa\u00e7\u00f5es sobre como funcionam os interc\u00e2mbios por conv\u00eanios bilaterais, acesse <\/span><a href=\"https:\/\/www.ufsm.br\/orgaos-suplementares\/dri\/mobilidades-bilaterais\"><span style=\"font-weight: 400\">este link.<\/span><\/a><\/p>\n<p><span style=\"font-weight: 400\">Todos os custos referentes \u00e0 viagem s\u00e3o de responsabilidade do estudante interessado, que recebe isen\u00e7\u00e3o apenas das taxas acad\u00eamicas, como matr\u00edcula e inscri\u00e7\u00e3o em disciplinas. Cabe tamb\u00e9m ao estudante conferir se a universidade para a qual deseja ir possui <\/span><a href=\"https:\/\/www.ufsm.br\/orgaos-suplementares\/dri\/convenios-bilaterais-ativos\"><span style=\"font-weight: 400\">conv\u00eanio ativo com a UFSM<\/span><\/a><span style=\"font-weight: 400\"> e se possui o curso equivalente ao de origem, de forma que o aproveitamento das disciplinas cursadas durante o interc\u00e2mbio possa ser aprovado pela coordena\u00e7\u00e3o de seu curso e inclu\u00eddo no seu hist\u00f3rico acad\u00eamico. Para conferir todos os detalhes e requisitos do processo seletivo, acesse e leia com aten\u00e7\u00e3o o <\/span><a href=\"https:\/\/www.ufsm.br\/app\/uploads\/sites\/402\/2024\/08\/EDITAL-BILATERAL-ANUAL_-SAI_UFSM_N.08_2024.pdf\"><span style=\"font-weight: 400\">edital completo.<\/span><\/a><\/p>\n\n\n","protected":false},"excerpt":{"rendered":"<p>Nomea\u00e7\u00f5es para o pr\u00f3ximo ciclo iniciam em abril<\/p>\n","protected":false},"author":7273,"featured_media":0,"comment_status":"closed","ping_status":"closed","sticky":false,"template":"","format":"standard","meta":{"footnotes":""},"categories":[1],"tags":[],"class_list":["post-5144","post","type-post","status-publish","format-standard","hentry","category-noticias"],"acf":[],"_links":{"self":[{"href":"https:\/\/www.ufsm.br\/orgaos-suplementares\/dri\/wp-json\/wp\/v2\/posts\/5144","targetHints":{"allow":["GET"]}}],"collection":[{"href":"https:\/\/www.ufsm.br\/orgaos-suplementares\/dri\/wp-json\/wp\/v2\/posts"}],"about":[{"href":"https:\/\/www.ufsm.br\/orgaos-suplementares\/dri\/wp-json\/wp\/v2\/types\/post"}],"author":[{"embeddable":true,"href":"https:\/\/www.ufsm.br\/orgaos-suplementares\/dri\/wp-json\/wp\/v2\/users\/7273"}],"replies":[{"embeddable":true,"href":"https:\/\/www.ufsm.br\/orgaos-suplementares\/dri\/wp-json\/wp\/v2\/comments?post=5144"}],"version-history":[{"count":0,"href":"https:\/\/www.ufsm.br\/orgaos-suplementares\/dri\/wp-json\/wp\/v2\/posts\/5144\/revisions"}],"wp:attachment":[{"href":"https:\/\/www.ufsm.br\/orgaos-suplementares\/dri\/wp-json\/wp\/v2\/media?parent=5144"}],"wp:term":[{"taxonomy":"category","embeddable":true,"href":"https:\/\/www.ufsm.br\/orgaos-suplementares\/dri\/wp-json\/wp\/v2\/categories?post=5144"},{"taxonomy":"post_tag","embeddable":true,"href":"https:\/\/www.ufsm.br\/orgaos-suplementares\/dri\/wp-json\/wp\/v2\/tags?post=5144"}],"curies":[{"name":"wp","href":"https:\/\/api.w.org\/{rel}","templated":true}]}}