{"id":5167,"date":"2025-04-09T09:53:35","date_gmt":"2025-04-09T12:53:35","guid":{"rendered":"https:\/\/www.ufsm.br\/orgaos-de-apoio\/sai\/?p=5167"},"modified":"2025-04-09T09:53:36","modified_gmt":"2025-04-09T12:53:36","slug":"gcub-e-instituto-cervantes-divulgam-beneficios-direcionados-a-proficiencia-em-lingua-espanhola-para-abril-2","status":"publish","type":"post","link":"https:\/\/www.ufsm.br\/orgaos-suplementares\/dri\/2025\/04\/09\/gcub-e-instituto-cervantes-divulgam-beneficios-direcionados-a-proficiencia-em-lingua-espanhola-para-abril-2","title":{"rendered":"GCUB e Instituto Cervantes divulgam benef\u00edcios direcionados \u00e0 profici\u00eancia em l\u00edngua espanhola para abril"},"content":{"rendered":"\n<p><span style=\"font-weight: 400\">O <\/span><a href=\"https:\/\/www.gcub.org.br\/\"><span style=\"font-weight: 400\">Grupo de Coopera\u00e7\u00e3o Internacional de Universidades Brasileiras (GCUB)<\/span><\/a><span style=\"font-weight: 400\">, em parceria com o <\/span><a href=\"https:\/\/cervantes.org\/\"><span style=\"font-weight: 400\">Instituto Cervantes<\/span><\/a><span style=\"font-weight: 400\">, concede nova oportunidade para solicita\u00e7\u00e3o dos benef\u00edcios oferecidos \u00e0s institui\u00e7\u00f5es associadas. Os benef\u00edcios decorrentes da parceria GCUB-Cervantes s\u00e3o oferecidos por todas as oito unidades do Instituto Cervantes no Brasil, o que inclui a \u00fanica sede no Rio Grande do Sul, localizada em <\/span><a href=\"https:\/\/portoalegre.cervantes.es\/br\/default.shtm\"><span style=\"font-weight: 400\">Porto Alegre<\/span><\/a><span style=\"font-weight: 400\">\u00a0<\/span><\/p>\n<p><span style=\"font-weight: 400\">Benef\u00edcios exclusivos para as institui\u00e7\u00f5es associadas ao GCUB:<\/span><\/p>\n<ul>\n<li style=\"font-weight: 400\"><span style=\"font-weight: 400\">Prova de nivelamento gratuita.<\/span><\/li>\n<li style=\"font-weight: 400\"><span style=\"font-weight: 400\">Carn\u00ea virtual da biblioteca gratuito.<\/span><\/li>\n<li style=\"font-weight: 400\"><span style=\"font-weight: 400\">25% de desconto em todos os cursos.<\/span><\/li>\n<li style=\"font-weight: 400\"><span style=\"font-weight: 400\">25% de desconto na realiza\u00e7\u00e3o do exame de profici\u00eancia DELE.<\/span><\/li>\n<\/ul>\n<p><span style=\"font-weight: 400\">\u00a0P\u00fablico-alvo:<\/span><\/p>\n<ul>\n<li style=\"font-weight: 400\"><span style=\"font-weight: 400\">Estudantes de Gradua\u00e7\u00e3o e de P\u00f3s-Gradua\u00e7\u00e3o das institui\u00e7\u00f5es associadas ao GCUB.<\/span><\/li>\n<li style=\"font-weight: 400\"><span style=\"font-weight: 400\">Professores(as) das institui\u00e7\u00f5es associadas ao GCUB.<\/span><\/li>\n<li style=\"font-weight: 400\"><span style=\"font-weight: 400\">Corpo t\u00e9cnico-administrativo das institui\u00e7\u00f5es associadas ao GCUB.<\/span><\/li>\n<\/ul>\n<p><span style=\"font-weight: 400\">\u00a0Orienta\u00e7\u00f5es para obten\u00e7\u00e3o dos benef\u00edcios:\u00a0<\/span><\/p>\n<ul>\n<li style=\"font-weight: 400\"><span style=\"font-weight: 400\">Os(as) interessados(as) devem preencher o <\/span><a href=\"https:\/\/form.jotform.com\/250903187713659\"><span style=\"font-weight: 400\">formul\u00e1rio de inscri\u00e7\u00e3o<\/span><\/a><span style=\"font-weight: 400\">.\u00a0<\/span><\/li>\n<li style=\"font-weight: 400\"><b>Prazo para preenchimento do formul\u00e1rio:<\/b><span style=\"font-weight: 400\"> at\u00e9 \u00e0s 23:59 de 30 de abril de 2025.<\/span><\/li>\n<li style=\"font-weight: 400\"><span style=\"font-weight: 400\">Os benef\u00edcios estar\u00e3o dispon\u00edveis a partir do dia <\/span><b>2 de maio de 2025<\/b><span style=\"font-weight: 400\">. Ap\u00f3s essa data, basta que os(as) interessados(as) entrem em contato diretamente com o Instituto Cervantes para ter acesso ao(s) benef\u00edcio(s).\u00a0<\/span><\/li>\n<li style=\"font-weight: 400\"><span style=\"font-weight: 400\">N\u00e3o h\u00e1 limite para o n\u00famero de inscri\u00e7\u00f5es por universidade.<\/span><\/li>\n<\/ul>\n<p><span style=\"font-weight: 400\">Requisitos para obten\u00e7\u00e3o dos benef\u00edcios:\u00a0<\/span><\/p>\n<ul>\n<li style=\"font-weight: 400\"><span style=\"font-weight: 400\">Conforme disposto no Artigo 8, Inciso I do <\/span><a href=\"https:\/\/www.gcub.org.br\/wp-content\/uploads\/2020\/12\/Estatuto-2020.pdf\"><span style=\"font-weight: 400\">Estatuto do GCUB<\/span><\/a><span style=\"font-weight: 400\">, para participar das atividades da Associa\u00e7\u00e3o e usufruir de todas as vantagens, as institui\u00e7\u00f5es associadas devem estar adimplentes.<\/span><\/li>\n<li style=\"font-weight: 400\"><span style=\"font-weight: 400\">Os candidatos estar\u00e3o sujeitos aos procedimentos e normas de avalia\u00e7\u00e3o do Instituto Cervantes.<\/span><\/li>\n<\/ul>\n<p><span style=\"font-weight: 400\">Caso sejam necess\u00e1rios esclarecimentos adicionais, solicitamos a gentileza de enviar e-mail para <\/span><a href=\"mailto:eventos@gcub.org.br\"><span style=\"font-weight: 400\">eventos@gcub.org.br<\/span><\/a><span style=\"font-weight: 400\">.<\/span><\/p>\n<p><i><span style=\"font-weight: 400\">Texto: Grupo de Coopera\u00e7\u00e3o Internacional de Universidades Brasileiras<\/span><\/i><\/p>\n","protected":false},"excerpt":{"rendered":"<p>Inscri\u00e7\u00f5es devem ser feitas pelo formul\u00e1rio at\u00e9 o dia 30 de abril de 2025<\/p>\n","protected":false},"author":8677,"featured_media":0,"comment_status":"closed","ping_status":"closed","sticky":false,"template":"","format":"standard","meta":{"footnotes":""},"categories":[1],"tags":[],"class_list":["post-5167","post","type-post","status-publish","format-standard","hentry","category-noticias"],"acf":[],"_links":{"self":[{"href":"https:\/\/www.ufsm.br\/orgaos-suplementares\/dri\/wp-json\/wp\/v2\/posts\/5167","targetHints":{"allow":["GET"]}}],"collection":[{"href":"https:\/\/www.ufsm.br\/orgaos-suplementares\/dri\/wp-json\/wp\/v2\/posts"}],"about":[{"href":"https:\/\/www.ufsm.br\/orgaos-suplementares\/dri\/wp-json\/wp\/v2\/types\/post"}],"author":[{"embeddable":true,"href":"https:\/\/www.ufsm.br\/orgaos-suplementares\/dri\/wp-json\/wp\/v2\/users\/8677"}],"replies":[{"embeddable":true,"href":"https:\/\/www.ufsm.br\/orgaos-suplementares\/dri\/wp-json\/wp\/v2\/comments?post=5167"}],"version-history":[{"count":0,"href":"https:\/\/www.ufsm.br\/orgaos-suplementares\/dri\/wp-json\/wp\/v2\/posts\/5167\/revisions"}],"wp:attachment":[{"href":"https:\/\/www.ufsm.br\/orgaos-suplementares\/dri\/wp-json\/wp\/v2\/media?parent=5167"}],"wp:term":[{"taxonomy":"category","embeddable":true,"href":"https:\/\/www.ufsm.br\/orgaos-suplementares\/dri\/wp-json\/wp\/v2\/categories?post=5167"},{"taxonomy":"post_tag","embeddable":true,"href":"https:\/\/www.ufsm.br\/orgaos-suplementares\/dri\/wp-json\/wp\/v2\/tags?post=5167"}],"curies":[{"name":"wp","href":"https:\/\/api.w.org\/{rel}","templated":true}]}}