{"id":5329,"date":"2025-08-06T14:31:16","date_gmt":"2025-08-06T17:31:16","guid":{"rendered":"https:\/\/www.ufsm.br\/orgaos-suplementares\/dri\/?p=5329"},"modified":"2025-08-06T14:31:17","modified_gmt":"2025-08-06T17:31:17","slug":"a-sai-agora-e-dri-ufsm-implementa-a-diretoria-de-relacoes-internacionais-e-da-passo-importante-para-sua-internacionalizacao-2","status":"publish","type":"post","link":"https:\/\/www.ufsm.br\/orgaos-suplementares\/dri\/2025\/08\/06\/a-sai-agora-e-dri-ufsm-implementa-a-diretoria-de-relacoes-internacionais-e-da-passo-importante-para-sua-internacionalizacao-2","title":{"rendered":"A SAI agora \u00e9 DRI: UFSM implementa a Diretoria de Rela\u00e7\u00f5es Internacionais e d\u00e1 passo importante para sua internacionaliza\u00e7\u00e3o"},"content":{"rendered":"\n<p><span style=\"font-weight: 400\">Em mar\u00e7o deste ano, o Conselho Universit\u00e1rio da UFSM aprovou a proposta de reestrutura\u00e7\u00e3o da Secretaria de Apoio Internacional (SAI), que passa a se chamar <\/span><b>Diretoria de Rela\u00e7\u00f5es Internacionais (DRI)<\/b><span style=\"font-weight: 400\"> a partir de hoje (06 de agosto de 2025). Essa mudan\u00e7a marca uma nova fase da internacionaliza\u00e7\u00e3o na UFSM, refletindo uma evolu\u00e7\u00e3o institucional que j\u00e1 vem ocorrendo ao longo dos \u00faltimos anos e consolidando um novo entendimento sobre o papel estrat\u00e9gico desempenhado pela SAI\/DRI dentro de nossa universidade<\/span><\/p>\n<p><span style=\"font-weight: 400\">Historicamente, a SAI havia sido criada com o prop\u00f3sito de oferecer suporte ao Reitor e \u00e0 comunidade acad\u00eamica com rela\u00e7\u00e3o a assuntos internacionais, mas suas fun\u00e7\u00f5es eram limitadas e de natureza primariamente operacional. Com o passar do tempo e a crescente demanda social por institui\u00e7\u00f5es de ensino, pesquisa e extens\u00e3o capazes de responder aos desafios de um mundo profundamente globalizado, a internacionaliza\u00e7\u00e3o se tornou um pilar cada vez mais importante para o desenvolvimento das universidades. A partir do reconhecimento desse cen\u00e1rio global, a UFSM buscou se adaptar ao novo momento e as atribui\u00e7\u00f5es da secretaria foram sendo expandidas progressivamente.\u00a0<\/span><\/p>\n<p><span style=\"font-weight: 400\">Por\u00e9m, especialmente nos \u00faltimos anos, a internacionaliza\u00e7\u00e3o ganhou ainda mais import\u00e2ncia, sendo definida como o desafio n\u00ba 1 de seu Plano de Desenvolvimento Institucional. Consequentemente, a administra\u00e7\u00e3o central passou a tratar a internacionaliza\u00e7\u00e3o (e a SAI) como um de seus principais eixos estrat\u00e9gicos. Assim, a secretaria teve sua estrutura, equipe e atribui\u00e7\u00f5es ampliadas, fortalecendo sua capacidade de atua\u00e7\u00e3o. Isso significa que o processo de reestrutura\u00e7\u00e3o que transforma a SAI em DRI n\u00e3o representa apenas uma mudan\u00e7a de nomenclatura, mas formaliza e consolida essa profunda mudan\u00e7a na cultura institucional da UFSM com rela\u00e7\u00e3o \u00e0 internacionaliza\u00e7\u00e3o, que j\u00e1 vinha sendo aplicada na pr\u00e1tica.\u00a0<\/span><\/p>\n<p><span style=\"font-weight: 400\">Agora, com uma estrutura organizacional pr\u00f3pria, que lhe garante maior autonomia administrativa, e capacidade de articula\u00e7\u00e3o intersetorial, a Diretoria de Rela\u00e7\u00f5es Internacionais passa a ser oficialmente o \u00f3rg\u00e3o suplementar respons\u00e1vel por planejar, coordenar e implementar as pol\u00edticas de internacionaliza\u00e7\u00e3o da universidade, promovendo parcerias estrat\u00e9gicas com institui\u00e7\u00f5es estrangeiras, fomentando a mobilidade acad\u00eamica, estimulando a internacionaliza\u00e7\u00e3o \u201cem casa\u201d, apoiando estudantes e pesquisadores internacionais, e integrando a UFSM ao cen\u00e1rio internacional do ensino, pesquisa e extens\u00e3o.<\/span><\/p>\n<p><span style=\"font-weight: 400\">Para a comunidade acad\u00eamica, algumas implica\u00e7\u00f5es dessa mudan\u00e7a s\u00e3o o aumento da oferta de programas de mobilidade e viv\u00eancias internacionais (presenciais ou virtuais), o fomento da oferta de disciplinas internacionalizadas (capazes de preparar nossos estudantes para atuar como profissionais ou pesquisadores em n\u00edvel internacional), a realiza\u00e7\u00e3o de eventos multiculturais, a cria\u00e7\u00e3o ou inser\u00e7\u00e3o da UFSM em redes globais de pesquisa, o acolhimento mais qualificado dos estudantes estrangeiros no campus, a promo\u00e7\u00e3o de uma conviv\u00eancia maior e mais rica com estudantes e professores internacionais e, consequentemente, com diferentes culturas e realidades acad\u00eamicas.\u00a0<\/span><\/p>\n<p><span style=\"font-weight: 400\">Com a consolida\u00e7\u00e3o da DRI, espera-se que os avan\u00e7os da UFSM na \u00e1rea de internacionaliza\u00e7\u00e3o n\u00e3o apenas continuem acontecendo, mas se intensifiquem ainda mais. O desenvolvimento de estrat\u00e9gias de internacionaliza\u00e7\u00e3o em casa, uma atua\u00e7\u00e3o ativa na diplomacia universit\u00e1ria e o aumento da presen\u00e7a e proje\u00e7\u00e3o internacional da institui\u00e7\u00e3o ter\u00e3o reflexos no aumento das oportunidades locais e externas dispon\u00edveis para docentes, estudantes e TAEs.<\/span><\/p>\n<p><span style=\"font-weight: 400\">Essa nova fase traz consigo a vis\u00e3o de uma UFSM forte, eficiente, organizada e capaz de ser protagonista no cen\u00e1rio global, n\u00e3o apenas enviando estudantes e servidores(as) para o exterior, mas tamb\u00e9m atraindo o interesse da comunidade internacional, promovendo a excel\u00eancia acad\u00eamica por meio da coopera\u00e7\u00e3o internacional e transformando nosso campus em um espa\u00e7o de grande riqueza multicultural.<\/span><\/p>\n<p><span style=\"font-weight: 400\">Durante os primeiros dias da transi\u00e7\u00e3o, as antigas p\u00e1ginas e redes sociais utilizadas pela SAI ser\u00e3o modificadas progressivamente, podendo apresentar desatualiza\u00e7\u00f5es ou instabilidades tempor\u00e1rias. Contamos com a compreens\u00e3o de todos durante esse processo!<\/span><\/p>\n<p><span style=\"font-weight: 400\">Confira os novos links abaixo: <\/span><span style=\"font-weight: 400\"><br \/><\/span><span style=\"font-weight: 400\"><br \/><\/span><span style=\"font-weight: 400\">\ud83d\udd17 <\/span><a href=\"https:\/\/www.ufsm.br\/orgaos-suplementares\/dri\"><span style=\"font-weight: 400\">Site da DRI<\/span><\/a><span style=\"font-weight: 400\">\u00a0<\/span><\/p>\n<p><span style=\"font-weight: 400\">\ud83d\udde3\ufe0f <\/span><a href=\"https:\/\/www.ufsm.br\/orgaos-suplementares\/dri\/contato\"><span style=\"font-weight: 400\">Novos contatos (e-mails e telefones)<\/span><\/a><\/p>\n<p><span style=\"font-weight: 400\">\ud83d\udcac <\/span><a href=\"https:\/\/chat.whatsapp.com\/KkMOY9C0THOLc1BQ2G02QP\"><span style=\"font-weight: 400\">Grupo de whatsapp &#8220;DRI News \u2013 Estudantes&#8221;<\/span><\/a><\/p>\n<p><span style=\"font-weight: 400\">\ud83d\udcac <\/span><a href=\"https:\/\/chat.whatsapp.com\/GS7ABKgUaSG5B2vjUqVhDd\"><span style=\"font-weight: 400\">Grupo de whatsapp &#8220;DRI News \u2013 Docentes&#8221;<\/span><\/a><\/p>\n<p><span style=\"font-weight: 400\">\ud83d\udcac <\/span><a href=\"https:\/\/chat.whatsapp.com\/HMFrgHkJYFRAIPr4Lra1xR\"><span style=\"font-weight: 400\">Grupo de whatsapp &#8220;DRI News \u2013 TAEs&#8221;<\/span><\/a><\/p>\n<p><span style=\"font-weight: 400\">\ud83d\udcf8 <\/span><a href=\"https:\/\/www.instagram.com\/dri.ufsm\/\"><span style=\"font-weight: 400\">Instagram\u00a0<\/span><\/a><\/p>\n<p><span style=\"font-weight: 400\">\ud83d\udcd2 <\/span><a href=\"https:\/\/www.facebook.com\/dri.ufsm\/\"><span style=\"font-weight: 400\">Facebook<\/span><\/a><\/p>\n<p><span style=\"font-weight: 400\">\ud83d\udcf9 <\/span><a href=\"http:\/\/www.youtube.com\/@dri_ufsm\"><span style=\"font-weight: 400\">Youtube<\/span><\/a><\/p>\n","protected":false},"excerpt":{"rendered":"<p>Entenda a mudan\u00e7a e o que ela significa para a comunidade da UFSM<\/p>\n","protected":false},"author":7273,"featured_media":5330,"comment_status":"closed","ping_status":"closed","sticky":false,"template":"","format":"standard","meta":{"footnotes":""},"categories":[1],"tags":[],"class_list":["post-5329","post","type-post","status-publish","format-standard","has-post-thumbnail","hentry","category-noticias"],"acf":[],"_links":{"self":[{"href":"https:\/\/www.ufsm.br\/orgaos-suplementares\/dri\/wp-json\/wp\/v2\/posts\/5329","targetHints":{"allow":["GET"]}}],"collection":[{"href":"https:\/\/www.ufsm.br\/orgaos-suplementares\/dri\/wp-json\/wp\/v2\/posts"}],"about":[{"href":"https:\/\/www.ufsm.br\/orgaos-suplementares\/dri\/wp-json\/wp\/v2\/types\/post"}],"author":[{"embeddable":true,"href":"https:\/\/www.ufsm.br\/orgaos-suplementares\/dri\/wp-json\/wp\/v2\/users\/7273"}],"replies":[{"embeddable":true,"href":"https:\/\/www.ufsm.br\/orgaos-suplementares\/dri\/wp-json\/wp\/v2\/comments?post=5329"}],"version-history":[{"count":0,"href":"https:\/\/www.ufsm.br\/orgaos-suplementares\/dri\/wp-json\/wp\/v2\/posts\/5329\/revisions"}],"wp:featuredmedia":[{"embeddable":true,"href":"https:\/\/www.ufsm.br\/orgaos-suplementares\/dri\/wp-json\/wp\/v2\/media\/5330"}],"wp:attachment":[{"href":"https:\/\/www.ufsm.br\/orgaos-suplementares\/dri\/wp-json\/wp\/v2\/media?parent=5329"}],"wp:term":[{"taxonomy":"category","embeddable":true,"href":"https:\/\/www.ufsm.br\/orgaos-suplementares\/dri\/wp-json\/wp\/v2\/categories?post=5329"},{"taxonomy":"post_tag","embeddable":true,"href":"https:\/\/www.ufsm.br\/orgaos-suplementares\/dri\/wp-json\/wp\/v2\/tags?post=5329"}],"curies":[{"name":"wp","href":"https:\/\/api.w.org\/{rel}","templated":true}]}}