{"id":5581,"date":"2026-02-02T10:12:18","date_gmt":"2026-02-02T13:12:18","guid":{"rendered":"https:\/\/www.ufsm.br\/orgaos-suplementares\/dri\/?p=5581"},"modified":"2026-02-02T10:17:22","modified_gmt":"2026-02-02T13:17:22","slug":"palestra-sobre-o-programa-horizonte-europa-fortalece-internacionalizacao-da-pesquisa-da-ufsm","status":"publish","type":"post","link":"https:\/\/www.ufsm.br\/orgaos-suplementares\/dri\/2026\/02\/02\/palestra-sobre-o-programa-horizonte-europa-fortalece-internacionalizacao-da-pesquisa-da-ufsm","title":{"rendered":"Palestra sobre o programa Horizonte Europa fortalece internacionaliza\u00e7\u00e3o da pesquisa da UFSM"},"content":{"rendered":"\t\t<div data-elementor-type=\"wp-post\" data-elementor-id=\"5581\" class=\"elementor elementor-5581\">\n\t\t\t\t\t\t<section class=\"elementor-section elementor-top-section elementor-element elementor-element-56c3c102 elementor-section-boxed elementor-section-height-default elementor-section-height-default\" data-id=\"56c3c102\" data-element_type=\"section\">\n\t\t\t\t\t\t<div class=\"elementor-container elementor-column-gap-default\">\n\t\t\t\t\t<div class=\"elementor-column elementor-col-100 elementor-top-column elementor-element elementor-element-3b2a75b\" data-id=\"3b2a75b\" data-element_type=\"column\">\n\t\t\t<div class=\"elementor-widget-wrap elementor-element-populated\">\n\t\t\t\t\t\t<div class=\"elementor-element elementor-element-5a9980b6 elementor-widget elementor-widget-text-editor\" data-id=\"5a9980b6\" data-element_type=\"widget\" data-widget_type=\"text-editor.default\">\n\t\t\t\t<div class=\"elementor-widget-container\">\n\t\t\t\t\t\t\t<!-- wp:tadv\/classic-paragraph -->\n<p><span style=\"font-weight: 400\">Na manh\u00e3 do dia 26 de janeiro, na Universidade Federal de Santa Maria (UFSM), foi realizada a palestra \u201cHorizonte Europa\u201d, voltada \u00e0 apresenta\u00e7\u00e3o de um do maior programa de fomento \u00e0 pesquisa, inova\u00e7\u00e3o e coopera\u00e7\u00e3o cient\u00edfica internacional da Uni\u00e3o Europeia. O evento foi organizado pela Diretoria de Rela\u00e7\u00f5es Internacionais (DRI) e pela Pr\u00f3-Reitoria de P\u00f3s-Gradua\u00e7\u00e3o e Pesquisa (PRPGP), em parceria com a Uni\u00e3o Europeia no Brasil. A apresenta\u00e7\u00e3o foi conduzida por <\/span><a href=\"https:\/\/www.linkedin.com\/in\/dhallys-mota-nunes-ab487765\/\"><span style=\"font-weight: 400\">Dhallys Mota Nunes<\/span><\/a><span style=\"font-weight: 400\">, oficial de Pol\u00edticas em Ci\u00eancia, Tecnologia e Inova\u00e7\u00e3o (CTI) da <\/span><a href=\"https:\/\/www.eeas.europa.eu\/delegations\/brazil_en\"><span style=\"font-weight: 400\">Delega\u00e7\u00e3o da Uni\u00e3o Europeia no Brasil<\/span><\/a><span style=\"font-weight: 400\">. <\/span><\/p>\n<p><span style=\"font-weight: 400\">O Horizonte Europa \u00e9 o principal programa da Uni\u00e3o Europeia para financiar <\/span><span style=\"font-weight: 400\">pesquisa e inova\u00e7\u00e3o, <\/span><span style=\"font-weight: 400\">fortalecendo a coopera\u00e7\u00e3o <\/span><span style=\"font-weight: 400\">internacional e o impacto cient\u00edfico e tecnol\u00f3gico em <\/span>\u00e1reas priorit\u00e1rias para pol\u00edticas p\u00fablicas e desafios globais, como clima, sa\u00fade, sustentabilidade, transforma\u00e7\u00e3o digital e transi\u00e7\u00e3o verde. Al\u00e9m de apoiar projetos colaborativos, o programa tamb\u00e9m investe fortemente em pesquisa de fronteira (por meio do ERC) e no desenvolvimento de\u00a0carreiras cient\u00edficas atrav\u00e9s de mobilidade internacional, forma\u00e7\u00e3o e capacita\u00e7\u00e3o (via A\u00e7\u00f5es Marie Sk\u0142odowska Curie). O programa envolve os 27 Estados membros da UE e tamb\u00e9m 23 pa\u00edses associados.<\/p>\n<p>Nesse cen\u00e1rio, a palestra representou uma oportunidade de aproxima\u00e7\u00e3o da UFSM e de seus pesquisadores com esse amplo ecossistema internacional, tanto pela apresenta\u00e7\u00e3o das possibilidades existentes quanto pelo di\u00e1logo direto com a Uni\u00e3o Europeia no Brasil.\u00a0<\/p>\n<p><img fetchpriority=\"high\" decoding=\"async\" class=\"wp-image-5584 alignright\" src=\"https:\/\/www.ufsm.br\/app\/uploads\/sites\/402\/2026\/02\/20260126_095433-1024x768.jpg\" alt=\"\" width=\"500\" height=\"375\" srcset=\"https:\/\/www.ufsm.br\/app\/uploads\/sites\/402\/2026\/02\/20260126_095433-1024x768.jpg 1024w, https:\/\/www.ufsm.br\/app\/uploads\/sites\/402\/2026\/02\/20260126_095433-300x225.jpg 300w, https:\/\/www.ufsm.br\/app\/uploads\/sites\/402\/2026\/02\/20260126_095433-768x576.jpg 768w, https:\/\/www.ufsm.br\/app\/uploads\/sites\/402\/2026\/02\/20260126_095433-1536x1152.jpg 1536w, https:\/\/www.ufsm.br\/app\/uploads\/sites\/402\/2026\/02\/20260126_095433.jpg 1920w\" sizes=\"(max-width: 500px) 100vw, 500px\" \/><\/p>\n<p><span style=\"font-weight: 400\">Durante o evento, tamb\u00e9m foram citados pesquisadores e institui\u00e7\u00f5es j\u00e1 contempladas, apontadas como pontos nacionais de contato (NCPs). A troca de experi\u00eancias e o contato com participantes de projetos financiados foram destacados como fatores que podem facilitar a compreens\u00e3o dos processos e contribuir com a forma\u00e7\u00e3o de parcerias e a elabora\u00e7\u00e3o de propostas no \u00e2mbito do progr<\/span>ama.<\/p>\n<p><span style=\"font-weight: 400\">Ao longo da apres<\/span>enta\u00e7\u00e3o, foram detalhados os pilares do programa, os diferentes modelos de chamadas e os crit\u00e9rios de elegibilidade. O palestrante ressaltou, ainda, o potencial do Horizonte Europa para ampliar a visibilidade e o impacto da produ\u00e7\u00e3o cient\u00edfica da UFSM. As oportunidades s\u00e3o amplas e contemplam todas as \u00e1reas do conhecimento atrav\u00e9s da forma\u00e7\u00e3o de cons\u00f3rcios que podem envolver universidades, pesquisadores individuais, grupos de pesquisa, centros de pesquisa, empresas, startups e organiza\u00e7\u00f5es p\u00fablicas.<\/p>\n<p><span style=\"font-weight: 400\">Os pilares apresentados foram:\u00a0<\/span><\/p>\n<ul>\n<li style=\"font-weight: 400\"><b>Pilar l &#8211; Ci\u00eancia de Excel\u00eancia<\/b><span style=\"font-weight: 400\">: voltado para o financiamento de projetos e mobilidade internacional, engloba a iniciativa Marie Sk\u0142odowska-Curie e oportunidades do Conselho de Pesquisa Europeu (ERC); <\/span><span style=\"font-weight: 400\"><br \/><br \/><\/span><\/li>\n<li style=\"font-weight: 400\"><b>Pilar ll &#8211; Desafios Globais e Competitividade Industrial Europeia<\/b><span style=\"font-weight: 400\">: estruturado em seis <\/span><i><span style=\"font-weight: 400\">clusters<\/span><\/i><span style=\"font-weight: 400\"> tem\u00e1ticos:\u00a0<\/span>\n<ul>\n<li style=\"font-weight: 400\"><span style=\"font-weight: 400\">Sa\u00fade;\u00a0<\/span><\/li>\n<li style=\"font-weight: 400\"><span style=\"font-weight: 400\">Cultura, criatividade e sociedade inclusiva;\u00a0<\/span><\/li>\n<li style=\"font-weight: 400\"><span style=\"font-weight: 400\">Seguran\u00e7a civil para a sociedade;<\/span><\/li>\n<li style=\"font-weight: 400\"><span style=\"font-weight: 400\">O digital, a ind\u00fastria e o espa\u00e7o;\u00a0<\/span><\/li>\n<li style=\"font-weight: 400\"><span style=\"font-weight: 400\">Clima, energia e mobilidade;\u00a0<\/span><\/li>\n<li style=\"font-weight: 400\"><span style=\"font-weight: 400\">Alimentos, bioeconomia, recursos naturais, agricultura e ambiente;<\/span><\/li>\n<\/ul>\n<\/li>\n<\/ul>\n<ul>\n<li><b>Pilar lll &#8211; Europa Inovadora<\/b><span style=\"font-weight: 400\">: envolve o Conselho Europeu da Inova\u00e7\u00e3o, os Ecossistemas Europeus de Inova\u00e7\u00e3o e o Instituto Europeu de Inova\u00e7\u00e3o e Tecnologia\u00a0<\/span><\/li>\n<\/ul>\n<p><span style=\"font-weight: 400\">Atualmente, o programa conta com um grande n\u00famero de chamadas abertas e outras est\u00e3o previstas para serem lan\u00e7adas ao longo do ano. A apresenta\u00e7\u00e3o tamb\u00e9m abordou orienta\u00e7\u00f5es sobre como participar do programa, incluindo quem pode se candidatar (pesquisadores individuais ou institui\u00e7\u00f5es), principais objetivos contemplados (capacita\u00e7\u00e3o, mobilidade, colabora\u00e7\u00e3o ou amplia\u00e7\u00e3o de redes) e a frequ\u00eancia das chamadas (anuais e programadas). Foram mencionadas, ainda, as formas de ingresso em cons\u00f3rcios, com destaque para o uso de ferramentas de <\/span><i><span style=\"font-weight: 400\">matchmaking<\/span><\/i><span style=\"font-weight: 400\">, como o EU <\/span><a href=\"https:\/\/ec.europa.eu\/info\/funding-tenders\/opportunities\/portal\/screen\/home\"><span style=\"font-weight: 400\">Funding &amp; Tenders Portal<\/span><\/a><span style=\"font-weight: 400\"> e a <\/span><a href=\"https:\/\/euraxess.ec.europa.eu\/worldwide\/lac\"><span style=\"font-weight: 400\">EURAXESS<\/span><\/a><span style=\"font-weight: 400\">.<\/span><\/p>\n<p><span style=\"font-weight: 400\">A palestra completa est\u00e1 dispon\u00edvel no canal do Youtube da DRI e pode ser acessada atrav\u00e9s <\/span><a href=\"https:\/\/www.youtube.com\/watch?v=wDjy0GoQmAI\"><span style=\"font-weight: 400\">deste link<\/span><\/a><span style=\"font-weight: 400\"> ou na janela abaixo. Os slides utilizados podem ser solicitados pelo e-mail <\/span><a href=\"mailto:dri.comunicacao@ufsm.br\"><span style=\"font-weight: 400\">dri.comunicacao@ufsm.br<\/span><\/a><span style=\"font-weight: 400\">.\u00a0<\/span><\/p>\n<!-- \/wp:tadv\/classic-paragraph --><!-- wp:tadv\/classic-paragraph \/-->\t\t\t\t\t\t<\/div>\n\t\t\t\t<\/div>\n\t\t\t\t\t<\/div>\n\t\t<\/div>\n\t\t\t\t\t<\/div>\n\t\t<\/section>\n\t\t\t\t<section class=\"elementor-section elementor-top-section elementor-element elementor-element-60ca3e8 elementor-section-boxed elementor-section-height-default elementor-section-height-default\" data-id=\"60ca3e8\" data-element_type=\"section\">\n\t\t\t\t\t\t<div class=\"elementor-container elementor-column-gap-default\">\n\t\t\t\t\t<div class=\"elementor-column elementor-col-16 elementor-top-column elementor-element elementor-element-eb59e30\" data-id=\"eb59e30\" data-element_type=\"column\">\n\t\t\t<div class=\"elementor-widget-wrap\">\n\t\t\t\t\t\t\t<\/div>\n\t\t<\/div>\n\t\t\t\t<div class=\"elementor-column elementor-col-66 elementor-top-column elementor-element elementor-element-09c8962\" data-id=\"09c8962\" data-element_type=\"column\">\n\t\t\t<div class=\"elementor-widget-wrap elementor-element-populated\">\n\t\t\t\t\t\t<div class=\"elementor-element elementor-element-a2f2d83 elementor-widget elementor-widget-video\" data-id=\"a2f2d83\" data-element_type=\"widget\" data-settings=\"{&quot;youtube_url&quot;:&quot;https:\\\/\\\/www.youtube.com\\\/watch?v=wDjy0GoQmAI&quot;,&quot;video_type&quot;:&quot;youtube&quot;,&quot;controls&quot;:&quot;yes&quot;}\" data-widget_type=\"video.default\">\n\t\t\t\t<div class=\"elementor-widget-container\">\n\t\t\t\t\t<div class=\"elementor-wrapper elementor-open-inline\">\n\t\t\t<div class=\"elementor-video\"><\/div>\t\t<\/div>\n\t\t\t\t<\/div>\n\t\t\t\t<\/div>\n\t\t\t\t\t<\/div>\n\t\t<\/div>\n\t\t\t\t<div class=\"elementor-column elementor-col-16 elementor-top-column elementor-element elementor-element-da88647\" data-id=\"da88647\" data-element_type=\"column\">\n\t\t\t<div class=\"elementor-widget-wrap\">\n\t\t\t\t\t\t\t<\/div>\n\t\t<\/div>\n\t\t\t\t\t<\/div>\n\t\t<\/section>\n\t\t\t\t<\/div>\n\t\t","protected":false},"excerpt":{"rendered":"<p>Evento destacou oportunidades de coopera\u00e7\u00e3o cient\u00edfica, mobilidade e financiamento internacional em parceria com a Uni\u00e3o Europeia<\/p>\n","protected":false},"author":8677,"featured_media":0,"comment_status":"closed","ping_status":"closed","sticky":false,"template":"","format":"standard","meta":{"footnotes":""},"categories":[1],"tags":[],"class_list":["post-5581","post","type-post","status-publish","format-standard","hentry","category-noticias"],"acf":[],"_links":{"self":[{"href":"https:\/\/www.ufsm.br\/orgaos-suplementares\/dri\/wp-json\/wp\/v2\/posts\/5581","targetHints":{"allow":["GET"]}}],"collection":[{"href":"https:\/\/www.ufsm.br\/orgaos-suplementares\/dri\/wp-json\/wp\/v2\/posts"}],"about":[{"href":"https:\/\/www.ufsm.br\/orgaos-suplementares\/dri\/wp-json\/wp\/v2\/types\/post"}],"author":[{"embeddable":true,"href":"https:\/\/www.ufsm.br\/orgaos-suplementares\/dri\/wp-json\/wp\/v2\/users\/8677"}],"replies":[{"embeddable":true,"href":"https:\/\/www.ufsm.br\/orgaos-suplementares\/dri\/wp-json\/wp\/v2\/comments?post=5581"}],"version-history":[{"count":0,"href":"https:\/\/www.ufsm.br\/orgaos-suplementares\/dri\/wp-json\/wp\/v2\/posts\/5581\/revisions"}],"wp:attachment":[{"href":"https:\/\/www.ufsm.br\/orgaos-suplementares\/dri\/wp-json\/wp\/v2\/media?parent=5581"}],"wp:term":[{"taxonomy":"category","embeddable":true,"href":"https:\/\/www.ufsm.br\/orgaos-suplementares\/dri\/wp-json\/wp\/v2\/categories?post=5581"},{"taxonomy":"post_tag","embeddable":true,"href":"https:\/\/www.ufsm.br\/orgaos-suplementares\/dri\/wp-json\/wp\/v2\/tags?post=5581"}],"curies":[{"name":"wp","href":"https:\/\/api.w.org\/{rel}","templated":true}]}}