{"id":5586,"date":"2026-02-24T09:22:46","date_gmt":"2026-02-24T12:22:46","guid":{"rendered":"https:\/\/www.ufsm.br\/orgaos-suplementares\/dri\/?p=5586"},"modified":"2026-03-04T10:56:22","modified_gmt":"2026-03-04T13:56:22","slug":"ufsm-abre-edital-de-bolsas-para-docentes-e-taes-que-desejam-realizar-doutorado-e-pos-doutorado-na-espanha-pela-fundacao-carolina","status":"publish","type":"post","link":"https:\/\/www.ufsm.br\/orgaos-suplementares\/dri\/2026\/02\/24\/ufsm-abre-edital-de-bolsas-para-docentes-e-taes-que-desejam-realizar-doutorado-e-pos-doutorado-na-espanha-pela-fundacao-carolina","title":{"rendered":"UFSM prorroga inscri\u00e7\u00f5es para edital de bolsas para docentes e TAEs que desejam realizar Doutorado e P\u00f3s-Doutorado na Espanha pela Funda\u00e7\u00e3o Carolina"},"content":{"rendered":"\t\t<div data-elementor-type=\"wp-post\" data-elementor-id=\"5586\" class=\"elementor elementor-5586\">\n\t\t\t\t\t\t<section class=\"elementor-section elementor-top-section elementor-element elementor-element-30b9063b elementor-section-boxed elementor-section-height-default elementor-section-height-default\" data-id=\"30b9063b\" data-element_type=\"section\">\n\t\t\t\t\t\t<div class=\"elementor-container elementor-column-gap-default\">\n\t\t\t\t\t<div class=\"elementor-column elementor-col-100 elementor-top-column elementor-element elementor-element-6cf32830\" data-id=\"6cf32830\" data-element_type=\"column\">\n\t\t\t<div class=\"elementor-widget-wrap elementor-element-populated\">\n\t\t\t\t\t\t<div class=\"elementor-element elementor-element-4e76267 elementor-widget elementor-widget-text-editor\" data-id=\"4e76267\" data-element_type=\"widget\" data-widget_type=\"text-editor.default\">\n\t\t\t\t<div class=\"elementor-widget-container\">\n\t\t\t\t\t\t\t<p><!-- wp:tadv\/classic-paragraph --><\/p>\n<p><!-- wp:tadv\/classic-paragraph --><\/p>\n<p><!-- wp:tadv\/classic-paragraph --><\/p>\n<p>A Pr\u00f3-Reitoria de P\u00f3s-Gradua\u00e7\u00e3o e Pesquisa (PRPGP) e a Diretoria de Rela\u00e7\u00f5es Internacionais (DRI) da Universidade Federal de Santa Maria (UFSM) divulgam a abertura do <a href=\"https:\/\/www.ufsm.br\/pro-reitorias\/prpgp\/editais\/008-2026\">Edital n. 08\/2026 &#8211; PRPGP\/DRI<\/a>, que selecionar\u00e1 servidores da institui\u00e7\u00e3o para concorrer a bolsas de forma\u00e7\u00e3o acad\u00eamica em universidades espanholas, no \u00e2mbito da <a href=\"https:\/\/www.fundacioncarolina.es\/convocatoria-de-becas-2026-2027\/\">Convocat\u00f3ria 2026\/2027<\/a> da <a href=\"https:\/\/www.fundacioncarolina.es\/\">Funda\u00e7\u00e3o Carolina<\/a>, em parceria com a <a href=\"https:\/\/www.andifes.org.br\/\">Associa\u00e7\u00e3o Nacional dos Dirigentes das Institui\u00e7\u00f5es Federais de Ensino Superior (Andifes)<\/a>.<\/p>\n<p>A chamada \u00e9 destinada a docentes e servidores\/as t\u00e9cnicos\/asadministrativos\/as em educa\u00e7\u00e3o que possuem v\u00ednculo ativo com a UFSM. A sele\u00e7\u00e3o interna indicar\u00e1 at\u00e9 dois candidatos para a etapa nacional, sendo:<\/p>\n<ul>\n<li><b>1 bolsa para Doutorado Pleno<\/b>, destinada a servidores\/as com t\u00edtulo de mestrado e dura\u00e7\u00e3o m\u00e1xima de 27 meses, conforme cronograma descrito no edital;<\/li>\n<li><b>1 bolsa para Est\u00e1gio P\u00f3s-Doutoral de Curta Dura\u00e7\u00e3o<\/b>, destinada a servidores\/as com t\u00edtulo de doutorado e dura\u00e7\u00e3o de um a tr\u00eas meses, a ser realizado entre 1\u00ba de setembro de 2026 e 31 de julho de 2027.&nbsp;<\/li>\n<\/ul>\n<p>As bolsas integram a iniciativa \u201cBolsas de Estudo ODS, que mudam vidas\u201d<strong>, <\/strong>que busca apoiar projetos alinhados aos Objetivos de Desenvolvimento Sustent\u00e1vel (ODS) e aos desafios da transi\u00e7\u00e3o digital, ecol\u00f3gica e social, contribuindo para a forma\u00e7\u00e3o de profissionais e para o fortalecimento da coopera\u00e7\u00e3o acad\u00eamica e cient\u00edfica entre Brasil e Espanha.<\/p>\n<p>Entre os benef\u00edcios oferecidos est\u00e3o passagens a\u00e9reas, seguro m\u00e9dico n\u00e3o farmac\u00eautico e aux\u00edlio financeiro para manuten\u00e7\u00e3o e alojamento durante o per\u00edodo de estudos ou pesquisa. As inscri\u00e7\u00f5es para a sele\u00e7\u00e3o interna da UFSM foram prorrogadas at\u00e9 dia <strong>03 de mar\u00e7o de 2026<\/strong>, devendo ser submetidas por meio de <a href=\"https:\/\/docs.google.com\/forms\/d\/e\/1FAIpQLSfGhu7DgFNQJJuX44brJOEb3StAB44iIaY-PLVD9PXguiDzYQ\/viewform?usp=send_form\">formul\u00e1rio eletr\u00f4nico<\/a>.&nbsp;<\/p>\n<p>\u00c9 de responsabilidade do candidato consultar o edital completo e a convocat\u00f3ria da Funda\u00e7\u00e3o Carolina para verificar os requisitos, a documenta\u00e7\u00e3o necess\u00e1ria e os crit\u00e9rios de avalia\u00e7\u00e3o. Em caso de d\u00favidas, os interessados podem entrar em contato pelo e-mail <a href=\"mailto:nint.prpgp@ufsm.br\">nint.prpgp@ufsm.br<\/a> ou <a href=\"mailto:dri.multilateral@ufsm.br\">dri.multilateral@ufsm.br<\/a>, informando como assunto \u201cEdital 08\/2026 \u2013 PRPGP\/DRI\u201d.&nbsp;<\/p>\n<p data-start=\"175\" data-end=\"231\"><strong data-start=\"175\" data-end=\"231\">Observa\u00e7\u00e3o sobre a Convocat\u00f3ria da Funda\u00e7\u00e3o Carolina<\/strong><\/p>\n<p data-start=\"233\" data-end=\"593\">A Convocat\u00f3ria 2026\/2027 da <span class=\"hover:entity-accent entity-underline inline cursor-pointer align-baseline\"><span class=\"whitespace-normal\">Funda\u00e7\u00e3o Carolina<\/span><\/span> contempla diversas modalidades de bolsas, com p\u00fablicos e crit\u00e9rios distintos. O Edital n. 08\/2026 \u2013 PRPGP\/DRI refere-se exclusivamente \u00e0s bolsas ofertadas em parceria com a Andifes, destinadas a servidores\/as das institui\u00e7\u00f5es federais de ensino superior.<\/p>\n<p data-start=\"595\" data-end=\"919\">Outras oportunidades vinculadas \u00e0 mesma convocat\u00f3ria (como aquelas destinadas a redes espec\u00edficas de universidades ou candidaturas individuais) possuem regras pr\u00f3prias e processos seletivos distintos. Para conhecer todas as modalidades dispon\u00edveis, recomenda-se a consulta direta \u00e0 plataforma oficial da <a href=\"https:\/\/www.fundacioncarolina.es\/\">Funda\u00e7\u00e3o Carolina<\/a><\/p>\n<p><!-- \/wp:tadv\/classic-paragraph --><\/p>\n<p><!-- \/wp:tadv\/classic-paragraph --><\/p>\n<p><!-- \/wp:tadv\/classic-paragraph --><\/p>\t\t\t\t\t\t<\/div>\n\t\t\t\t<\/div>\n\t\t\t\t\t<\/div>\n\t\t<\/div>\n\t\t\t\t\t<\/div>\n\t\t<\/section>\n\t\t\t\t<\/div>\n\t\t","protected":false},"excerpt":{"rendered":"<p>Inscri\u00e7\u00f5es v\u00e3o at\u00e9 26 de fevereiro<\/p>\n","protected":false},"author":7273,"featured_media":0,"comment_status":"closed","ping_status":"closed","sticky":false,"template":"","format":"standard","meta":{"footnotes":""},"categories":[1],"tags":[],"class_list":["post-5586","post","type-post","status-publish","format-standard","hentry","category-noticias"],"acf":[],"_links":{"self":[{"href":"https:\/\/www.ufsm.br\/orgaos-suplementares\/dri\/wp-json\/wp\/v2\/posts\/5586","targetHints":{"allow":["GET"]}}],"collection":[{"href":"https:\/\/www.ufsm.br\/orgaos-suplementares\/dri\/wp-json\/wp\/v2\/posts"}],"about":[{"href":"https:\/\/www.ufsm.br\/orgaos-suplementares\/dri\/wp-json\/wp\/v2\/types\/post"}],"author":[{"embeddable":true,"href":"https:\/\/www.ufsm.br\/orgaos-suplementares\/dri\/wp-json\/wp\/v2\/users\/7273"}],"replies":[{"embeddable":true,"href":"https:\/\/www.ufsm.br\/orgaos-suplementares\/dri\/wp-json\/wp\/v2\/comments?post=5586"}],"version-history":[{"count":0,"href":"https:\/\/www.ufsm.br\/orgaos-suplementares\/dri\/wp-json\/wp\/v2\/posts\/5586\/revisions"}],"wp:attachment":[{"href":"https:\/\/www.ufsm.br\/orgaos-suplementares\/dri\/wp-json\/wp\/v2\/media?parent=5586"}],"wp:term":[{"taxonomy":"category","embeddable":true,"href":"https:\/\/www.ufsm.br\/orgaos-suplementares\/dri\/wp-json\/wp\/v2\/categories?post=5586"},{"taxonomy":"post_tag","embeddable":true,"href":"https:\/\/www.ufsm.br\/orgaos-suplementares\/dri\/wp-json\/wp\/v2\/tags?post=5586"}],"curies":[{"name":"wp","href":"https:\/\/api.w.org\/{rel}","templated":true}]}}