{"id":5598,"date":"2026-03-04T11:35:21","date_gmt":"2026-03-04T14:35:21","guid":{"rendered":"https:\/\/www.ufsm.br\/orgaos-suplementares\/dri\/?p=5598"},"modified":"2026-03-05T16:58:01","modified_gmt":"2026-03-05T19:58:01","slug":"alianca-francesa-oferece-cursos-com-ate-40-de-desconto-para-a-comunidade-academica-da-ufsm-3","status":"publish","type":"post","link":"https:\/\/www.ufsm.br\/orgaos-suplementares\/dri\/2026\/03\/04\/alianca-francesa-oferece-cursos-com-ate-40-de-desconto-para-a-comunidade-academica-da-ufsm-3","title":{"rendered":"Alian\u00e7a Francesa oferece cursos com at\u00e9 40% de desconto para a comunidade acad\u00eamica da UFSM"},"content":{"rendered":"\t\t<div data-elementor-type=\"wp-post\" data-elementor-id=\"5598\" class=\"elementor elementor-5598\">\n\t\t\t\t\t\t<section class=\"elementor-section elementor-top-section elementor-element elementor-element-7acbb4fa elementor-section-boxed elementor-section-height-default elementor-section-height-default\" data-id=\"7acbb4fa\" data-element_type=\"section\">\n\t\t\t\t\t\t<div class=\"elementor-container elementor-column-gap-default\">\n\t\t\t\t\t<div class=\"elementor-column elementor-col-100 elementor-top-column elementor-element elementor-element-60975dfd\" data-id=\"60975dfd\" data-element_type=\"column\">\n\t\t\t<div class=\"elementor-widget-wrap elementor-element-populated\">\n\t\t\t\t\t\t<div class=\"elementor-element elementor-element-5c75b151 elementor-widget elementor-widget-text-editor\" data-id=\"5c75b151\" data-element_type=\"widget\" data-widget_type=\"text-editor.default\">\n\t\t\t\t<div class=\"elementor-widget-container\">\n\t\t\t\t\t\t\t<p data-start=\"157\" data-end=\"471\"><span style=\"color: #000000;font-family: Arial, sans-serif;font-size: 12pt;background-color: transparent;vertical-align: baseline\">A <\/span><a href=\"https:\/\/www.afpoa.com.br\/\"><span style=\"font-size: 12pt;font-family: Arial, sans-serif;color: #1155cc;background-color: transparent;vertical-align: baseline\">Alian\u00e7a Francesa Porto Alegre (AFPOA)<\/span><\/a><span style=\"color: #000000;font-family: Arial, sans-serif;font-size: 12pt;background-color: transparent;vertical-align: baseline\">, \u00fanica escola de franc\u00eas do Rio Grande do Sul conveniada com a embaixada da Fran\u00e7a no Brasil, est\u00e1 oferecendo descontos em cursos regulares franc\u00eas ministrados \u00e0 dist\u00e2ncia, que <\/span><span style=\"color: #000000;font-size: 16px\">ter\u00e3o in\u00edcio no\u00a0<\/span><span style=\"color: #000000;font-size: 16px\" data-start=\"357\" data-end=\"386\">dia 9 de mar\u00e7o<\/span><span style=\"color: #000000;font-family: Arial, sans-serif;font-size: 12pt;background-color: transparent\">. Essa oferta \u00e9 voltada especificamente para a comunidade acad\u00eamica da Universidade Federal de Santa Maria (UFSM) e pode ser usufru\u00edda das seguintes formas:\u00a0<\/span><\/p>\n<p data-start=\"157\" data-end=\"471\"><strong>Cursos regulares &#8211; Desconto de 30%:<\/strong><br \/><span style=\"font-weight: 400\">Para estudantes, TAEs, docentes e membros do n\u00facleo familiar de pessoas com v\u00ednculo com a UFSM (pai, m\u00e3e, filhos\/as, irm\u00e3os\/\u00e3s, etc)\u00a0<\/span><span style=\"color: #000000;font-size: 1rem\">que optem por utilizar <\/span><span style=\"color: #000000;font-size: 1rem\">individualmente<\/span><span style=\"color: #000000;font-size: 1rem\"> o servi\u00e7o de cursos regulares e intensivos de franc\u00eas ministrados \u00e0 dist\u00e2ncia. A oferta \u00e9 v\u00e1lida tanto para aulas durante a semana quanto para as aulas de s\u00e1bado de manh\u00e3.<\/span><\/p>\n<p><b style=\"color: #000000;font-size: 1rem\">Aulas de sexta &#8211; Desconto de 40%:<\/b><span style=\"color: #000000;font-size: 1rem\">\u00a0<\/span><\/p>\n<p><span style=\"font-weight: 400\">Para <\/span><span style=\"font-weight: 400\">estudantes da UFSM que optarem pelas aulas de sexta-feira, que tem como foco o p\u00fablico universit\u00e1rio.\u00a0<\/span><\/p>\n<p><span style=\"font-weight: 400\">Em todos os casos, o material did\u00e1tico ser\u00e1 responsabilidade dos pr\u00f3prios alunos. Para utilizar os benef\u00edcios, o(a) interessado(a) deve entrar em contato com a Alian\u00e7a Francesa atrav\u00e9s dos canais de comunica\u00e7\u00e3o abaixo, informando que \u00e9 aluno(a) da UFSM e que gostaria de fazer sua inscri\u00e7\u00e3o com desconto:<\/span><\/p>\n<p><b>E-mail: <\/b><a href=\"mailto:recepcao@afpoa.com.br\"><span style=\"font-weight: 400\">recepcao@afpoa.com.br<\/span><\/a><span style=\"font-weight: 400\"> ou<\/span><a href=\"mailto:secretaria@afpoa.com.br\"><span style=\"font-weight: 400\"> secretaria@afpoa.com.br<\/span><\/a><br \/><b>WhatsApp:<\/b><span style=\"font-weight: 400\"> (51) 99250-8830 ou (51) 98427-9742<\/span><\/p>\n<p><span style=\"font-weight: 400\">Confira abaixo o calend\u00e1rio de aulas dos m\u00f3dulos ofertados:\u00a0<\/span><\/p>\n<p>\u00a0<\/p>\n<p style=\"text-align: center\"><b>M\u00d3DULOS REGULARES DE 17 SEMANAS (51h)<br \/><\/b><i><span style=\"font-weight: 400\"><br \/>1\u00b0 SEMESTRE (mar\u00e7o-julho)<\/span><\/i><\/p>\n<table>\n<tbody>\n<tr>\n<td style=\"text-align: center\">\n<p><b>Dias da Semana<\/b><\/p>\n<\/td>\n<td style=\"text-align: center\">\n<p><b>Per\u00edodo<\/b><\/p>\n<\/td>\n<\/tr>\n<tr>\n<td style=\"text-align: center\">\n<p><span style=\"font-weight: 400\">Cursos de Segunda-Feira<\/span><\/p>\n<\/td>\n<td style=\"text-align: center\">\n<p><span style=\"font-weight: 400\">de 09 de mar\u00e7o a 29 de junho<\/span><\/p>\n<\/td>\n<\/tr>\n<tr>\n<td style=\"text-align: center\">\n<p><span style=\"font-weight: 400\">Cursos de Ter\u00e7a-Feira<\/span><\/p>\n<\/td>\n<td style=\"text-align: center\">\n<p><span style=\"font-weight: 400\">de 10 de mar\u00e7o a 07 de julho<\/span><\/p>\n<\/td>\n<\/tr>\n<tr>\n<td style=\"text-align: center\">\n<p><span style=\"font-weight: 400\">Cursos de Quarta-Feira<\/span><\/p>\n<\/td>\n<td style=\"text-align: center\">\n<p><span style=\"font-weight: 400\">de 11 de mar\u00e7o a 1o de julho<\/span><\/p>\n<\/td>\n<\/tr>\n<tr>\n<td style=\"text-align: center\">\n<p><span style=\"font-weight: 400\">Cursos de Quinta-Feira<\/span><\/p>\n<\/td>\n<td style=\"text-align: center\">\n<p><span style=\"font-weight: 400\">de 12 de mar\u00e7o a 09 de julho<\/span><\/p>\n<\/td>\n<\/tr>\n<tr>\n<td style=\"text-align: center\">\n<p><span style=\"font-weight: 400\">Cursos de Sexta-Feira<\/span><\/p>\n<\/td>\n<td style=\"text-align: center\">\n<p><span style=\"font-weight: 400\">de 13 de mar\u00e7o a 17 de julho<\/span><\/p>\n<\/td>\n<\/tr>\n<tr>\n<td style=\"text-align: center\">\n<p><span style=\"font-weight: 400\">Cursos de S\u00e1bado<\/span><\/p>\n<\/td>\n<td style=\"text-align: center\">\n<p><span style=\"font-weight: 400\">de 14 de mar\u00e7o a 11 de julho<\/span><\/p>\n<\/td>\n<\/tr>\n<tr>\n<td style=\"text-align: center\">\n<p><span style=\"font-weight: 400\">Cursos de Segunda e Quarta\u00a0<\/span><\/p>\n<\/td>\n<td style=\"text-align: center\">\n<p><span style=\"font-weight: 400\">de 09 de mar\u00e7o a 1o de julho<\/span><\/p>\n<\/td>\n<\/tr>\n<tr>\n<td style=\"text-align: center\">\n<p><span style=\"font-weight: 400\">Cursos de Ter\u00e7a e Quinta<\/span><\/p>\n<\/td>\n<td style=\"text-align: center\">\n<p><span style=\"font-weight: 400\">de 10 de mar\u00e7o a 09 de julho<\/span><\/p>\n<\/td>\n<\/tr>\n<\/tbody>\n<\/table>\n<p style=\"text-align: center\"><i><span style=\"font-weight: 400\"><br \/>2\u00b0 SEMESTRE (agosto-dezembro)<\/span><\/i><\/p>\n<table style=\"width: 100%;height: 101px\">\n<tbody>\n<tr style=\"height: 21px\">\n<td style=\"width: 45.1266%;text-align: center;height: 21px\">\n<p><b>Dias da Semana<\/b><\/p>\n<\/td>\n<td style=\"width: 54.2594%;text-align: center;height: 21px\">\n<p><b>Per\u00edodo<\/b><\/p>\n<\/td>\n<\/tr>\n<tr style=\"height: 10px\">\n<td style=\"width: 45.1266%;text-align: center;height: 10px\">\n<p><span style=\"font-weight: 400\">Cursos de Segunda-Feira<\/span><\/p>\n<\/td>\n<td style=\"width: 54.2594%;text-align: center;height: 10px\">\n<p><span style=\"font-weight: 400\">de 03 de agosto a 14 de <\/span><b>dezembro<\/b><\/p>\n<\/td>\n<\/tr>\n<tr style=\"height: 10px\">\n<td style=\"width: 45.1266%;text-align: center;height: 10px\">\n<p><span style=\"font-weight: 400\">Cursos de Ter\u00e7a-Feira<\/span><\/p>\n<\/td>\n<td style=\"width: 54.2594%;text-align: center;height: 10px\">\n<p><span style=\"font-weight: 400\">de 04 de agosto a 24 de novembro<\/span><\/p>\n<\/td>\n<\/tr>\n<tr style=\"height: 10px\">\n<td style=\"width: 45.1266%;text-align: center;height: 10px\">\n<p><span style=\"font-weight: 400\">Cursos de Quarta-Feira<\/span><\/p>\n<\/td>\n<td style=\"width: 54.2594%;text-align: center;height: 10px\">\n<p><span style=\"font-weight: 400\">de 05 de agosto a 25 de novembro<\/span><\/p>\n<\/td>\n<\/tr>\n<tr style=\"height: 10px\">\n<td style=\"width: 45.1266%;text-align: center;height: 10px\">\n<p><span style=\"font-weight: 400\">Cursos de Quinta-Feira<\/span><\/p>\n<\/td>\n<td style=\"width: 54.2594%;text-align: center;height: 10px\">\n<p><span style=\"font-weight: 400\">de 06 de agosto a 26 de novembro<\/span><\/p>\n<\/td>\n<\/tr>\n<tr style=\"height: 10px\">\n<td style=\"width: 45.1266%;text-align: center;height: 10px\">\n<p><span style=\"font-weight: 400\">Cursos de Sexta-Feira<\/span><\/p>\n<\/td>\n<td style=\"width: 54.2594%;text-align: center;height: 10px\">\n<p><span style=\"font-weight: 400\">de 07 de agosto a 04 de <\/span><b>dezembro<\/b><\/p>\n<\/td>\n<\/tr>\n<tr style=\"height: 10px\">\n<td style=\"width: 45.1266%;text-align: center;height: 10px\">\n<p><span style=\"font-weight: 400\">Cursos de S\u00e1bado<\/span><\/p>\n<\/td>\n<td style=\"width: 54.2594%;text-align: center;height: 10px\">\n<p><span style=\"font-weight: 400\">de 08 de agosto a 28 de novembro<\/span><\/p>\n<\/td>\n<\/tr>\n<tr style=\"height: 10px\">\n<td style=\"width: 45.1266%;text-align: center;height: 10px\">\n<p><span style=\"font-weight: 400\">Cursos de Segunda e Quarta\u00a0<\/span><\/p>\n<\/td>\n<td style=\"width: 54.2594%;text-align: center;height: 10px\">\n<p><span style=\"font-weight: 400\">de 03 de agosto a 07 de <\/span><b>dezembro<\/b><\/p>\n<\/td>\n<\/tr>\n<tr style=\"height: 10px\">\n<td style=\"width: 45.1266%;text-align: center;height: 10px\">\n<p><span style=\"font-weight: 400\">Cursos de Ter\u00e7a e Quinta<\/span><\/p>\n<\/td>\n<td style=\"width: 54.2594%;text-align: center;height: 10px\">\n<p><span style=\"font-weight: 400\">de 04 de agosto a 26 de novembro<\/span><\/p>\n<\/td>\n<\/tr>\n<\/tbody>\n<\/table>\n<p style=\"text-align: center\"><b>CURSO DE SEXTA-FEIRA (42h)<\/b><\/p>\n<table>\n<tbody>\n<tr>\n<td style=\"text-align: center\" colspan=\"2\">\n<p><i><span style=\"font-weight: 400\">1\u00b0 SEMESTRE (mar\u00e7o-julho)<\/span><\/i><\/p>\n<\/td>\n<td style=\"text-align: center\" colspan=\"2\">\n<p><i><span style=\"font-weight: 400\">2\u00b0 SEMESTRE (agosto-dezembro)<\/span><\/i><\/p>\n<\/td>\n<\/tr>\n<tr>\n<td style=\"text-align: center\">\n<p><b>Dia da Semana<\/b><\/p>\n<\/td>\n<td style=\"text-align: center\">\n<p><b>Per\u00edodo<\/b><\/p>\n<\/td>\n<td style=\"text-align: center\">\n<p><b>Dia da Semana<\/b><\/p>\n<\/td>\n<td style=\"text-align: center\">\n<p><b>Per\u00edodo<\/b><\/p>\n<\/td>\n<\/tr>\n<tr>\n<td style=\"text-align: center\">\n<p><span style=\"font-weight: 400\">Sexta-Feira<\/span><\/p>\n<\/td>\n<td style=\"text-align: center\">\n<p><span style=\"font-weight: 400\">de 10 de abril a 17 de julho<\/span><\/p>\n<\/td>\n<td style=\"text-align: center\">\n<p><span style=\"font-weight: 400\">Sexta-Feira<\/span><\/p>\n<\/td>\n<td style=\"text-align: center\">\n<p><span style=\"font-weight: 400\">de 28 de agosto a 04 de dezembro<\/span><\/p>\n<\/td>\n<\/tr>\n<\/tbody>\n<\/table>\n<p><b>Diplomas e atestados de profici\u00eancia em franc\u00eas (DELF, DALF e TCF):<\/b><b><br \/><\/b><\/p>\n<p><span style=\"font-weight: 400\">Um dos requisitos mais frequentemente exigidos para estudantes, docentes e TAEs interessados em realizar atividades em regi\u00f5es cujo idioma oficial \u00e9 o franc\u00eas, como a Fran\u00e7a ou algumas \u00e1reas do Canad\u00e1, s\u00e3o certificados que comprovem um determinado n\u00edvel de profici\u00eancia na l\u00edngua.<\/span><\/p>\n<p><span style=\"font-weight: 400\">No Brasil, as Alian\u00e7as Francesas s\u00e3o as \u00fanicas institui\u00e7\u00f5es autorizadas a aplicar os exames para emiss\u00e3o do <\/span><b>DELF<\/b><span style=\"font-weight: 400\"> (Dipl\u00f4me d\u2019\u00c9tudes en Langue Fran\u00e7aise) e <\/span><b>DALF <\/b><span style=\"font-weight: 400\">(Dipl\u00f4me Approfondi de Langue Fran\u00e7aise), diplomas oficiais concedidos pelo Minist\u00e9rio da Educa\u00e7\u00e3o Nacional da Fran\u00e7a e reconhecidos internacionalmente. Al\u00e9m desses dois exames, a AFPOA tamb\u00e9m oferece o <\/span><b>TCF<\/b><span style=\"font-weight: 400\"> (Test de Connaissance du Fran\u00e7ais), um teste voltado para pessoas que desejam avaliar seus conhecimentos em franc\u00eas de forma simples, confi\u00e1vel e r\u00e1pida.\u00a0<\/span><\/p>\n<p><span style=\"font-weight: 400\">O DELF e o DALF distinguem-se do TCF por serem diplomas de l\u00edngua francesa, enquanto o TFC \u00e9 apenas um atestado. O exame para a obten\u00e7\u00e3o do DELF \u00e9 destinado aos estudantes de n\u00edvel intermedi\u00e1rio, enquanto o DALF \u00e9 somente para os estudantes de n\u00edvel avan\u00e7ado. Al\u00e9m disso, outra diferen\u00e7a importante refere-se ao prazo de validade. Enquanto os diplomas t\u00eam validade vital\u00edcia, o atestado \u00e9 v\u00e1lido por apenas 2 anos.<\/span><\/p>\n<p><i><span style=\"font-weight: 400\">Reiteramos que a DRI atua apenas na divulga\u00e7\u00e3o da oportunidade, n\u00e3o possuindo qualquer inger\u00eancia sobre o processo. Quaisquer d\u00favidas a respeito desta oferta devem ser encaminhadas diretamente para os canais de comunica\u00e7\u00e3o oficial da AFPOA.<\/span><\/i><\/p>\n<p><!-- \/wp:tadv\/classic-paragraph --><!-- wp:tadv\/classic-paragraph \/--><\/p>\t\t\t\t\t\t<\/div>\n\t\t\t\t<\/div>\n\t\t\t\t\t<\/div>\n\t\t<\/div>\n\t\t\t\t\t<\/div>\n\t\t<\/section>\n\t\t\t\t<\/div>\n\t\t","protected":false},"excerpt":{"rendered":"<p>Oferta ser\u00e1 v\u00e1lida durante todo o ano de 2026<\/p>\n","protected":false},"author":8237,"featured_media":0,"comment_status":"closed","ping_status":"closed","sticky":false,"template":"","format":"standard","meta":{"footnotes":""},"categories":[1],"tags":[],"class_list":["post-5598","post","type-post","status-publish","format-standard","hentry","category-noticias"],"acf":[],"_links":{"self":[{"href":"https:\/\/www.ufsm.br\/orgaos-suplementares\/dri\/wp-json\/wp\/v2\/posts\/5598","targetHints":{"allow":["GET"]}}],"collection":[{"href":"https:\/\/www.ufsm.br\/orgaos-suplementares\/dri\/wp-json\/wp\/v2\/posts"}],"about":[{"href":"https:\/\/www.ufsm.br\/orgaos-suplementares\/dri\/wp-json\/wp\/v2\/types\/post"}],"author":[{"embeddable":true,"href":"https:\/\/www.ufsm.br\/orgaos-suplementares\/dri\/wp-json\/wp\/v2\/users\/8237"}],"replies":[{"embeddable":true,"href":"https:\/\/www.ufsm.br\/orgaos-suplementares\/dri\/wp-json\/wp\/v2\/comments?post=5598"}],"version-history":[{"count":0,"href":"https:\/\/www.ufsm.br\/orgaos-suplementares\/dri\/wp-json\/wp\/v2\/posts\/5598\/revisions"}],"wp:attachment":[{"href":"https:\/\/www.ufsm.br\/orgaos-suplementares\/dri\/wp-json\/wp\/v2\/media?parent=5598"}],"wp:term":[{"taxonomy":"category","embeddable":true,"href":"https:\/\/www.ufsm.br\/orgaos-suplementares\/dri\/wp-json\/wp\/v2\/categories?post=5598"},{"taxonomy":"post_tag","embeddable":true,"href":"https:\/\/www.ufsm.br\/orgaos-suplementares\/dri\/wp-json\/wp\/v2\/tags?post=5598"}],"curies":[{"name":"wp","href":"https:\/\/api.w.org\/{rel}","templated":true}]}}