{"id":5599,"date":"2026-03-04T10:58:58","date_gmt":"2026-03-04T13:58:58","guid":{"rendered":"https:\/\/www.ufsm.br\/orgaos-suplementares\/dri\/?p=5599"},"modified":"2026-03-04T10:59:01","modified_gmt":"2026-03-04T13:59:01","slug":"fundacao-carolina-oferece-bolsas-de-curta-duracao-para-docentes-realizarem-estudos-pos-doutorais-em-instituicoes-espanholas-participantes-do-grupo-tordesillas","status":"publish","type":"post","link":"https:\/\/www.ufsm.br\/orgaos-suplementares\/dri\/2026\/03\/04\/fundacao-carolina-oferece-bolsas-de-curta-duracao-para-docentes-realizarem-estudos-pos-doutorais-em-instituicoes-espanholas-participantes-do-grupo-tordesillas","title":{"rendered":"Funda\u00e7\u00e3o Carolina oferece bolsas de curta dura\u00e7\u00e3o para docentes realizarem estudos p\u00f3s-doutorais em institui\u00e7\u00f5es espanholas participantes do Grupo Tordesillas\u00a0"},"content":{"rendered":"\n\n\n<p><span style=\"font-weight: 400\">A<\/span> <a href=\"https:\/\/www.fundacioncarolina.es\/\"><b>Funda\u00e7\u00e3o Carolina<\/b><\/a><span style=\"font-weight: 400\">, em parceria com o <\/span><a href=\"https:\/\/www.grupotordesillas.net\/pt\/\"><b>Grupo Tordesillas<\/b><\/a><span style=\"font-weight: 400\">, est\u00e1 oferecendo 12 bolsas de curta dura\u00e7\u00e3o para docentes interessados em realizar estudos p\u00f3s-doutorais em institui\u00e7\u00f5es espanholas no ano acad\u00eamico de 2026\/2027. A iniciativa faz parte do <\/span><a href=\"https:\/\/www.grupotordesillas.net\/pt\/blog\/becas-fundacion-carolina-2026-2027\/\"><span style=\"font-weight: 400\">Programa de Mobilidade de Professores do Grupo Tordesillas<\/span><\/a><span style=\"font-weight: 400\">, cujo objetivo \u00e9 fortalecer a forma\u00e7\u00e3o p\u00f3s-doutoral e promover interc\u00e2mbio cient\u00edfico e acad\u00eamico entre Ibero-Am\u00e9rica e Espanha.<\/span><\/p>\n<p><span style=\"font-weight: 400\">As bolsas t\u00eam dura\u00e7\u00e3o m\u00ednima de um m\u00eas e m\u00e1xima de tr\u00eas meses, devendo ocorrer entre 1\u00ba de setembro de 2026 e 31 de julho de 2027, sempre com a supervis\u00e3o de um docente ou pesquisador da universidade espanhola anfitri\u00e3. O Grupo Tordesillas \u00e9 respons\u00e1vel pelo registro das candidaturas na plataforma da Funda\u00e7\u00e3o Carolina.<\/span><\/p>\n<h3><b>Requisitos para candidatura\u00a0<\/b><\/h3>\n<ul>\n<li style=\"font-weight: 400\"><span style=\"font-weight: 400\">Ter cidadania de um pa\u00eds da Comunidade Ibero-Americana de Na\u00e7\u00f5es (exceto Espanha).<\/span><\/li>\n<li style=\"font-weight: 400\"><span style=\"font-weight: 400\">Possuir doutorado<\/span><\/li>\n<li style=\"font-weight: 400\"><span style=\"font-weight: 400\">atuar como docente em uma universidade brasileira ou portuguesa do Grupo Tordesillas\u00a0 (caso da UFSM), com\u00a0 garantia de compromisso institucional de retorno ap\u00f3s a est\u00e2ncia\u00a0<\/span><\/li>\n<li style=\"font-weight: 400\"><span style=\"font-weight: 400\">Ter convite pr\u00e9vio de uma universidade espanhola do Grupo Tordesillas.<\/span><\/li>\n<li style=\"font-weight: 400\"><span style=\"font-weight: 400\">N\u00e3o residir na Espanha nem ter usufru\u00eddo anteriormente de uma bolsa deste programa.<\/span><\/li>\n<li style=\"font-weight: 400\"><span style=\"font-weight: 400\">Ter excel\u00eancia curricular e experi\u00eancia profissional, sendo valorizada a participa\u00e7\u00e3o em Col\u00e9gios Doutoral Tordesillas.<\/span><\/li>\n<li style=\"font-weight: 400\"><span style=\"font-weight: 400\">Cumprir com as exig\u00eancias legais ou contratuais estabelecidas pelo Grupo Tordesillas e pela Funda\u00e7\u00e3o Carolina\u00a0<\/span><\/li>\n<\/ul>\n<h3><b>Benef\u00edcios da bolsa<\/b><\/h3>\n<ul>\n<li style=\"font-weight: 400\"><span style=\"font-weight: 400\">Passagem a\u00e9rea ida e volta\u00a0<\/span><\/li>\n<li style=\"font-weight: 400\"><span style=\"font-weight: 400\">Seguro m\u00e9dico n\u00e3o farmac\u00eautico\u00a0<\/span><\/li>\n<li style=\"font-weight: 400\"><span style=\"font-weight: 400\">1.200 euros mensais para custeio de alojamento e alimenta\u00e7\u00e3o<\/span><\/li>\n<\/ul>\n<p><span style=\"font-weight: 400\">As candidaturas devem ser submetidas at\u00e9 <\/span><b>23 de mar\u00e7o de 2026<\/b><span style=\"font-weight: 400\">, n\u00e3o sendo aceitas inscri\u00e7\u00f5es ap\u00f3s esta data. Como o edital n\u00e3o especifica qual fuso hor\u00e1rio est\u00e1 sendo considerado, recomendamos que o envio seja feito com maior anteced\u00eancia. Para obter mais informa\u00e7\u00f5es, os interessados devem acessar e ler com aten\u00e7\u00e3o a convocat\u00f3ria, dispon\u00edvel <\/span><a href=\"https:\/\/www.grupotordesillas.net\/pt\/blog\/becas-fundacion-carolina-2026-2027\/\"><span style=\"font-weight: 400\">neste link.<\/span><\/a><\/p>\n<p><i><span style=\"font-weight: 400\">Reiteramos que a DRI atua apenas na divulga\u00e7\u00e3o da oportunidade, n\u00e3o possuindo qualquer inger\u00eancia sobre o processo. Quaisquer d\u00favidas a respeito desta convocat\u00f3ria devem ser encaminhadas para os canais de comunica\u00e7\u00e3o informados em suas p\u00e1ginas e documentos oficiais.<\/span><\/i><\/p>\n<h3><b>Observa\u00e7\u00e3o sobre as bolsas da Funda\u00e7\u00e3o Carolina<\/b><\/h3>\n<p><span style=\"font-weight: 400\">A convocat\u00f3ria da Funda\u00e7\u00e3o Carolina contempla diversas modalidades de bolsa, com regras e p\u00fablico distintos. Esta oportunidade espec\u00edfica \u00e9 exclusiva para docentes vinculados \u00e0s institui\u00e7\u00f5es do Grupo Tordesillas. O <\/span><a href=\"https:\/\/www.ufsm.br\/orgaos-suplementares\/dri\/2026\/02\/24\/ufsm-abre-edital-de-bolsas-para-docentes-e-taes-que-desejam-realizar-doutorado-e-pos-doutorado-na-espanha-pela-fundacao-carolina\"><span style=\"font-weight: 400\">edital interno<\/span><\/a><span style=\"font-weight: 400\"> lan\u00e7ado recentemente pela UFSM, referente \u00e0s bolsas destinadas \u00e0 membros da Andifes, tratava-se de outra oportunidade. Al\u00e9m disso, h\u00e1 bolsas que permitem candidatura individual por parte dos\/as interessados\/as. Para conhecer todas as oportunidades dispon\u00edveis, basta consultar diretamente a <\/span><a href=\"https:\/\/www.fundacioncarolina.es\/formacion\/como-solicitar-2\/#\"><span style=\"font-weight: 400\">plataforma da Funda\u00e7\u00e3o Carolina<\/span><\/a><span style=\"font-weight: 400\">.<\/span><\/p>\n\n\n","protected":false},"excerpt":{"rendered":"<p>Oportunidade \u00e9 voltada para docentes e as candidaturas devem ser feitas at\u00e9 23 de mar\u00e7o <\/p>\n","protected":false},"author":8237,"featured_media":0,"comment_status":"closed","ping_status":"closed","sticky":false,"template":"","format":"standard","meta":{"footnotes":""},"categories":[1],"tags":[310,144],"class_list":["post-5599","post","type-post","status-publish","format-standard","hentry","category-noticias","tag-fundacao-carolina","tag-oportunidade"],"acf":[],"_links":{"self":[{"href":"https:\/\/www.ufsm.br\/orgaos-suplementares\/dri\/wp-json\/wp\/v2\/posts\/5599","targetHints":{"allow":["GET"]}}],"collection":[{"href":"https:\/\/www.ufsm.br\/orgaos-suplementares\/dri\/wp-json\/wp\/v2\/posts"}],"about":[{"href":"https:\/\/www.ufsm.br\/orgaos-suplementares\/dri\/wp-json\/wp\/v2\/types\/post"}],"author":[{"embeddable":true,"href":"https:\/\/www.ufsm.br\/orgaos-suplementares\/dri\/wp-json\/wp\/v2\/users\/8237"}],"replies":[{"embeddable":true,"href":"https:\/\/www.ufsm.br\/orgaos-suplementares\/dri\/wp-json\/wp\/v2\/comments?post=5599"}],"version-history":[{"count":0,"href":"https:\/\/www.ufsm.br\/orgaos-suplementares\/dri\/wp-json\/wp\/v2\/posts\/5599\/revisions"}],"wp:attachment":[{"href":"https:\/\/www.ufsm.br\/orgaos-suplementares\/dri\/wp-json\/wp\/v2\/media?parent=5599"}],"wp:term":[{"taxonomy":"category","embeddable":true,"href":"https:\/\/www.ufsm.br\/orgaos-suplementares\/dri\/wp-json\/wp\/v2\/categories?post=5599"},{"taxonomy":"post_tag","embeddable":true,"href":"https:\/\/www.ufsm.br\/orgaos-suplementares\/dri\/wp-json\/wp\/v2\/tags?post=5599"}],"curies":[{"name":"wp","href":"https:\/\/api.w.org\/{rel}","templated":true}]}}