{"id":5600,"date":"2026-03-05T12:18:40","date_gmt":"2026-03-05T15:18:40","guid":{"rendered":"https:\/\/www.ufsm.br\/orgaos-suplementares\/dri\/?p=5600"},"modified":"2026-03-05T12:18:42","modified_gmt":"2026-03-05T15:18:42","slug":"evento-na-ufsm-apresentara-as-oportunidades-de-bolsas-para-estudos-e-experiencias-internacionais-do-programa-lideres-estudar","status":"publish","type":"post","link":"https:\/\/www.ufsm.br\/orgaos-suplementares\/dri\/2026\/03\/05\/evento-na-ufsm-apresentara-as-oportunidades-de-bolsas-para-estudos-e-experiencias-internacionais-do-programa-lideres-estudar","title":{"rendered":"Evento na UFSM apresentar\u00e1 as oportunidades de bolsas para estudos e experi\u00eancias internacionais do Programa L\u00edderes Estudar\u00a0"},"content":{"rendered":"\n<p><span style=\"font-weight: 400\">Estudantes da Universidade Federal de Santa Maria (UFSM) interessados em oportunidades acad\u00eamicas e profissionais no exterior ter\u00e3o a oportunidade de conhecer mais sobre o <\/span><a href=\"https:\/\/www.estudar.org.br\/lideres\/?utm_source=embaixadores&amp;utm_medium=social&amp;utm_campaign=programa-lideres-estudar-26&amp;referral=embaixadores-social-programa-lideres-estudar-26--\"><b>Programa L\u00edderes Estudar<\/b><\/a><span style=\"font-weight: 400\">, iniciativa que h\u00e1 mais de 35 anos apoia jovens brasileiros de alto potencial em sua forma\u00e7\u00e3o e desenvolvimento de carreira.<\/span><\/p>\n<p><span style=\"font-weight: 400\">Como parte da divulga\u00e7\u00e3o do processo seletivo do programa, ser\u00e1 realizado um encontro aberto na UFSM, no qual ser\u00e3o apresentados os principais detalhes da oportunidade, incluindo crit\u00e9rios de sele\u00e7\u00e3o, etapas do processo e formas de prepara\u00e7\u00e3o para a candidatura. Durante o evento a aluna <\/span><b>Emilly Rodrigues<\/b><span style=\"font-weight: 400\">, estudante de Engenharia Aeroespacial da UFSM e bolsista da Funda\u00e7\u00e3o Estudar, compartilhar\u00e1 sua experi\u00eancia no processo seletivo e na trajet\u00f3ria como participante do programa.\u00a0<\/span><\/p>\n<p><span style=\"font-weight: 400\">O encontro ser\u00e1 realizado no dia 10 de mar\u00e7o, \u00e0s 17 horas, na Sala 202 do Centro de Tecnologia (CT). A atividade \u00e9 aberta \u00e0 toda a comunidade discente e os interessados devem realizar inscri\u00e7\u00e3o pr\u00e9via por meio do formul\u00e1rio online dispon\u00edvel <\/span><a href=\"https:\/\/forms.gle\/yMCXE63yPVtLYJip9\"><span style=\"font-weight: 400\">neste link<\/span><\/a><span style=\"font-weight: 400\">.<\/span><\/p>\n<p><span style=\"font-weight: 400\">O Programa L\u00edderes Estudar oferece um apoio financeiro flex\u00edvel que pode ser utilizado para custear gradua\u00e7\u00e3o, p\u00f3s-gradua\u00e7\u00e3o, interc\u00e2mbios acad\u00eamicos e est\u00e1gios no exterior. Os participantes tamb\u00e9m t\u00eam acesso \u00e0 mentoria, conex\u00f5es qualificadas e oportunidades de desenvolvimento de carreira ao longo de sua trajet\u00f3ria.<\/span><\/p>\n<p><span style=\"font-weight: 400\">Al\u00e9m disso, os bolsistas passam a integrar uma comunidade com mais de 960 fellows, formada por estudantes e profissionais que atuam em universidades e organiza\u00e7\u00f5es de destaque no Brasil e no mundo. Atualmente, essa rede re\u00fane estudantes e alumni que passaram por institui\u00e7\u00f5es como MIT, Harvard, Stanford e muitas outras universidades de refer\u00eancia global, al\u00e9m de profissionais que atuam em empresas e projetos de grande impacto.<\/span><\/p>\n<p><span style=\"font-weight: 400\">Podem se candidatar estudantes brasileiros de at\u00e9 34 anos, com bom desempenho acad\u00eamico, que estejam matriculados ou em processo de candidatura para cursos de gradua\u00e7\u00e3o ou p\u00f3s-gradua\u00e7\u00e3o no Brasil ou no exterior. As inscri\u00e7\u00f5es para o programa est\u00e3o abertas at\u00e9 <\/span><b>29 de mar\u00e7o<\/b><span style=\"font-weight: 400\">.<\/span><\/p>\n","protected":false},"excerpt":{"rendered":"<p>O evento ocorre no dia 10 de mar\u00e7o e as inscri\u00e7\u00f5es para a bolsa v\u00e3o at\u00e9 29 de mar\u00e7o <\/p>\n","protected":false},"author":8237,"featured_media":0,"comment_status":"closed","ping_status":"closed","sticky":false,"template":"","format":"standard","meta":{"footnotes":""},"categories":[1],"tags":[],"class_list":["post-5600","post","type-post","status-publish","format-standard","hentry","category-noticias"],"acf":[],"_links":{"self":[{"href":"https:\/\/www.ufsm.br\/orgaos-suplementares\/dri\/wp-json\/wp\/v2\/posts\/5600","targetHints":{"allow":["GET"]}}],"collection":[{"href":"https:\/\/www.ufsm.br\/orgaos-suplementares\/dri\/wp-json\/wp\/v2\/posts"}],"about":[{"href":"https:\/\/www.ufsm.br\/orgaos-suplementares\/dri\/wp-json\/wp\/v2\/types\/post"}],"author":[{"embeddable":true,"href":"https:\/\/www.ufsm.br\/orgaos-suplementares\/dri\/wp-json\/wp\/v2\/users\/8237"}],"replies":[{"embeddable":true,"href":"https:\/\/www.ufsm.br\/orgaos-suplementares\/dri\/wp-json\/wp\/v2\/comments?post=5600"}],"version-history":[{"count":0,"href":"https:\/\/www.ufsm.br\/orgaos-suplementares\/dri\/wp-json\/wp\/v2\/posts\/5600\/revisions"}],"wp:attachment":[{"href":"https:\/\/www.ufsm.br\/orgaos-suplementares\/dri\/wp-json\/wp\/v2\/media?parent=5600"}],"wp:term":[{"taxonomy":"category","embeddable":true,"href":"https:\/\/www.ufsm.br\/orgaos-suplementares\/dri\/wp-json\/wp\/v2\/categories?post=5600"},{"taxonomy":"post_tag","embeddable":true,"href":"https:\/\/www.ufsm.br\/orgaos-suplementares\/dri\/wp-json\/wp\/v2\/tags?post=5600"}],"curies":[{"name":"wp","href":"https:\/\/api.w.org\/{rel}","templated":true}]}}