{"id":5607,"date":"2026-03-11T16:26:19","date_gmt":"2026-03-11T19:26:19","guid":{"rendered":"https:\/\/www.ufsm.br\/orgaos-suplementares\/dri\/?p=5607"},"modified":"2026-03-11T19:05:12","modified_gmt":"2026-03-11T22:05:12","slug":"isf-oferta-cursos-cursos-gratuitos-de-idiomas-para-a-comunidade-academica-da-ufsm","status":"publish","type":"post","link":"https:\/\/www.ufsm.br\/orgaos-suplementares\/dri\/2026\/03\/11\/isf-oferta-cursos-cursos-gratuitos-de-idiomas-para-a-comunidade-academica-da-ufsm","title":{"rendered":"Idiomas Sem Fronteiras (IsF) oferta cursos gratuitos de para a comunidade acad\u00eamica da UFSM"},"content":{"rendered":"\n<p><span style=\"font-weight: 400\">A partir de segunda-feira (16), os <\/span><b>estudantes, docentes e TAEs<\/b><span style=\"font-weight: 400\"> da Universidade Federal de Santa Maria (UFSM) poder\u00e3o se inscrever na nova edi\u00e7\u00e3o da Oferta Coletiva da Rede Andifes Idiomas sem Fronteiras (IsF), iniciativa nacional que re\u00fane universidades de todo o pa\u00eds para oferecer cursos gratuitos de idiomas para a comunidade acad\u00eamica das participantes. A a\u00e7\u00e3o tem como objetivo apoiar o desenvolvimento lingu\u00edstico de estudantes e servidores, contribuindo para a amplia\u00e7\u00e3o de oportunidades acad\u00eamicas e profissionais em contextos internacionais.<\/span><\/p>\n<p><span style=\"font-weight: 400\">Nesta edi\u00e7\u00e3o, ser\u00e3o ofertados cursos de sete idiomas: <\/span><b>alem\u00e3o, espanhol, franc\u00eas, ingl\u00eas, italiano, japon\u00eas e portugu\u00eas para estrangeiros<\/b><span style=\"font-weight: 400\">. As aulas ser\u00e3o ministradas de forma <\/span><b>remota<\/b><span style=\"font-weight: 400\"> por docentes especialistas vinculados \u00e0s institui\u00e7\u00f5es da rede e contar\u00e3o com alunos de diversas universidades, possibilitando tamb\u00e9m a troca de experi\u00eancias e o estabelecimento de uma rede de contato com pessoas de diferentes lugares do pa\u00eds.<\/span><\/p>\n<p><span style=\"font-weight: 400\">O edital com todas as informa\u00e7\u00f5es sobre a oferta ser\u00e1 publicado no dia 13 de mar\u00e7o. O documento poder\u00e1 ser acessado no <\/span><a href=\"https:\/\/www.andifes.org.br\/institucional\/redeisf\/\"><span style=\"font-weight: 400\">site da rede<\/span><\/a><span style=\"font-weight: 400\">, rolando a p\u00e1gina inicial at\u00e9 a sess\u00e3o \u201c<\/span>OFERTAS COLETIVAS DE CURSOS DE IDIOMAS<span style=\"font-weight: 400\">\u201d. <\/span><span style=\"font-weight: 400\">As <\/span><b>inscri\u00e7\u00f5es iniciam no dia 16 de mar\u00e7o<\/b><span style=\"font-weight: 400\"> e devem ser realizadas por meio de formul\u00e1rio espec\u00edfico, que ser\u00e1 indicado no documento.\u00a0<\/span><\/p>\n<p><span style=\"font-weight: 400\">Como as vagas s\u00e3o limitadas e preenchidas conforme a ordem de inscri\u00e7\u00e3o, recomendamos que os interessados leiam atentamente o edital e se organizem para realizarem sua inscri\u00e7\u00e3o assim que o formul\u00e1rio for disponibilizado. <\/span><span style=\"font-weight: 400\">Mais informa\u00e7\u00f5es sobre a Oferta Coletiva podem ser acompanhadas na <\/span><a href=\"https:\/\/www.andifes.org.br\/institucional\/redeisf\/\">p\u00e1gina da Rede Andifes IsF<\/a>, no <a href=\"https:\/\/www.instagram.com\/redeisf.nacional\">Intagram da Rede Andifes IsF<\/a> e no <a href=\"https:\/\/www.instagram.com\/isf_ufsm\/\">instagram do IsF UFSM<\/a>.<\/p>\n","protected":false},"excerpt":{"rendered":"<p>A partir de segunda-feira (16), os estudantes, docentes e TAEs da Universidade Federal de Santa Maria (UFSM) poder\u00e3o se inscrever na nova edi\u00e7\u00e3o da Oferta Coletiva da Rede Andifes Idiomas sem Fronteiras (IsF), iniciativa nacional que re\u00fane universidades de todo o pa\u00eds para oferecer cursos gratuitos de idiomas para a comunidade acad\u00eamica das participantes. A [&hellip;]<\/p>\n","protected":false},"author":143,"featured_media":0,"comment_status":"closed","ping_status":"closed","sticky":false,"template":"","format":"standard","meta":{"footnotes":""},"categories":[1],"tags":[],"class_list":["post-5607","post","type-post","status-publish","format-standard","hentry","category-noticias"],"acf":[],"_links":{"self":[{"href":"https:\/\/www.ufsm.br\/orgaos-suplementares\/dri\/wp-json\/wp\/v2\/posts\/5607","targetHints":{"allow":["GET"]}}],"collection":[{"href":"https:\/\/www.ufsm.br\/orgaos-suplementares\/dri\/wp-json\/wp\/v2\/posts"}],"about":[{"href":"https:\/\/www.ufsm.br\/orgaos-suplementares\/dri\/wp-json\/wp\/v2\/types\/post"}],"author":[{"embeddable":true,"href":"https:\/\/www.ufsm.br\/orgaos-suplementares\/dri\/wp-json\/wp\/v2\/users\/143"}],"replies":[{"embeddable":true,"href":"https:\/\/www.ufsm.br\/orgaos-suplementares\/dri\/wp-json\/wp\/v2\/comments?post=5607"}],"version-history":[{"count":0,"href":"https:\/\/www.ufsm.br\/orgaos-suplementares\/dri\/wp-json\/wp\/v2\/posts\/5607\/revisions"}],"wp:attachment":[{"href":"https:\/\/www.ufsm.br\/orgaos-suplementares\/dri\/wp-json\/wp\/v2\/media?parent=5607"}],"wp:term":[{"taxonomy":"category","embeddable":true,"href":"https:\/\/www.ufsm.br\/orgaos-suplementares\/dri\/wp-json\/wp\/v2\/categories?post=5607"},{"taxonomy":"post_tag","embeddable":true,"href":"https:\/\/www.ufsm.br\/orgaos-suplementares\/dri\/wp-json\/wp\/v2\/tags?post=5607"}],"curies":[{"name":"wp","href":"https:\/\/api.w.org\/{rel}","templated":true}]}}