{"id":5609,"date":"2026-03-13T09:45:28","date_gmt":"2026-03-13T12:45:28","guid":{"rendered":"https:\/\/www.ufsm.br\/orgaos-suplementares\/dri\/?p=5609"},"modified":"2026-03-13T09:53:06","modified_gmt":"2026-03-13T12:53:06","slug":"abertura-de-inscricoes-para-cursos-de-chines-presenciais-na-ufsm-3","status":"publish","type":"post","link":"https:\/\/www.ufsm.br\/orgaos-suplementares\/dri\/2026\/03\/13\/abertura-de-inscricoes-para-cursos-de-chines-presenciais-na-ufsm-3","title":{"rendered":"Abertura de inscri\u00e7\u00f5es para cursos de chin\u00eas presenciais na UFSM"},"content":{"rendered":"\t\t<div data-elementor-type=\"wp-post\" data-elementor-id=\"5609\" class=\"elementor elementor-5609\">\n\t\t\t\t\t\t<section class=\"elementor-section elementor-top-section elementor-element elementor-element-41ea56f6 elementor-section-boxed elementor-section-height-default elementor-section-height-default\" data-id=\"41ea56f6\" data-element_type=\"section\">\n\t\t\t\t\t\t<div class=\"elementor-container elementor-column-gap-default\">\n\t\t\t\t\t<div class=\"elementor-column elementor-col-100 elementor-top-column elementor-element elementor-element-62f3164d\" data-id=\"62f3164d\" data-element_type=\"column\">\n\t\t\t<div class=\"elementor-widget-wrap elementor-element-populated\">\n\t\t\t\t\t\t<div class=\"elementor-element elementor-element-33bb572a elementor-widget elementor-widget-text-editor\" data-id=\"33bb572a\" data-element_type=\"widget\" data-widget_type=\"text-editor.default\">\n\t\t\t\t<div class=\"elementor-widget-container\">\n\t\t\t\t\t\t\t<!-- wp:tadv\/classic-paragraph -->\n<p><span style=\"font-weight: 400\">A Universidade Federal de Santa Maria, atrav\u00e9s da Diretoria de Rela\u00e7\u00f5es Internacionais, anuncia o lan\u00e7amento do <\/span><a href=\"https:\/\/www.ufsm.br\/orgaos-suplementares\/dri\/editais\/004-2026\"><span style=\"font-weight: 400\">Edital n\u00ba 004\/2026 \u2013 DRI<\/span><\/a><span style=\"font-weight: 400\">, que regulamenta a sele\u00e7\u00e3o para os cursos presenciais de <\/span><b>Chin\u00eas 1<\/b><span style=\"font-weight: 400\">, <\/span><b>Chin\u00eas 2<\/b><span style=\"font-weight: 400\">, <\/span><b>Chin\u00eas 3 (1\u00aa parte), Chin\u00eas 3 (2\u00aa parte) e Chin\u00eas 4 (1\u00aa parte)<\/b><span style=\"font-weight: 400\">. Essa iniciativa \u00e9 resultado da parceria entre a UFSM, o Center for Language Education and Cooperation (CLEC) e a Universidade Normal de Hebei (HEBNU), ambas institui\u00e7\u00f5es chinesas,\u00a0 que tem como objetivo oferecer \u00e0 comunidade acad\u00eamica da UFSM a oportunidade de realizar estudos que contribuam para uma experi\u00eancia internacional, para a forma\u00e7\u00e3o dos\/as participantes e para o estabelecimento de alian\u00e7as estrat\u00e9gicas entre as institui\u00e7\u00f5es envolvidas.<br \/><br \/><\/span><b>Os cursos\u00a0<br \/><\/b><span style=\"font-weight: 400\">O curso <\/span><b>Chin\u00eas 1<\/b><span style=\"font-weight: 400\"> tem o objetivo de capacitar o estudante a se comunicar em chin\u00eas em n\u00edvel iniciante, a partir do desenvolvimento de no\u00e7\u00f5es b\u00e1sicas sobre cumprimentos, apresenta\u00e7\u00f5es pessoais, rela\u00e7\u00f5es familiares, express\u00e3o de datas e hor\u00e1rios, express\u00e3o de gostos e prefer\u00eancias de alimenta\u00e7\u00e3o, intera\u00e7\u00f5es sobre o tempo\/clima e sobre meios de transporte, express\u00f5es de cortesia e trocas de bens e servi\u00e7os.\u00a0<\/span><\/p>\n<p><span style=\"font-weight: 400\">Os cursos de <\/span><b>Chin\u00eas 2<\/b><span style=\"font-weight: 400\">, <\/span><b>Chin\u00eas 3 (1\u00aa parte), Chin\u00eas 3 (2\u00aa parte)<\/b><span style=\"font-weight: 400\"> e de <\/span><b>Chin\u00eas 4 (1\u00aa parte) <\/b><span style=\"font-weight: 400\">t\u00eam o objetivo de aprimorar os conhecimentos b\u00e1sicos do idioma chin\u00eas e seus ideogramas, possibilitando a compreens\u00e3o da l\u00edngua e cultura chinesa nas rela\u00e7\u00f5es sociais do dia a dia. Salientamos que a partir do n\u00edvel 3, a dura\u00e7\u00e3o de cada curso \u00e9 de 2 semestres, por isso s\u00e3o divididos em 1\u00aa e 2\u00aa partes.<\/span><\/p>\n<p><span style=\"font-weight: 400\">Ao final do semestre, sugerimos que os\/as estudantes realizem a prova do HSK, que \u00e9 o exame oficial de profici\u00eancia em chin\u00eas, como contrapartida ao curso gratuito oferecido pelas institui\u00e7\u00f5es chinesas.<br \/><br \/><\/span><b>As aulas<br \/><\/b><span style=\"font-weight: 400\">Os cursos ser\u00e3o ministrados entre abril e junho de 2026, de maneira presencial, na CLEC Smart Classroom (Pr\u00e9dio 16, Sala 3302, campus da UFSM). O calend\u00e1rio completo de cada turma pode ser consultado no edital. As turmas de Chin\u00eas 1A, Chin\u00eas 1B, Chin\u00eas 2A, Chin\u00eas 3 (1\u00aa parte) A, Chin\u00eas 3 (2\u00aa parte) e Chin\u00eas 4 (1\u00aa parte) ser\u00e3o ministradas em ingl\u00eas. As demais turmas ser\u00e3o ministradas em portugu\u00eas.<br \/><br \/><\/span><b>Inscri\u00e7\u00e3o, sele\u00e7\u00e3o e classifica\u00e7\u00e3o<br \/><\/b><span style=\"font-weight: 400\">Podem se candidatar \u00e0 esta sele\u00e7\u00e3o quaisquer servidores\/as ou estudantes que possuam v\u00ednculo ativo com a UFSM. Al\u00e9m disso, o edital tamb\u00e9m prev\u00ea vagas destinadas \u00e0 comunidade externa, para as quais podem se candidatar quaisquer moradores\/as de Santa Maria. <\/span><span style=\"font-weight: 400\">As inscri\u00e7\u00f5es <\/span><span style=\"font-weight: 400\">v\u00e3o at\u00e9 \u00e0s 23h59min do dia 25 de mar\u00e7o de 2026. <\/span><span style=\"font-weight: 400\">A classifica\u00e7\u00e3o para ocupa\u00e7\u00e3o das vagas dispon\u00edveis ser\u00e1 estabelecida <\/span><b>obedecendo a ordem de inscri\u00e7\u00e3o <\/b><span style=\"font-weight: 400\">das candidaturas com documenta\u00e7\u00e3o completa<\/span><b>.\u00a0<\/b><\/p>\n<p><span style=\"font-weight: 400\">Esclarecimentos e informa\u00e7\u00f5es adicionais devem ser obtidos, exclusivamente, pelo correio eletr\u00f4nico <\/span><a href=\"mailto:dri.multilateral@ufsm.br\"><i><span style=\"font-weight: 400\">dri.multilateral@ufsm.br<\/span><\/i><\/a><span style=\"font-weight: 400\">, informando como assunto \u201cEdital 004\/2026 &#8211; DRI\u201d.\u00a0<br \/><br \/><\/span><b>Resumo das vagas, dias e hor\u00e1rios das aulas, requisitos m\u00ednimos e exames HSK sugeridos:<\/b><\/p>\n<p><img fetchpriority=\"high\" decoding=\"async\" class=\"alignnone wp-image-5610 size-full\" src=\"https:\/\/www.ufsm.br\/app\/uploads\/sites\/402\/2026\/03\/tabela.png\" alt=\"\" width=\"1053\" height=\"485\" srcset=\"https:\/\/www.ufsm.br\/app\/uploads\/sites\/402\/2026\/03\/tabela.png 1053w, https:\/\/www.ufsm.br\/app\/uploads\/sites\/402\/2026\/03\/tabela-300x138.png 300w, https:\/\/www.ufsm.br\/app\/uploads\/sites\/402\/2026\/03\/tabela-1024x472.png 1024w, https:\/\/www.ufsm.br\/app\/uploads\/sites\/402\/2026\/03\/tabela-768x354.png 768w\" sizes=\"(max-width: 1053px) 100vw, 1053px\" \/><\/p>\n<!-- \/wp:tadv\/classic-paragraph -->\t\t\t\t\t\t<\/div>\n\t\t\t\t<\/div>\n\t\t\t\t\t<\/div>\n\t\t<\/div>\n\t\t\t\t\t<\/div>\n\t\t<\/section>\n\t\t\t\t<\/div>\n\t\t","protected":false},"excerpt":{"rendered":"<p>Sele\u00e7\u00e3o ser\u00e1 realizada por ordem de submiss\u00e3o do formul\u00e1rio de inscri\u00e7\u00e3o<\/p>\n","protected":false},"author":7273,"featured_media":0,"comment_status":"closed","ping_status":"closed","sticky":false,"template":"","format":"standard","meta":{"footnotes":""},"categories":[1],"tags":[],"class_list":["post-5609","post","type-post","status-publish","format-standard","hentry","category-noticias"],"acf":[],"_links":{"self":[{"href":"https:\/\/www.ufsm.br\/orgaos-suplementares\/dri\/wp-json\/wp\/v2\/posts\/5609","targetHints":{"allow":["GET"]}}],"collection":[{"href":"https:\/\/www.ufsm.br\/orgaos-suplementares\/dri\/wp-json\/wp\/v2\/posts"}],"about":[{"href":"https:\/\/www.ufsm.br\/orgaos-suplementares\/dri\/wp-json\/wp\/v2\/types\/post"}],"author":[{"embeddable":true,"href":"https:\/\/www.ufsm.br\/orgaos-suplementares\/dri\/wp-json\/wp\/v2\/users\/7273"}],"replies":[{"embeddable":true,"href":"https:\/\/www.ufsm.br\/orgaos-suplementares\/dri\/wp-json\/wp\/v2\/comments?post=5609"}],"version-history":[{"count":0,"href":"https:\/\/www.ufsm.br\/orgaos-suplementares\/dri\/wp-json\/wp\/v2\/posts\/5609\/revisions"}],"wp:attachment":[{"href":"https:\/\/www.ufsm.br\/orgaos-suplementares\/dri\/wp-json\/wp\/v2\/media?parent=5609"}],"wp:term":[{"taxonomy":"category","embeddable":true,"href":"https:\/\/www.ufsm.br\/orgaos-suplementares\/dri\/wp-json\/wp\/v2\/categories?post=5609"},{"taxonomy":"post_tag","embeddable":true,"href":"https:\/\/www.ufsm.br\/orgaos-suplementares\/dri\/wp-json\/wp\/v2\/tags?post=5609"}],"curies":[{"name":"wp","href":"https:\/\/api.w.org\/{rel}","templated":true}]}}