{"id":5646,"date":"2026-03-24T12:05:38","date_gmt":"2026-03-24T15:05:38","guid":{"rendered":"https:\/\/www.ufsm.br\/orgaos-suplementares\/dri\/?p=5646"},"modified":"2026-03-24T12:05:40","modified_gmt":"2026-03-24T15:05:40","slug":"inscricoes-seguem-abertas-para-intercambio-internacional-por-convenios-bilaterais-na-universidade-federal-de-santa-maria","status":"publish","type":"post","link":"https:\/\/www.ufsm.br\/orgaos-suplementares\/dri\/2026\/03\/24\/inscricoes-seguem-abertas-para-intercambio-internacional-por-convenios-bilaterais-na-universidade-federal-de-santa-maria","title":{"rendered":"Inscri\u00e7\u00f5es seguem abertas para interc\u00e2mbio internacional por conv\u00eanios bilaterais na Universidade Federal de Santa Maria"},"content":{"rendered":"\n\n\n<p><span style=\"font-weight: 400\">A Diretoria de Rela\u00e7\u00f5es Internacionais (DRI) da UFSM refor\u00e7a que ainda est\u00e3o abertas as inscri\u00e7\u00f5es para o Programa de Mobilidade Acad\u00eamica Internacional por conv\u00eanios bilaterais, uma oportunidade para estudantes que desejam realizar interc\u00e2mbio em universidades estrangeiras parceiras.<\/span><\/p>\n<p><span style=\"font-weight: 400\">O edital funciona em fluxo cont\u00ednuo, ou seja, n\u00e3o h\u00e1 um prazo \u00fanico de encerramento: os(as) interessados(as) podem se candidatar a qualquer momento, desde que respeitem os prazos espec\u00edficos das universidades de destino. Voltado a estudantes de gradua\u00e7\u00e3o regularmente matriculados(as), o programa permite a realiza\u00e7\u00e3o de mobilidade acad\u00eamica com dura\u00e7\u00e3o de um semestre, podendo, em casos espec\u00edficos, ser estendida. O n\u00famero de vagas varia conforme a disponibilidade das institui\u00e7\u00f5es internacionais conveniadas.<\/span><\/p>\n<p><span style=\"font-weight: 400\">A sele\u00e7\u00e3o realizada pela DRI corresponde \u00e0 etapa interna do processo. Ap\u00f3s a nomea\u00e7\u00e3o, cabe exclusivamente \u00e0 universidade estrangeira decidir pela aceita\u00e7\u00e3o ou n\u00e3o do(a) candidato(a). Por isso, \u00e9 essencial que o(a) estudante verifique previamente se h\u00e1 oferta de curso equivalente e compatibilidade de disciplinas.<\/span><\/p>\n<p><span style=\"font-weight: 400\">Para participar, \u00e9 necess\u00e1rio ter integralizado no m\u00ednimo 40% do curso e possuir m\u00e9dia geral acumulada igual ou superior a 7, al\u00e9m de atender aos demais crit\u00e9rios estabelecidos no edital.\u00a0<\/span><\/p>\n<p><span style=\"font-weight: 400\">Os(as) participantes recebem isen\u00e7\u00e3o de taxas acad\u00eamicas na universidade de destino, mas devem arcar com todos os custos relacionados \u00e0 viagem e \u00e0 estadia no exterior.<\/span><\/p>\n<p><span style=\"font-weight: 400\">As inscri\u00e7\u00f5es s\u00e3o realizadas de forma online por meio de formul\u00e1rio, mediante envio da documenta\u00e7\u00e3o exigida. Antes de se candidatar, a DRI recomenda a leitura completa do <\/span><a href=\"https:\/\/www.ufsm.br\/orgaos-suplementares\/dri\/editais\/005-2025-2\"><span style=\"font-weight: 400\">edital<\/span><\/a><span style=\"font-weight: 400\"> e a consulta \u00e0s universidades com conv\u00eanios ativos que podem ser acessados no <\/span><a href=\"https:\/\/www.ufsm.br\/orgaos-suplementares\/dri\"><span style=\"font-weight: 400\">site oficial da DRI<\/span><\/a><span style=\"font-weight: 400\"> na p\u00e1gina de <\/span><a href=\"https:\/\/www.ufsm.br\/orgaos-suplementares\/dri\/convenios-bilaterais-ativos\"><span style=\"font-weight: 400\">conv\u00eanios bilaterais.<\/span><\/a><\/p>\n","protected":false},"excerpt":{"rendered":"<p>Estudantes de gradua\u00e7\u00e3o ainda podem se candidatar ao programa para 2026<\/p>\n","protected":false},"author":8237,"featured_media":0,"comment_status":"closed","ping_status":"closed","sticky":false,"template":"","format":"standard","meta":{"footnotes":""},"categories":[1],"tags":[],"class_list":["post-5646","post","type-post","status-publish","format-standard","hentry","category-noticias"],"acf":[],"_links":{"self":[{"href":"https:\/\/www.ufsm.br\/orgaos-suplementares\/dri\/wp-json\/wp\/v2\/posts\/5646","targetHints":{"allow":["GET"]}}],"collection":[{"href":"https:\/\/www.ufsm.br\/orgaos-suplementares\/dri\/wp-json\/wp\/v2\/posts"}],"about":[{"href":"https:\/\/www.ufsm.br\/orgaos-suplementares\/dri\/wp-json\/wp\/v2\/types\/post"}],"author":[{"embeddable":true,"href":"https:\/\/www.ufsm.br\/orgaos-suplementares\/dri\/wp-json\/wp\/v2\/users\/8237"}],"replies":[{"embeddable":true,"href":"https:\/\/www.ufsm.br\/orgaos-suplementares\/dri\/wp-json\/wp\/v2\/comments?post=5646"}],"version-history":[{"count":0,"href":"https:\/\/www.ufsm.br\/orgaos-suplementares\/dri\/wp-json\/wp\/v2\/posts\/5646\/revisions"}],"wp:attachment":[{"href":"https:\/\/www.ufsm.br\/orgaos-suplementares\/dri\/wp-json\/wp\/v2\/media?parent=5646"}],"wp:term":[{"taxonomy":"category","embeddable":true,"href":"https:\/\/www.ufsm.br\/orgaos-suplementares\/dri\/wp-json\/wp\/v2\/categories?post=5646"},{"taxonomy":"post_tag","embeddable":true,"href":"https:\/\/www.ufsm.br\/orgaos-suplementares\/dri\/wp-json\/wp\/v2\/tags?post=5646"}],"curies":[{"name":"wp","href":"https:\/\/api.w.org\/{rel}","templated":true}]}}