{"id":749,"date":"2018-04-05T20:29:43","date_gmt":"2018-04-05T23:29:43","guid":{"rendered":"https:\/\/www.ufsm.br\/orgaos-executivos\/sai\/2018\/04\/05\/divulgacao-dos-homologados-da-convocatoria-bilateral-graduacao-2018-2\/"},"modified":"2018-04-05T20:29:43","modified_gmt":"2018-04-05T23:29:43","slug":"divulgacao-dos-homologados-da-convocatoria-bilateral-graduacao-2018-2","status":"publish","type":"post","link":"https:\/\/www.ufsm.br\/orgaos-suplementares\/dri\/2018\/04\/05\/divulgacao-dos-homologados-da-convocatoria-bilateral-graduacao-2018-2","title":{"rendered":"Divulga\u00e7\u00e3o dos homologados da Convocat\u00f3ria Bilateral &#8211; Gradua\u00e7\u00e3o 2018.2"},"content":{"rendered":"<p style=\"text-align: justify;\"><span style=\"font-size: 12pt; font-family: helvetica;\">A Secretaria de Apoio Internacional (SAI) informa que devido ao grande n&uacute;mero de inscritos na Convocat&oacute;ria Bilateral &#8211; Gradua&ccedil;&atilde;o 2018.2 e devido ao curto espa&ccedil;o de tempo para an&aacute;lise das inscri&ccedil;&otilde;es, o resultado dos homologados ser&aacute; divulgado amanh&atilde;, 06 de abril, a partir das 10h.<\/span><\/p>\n<p style=\"text-align: justify;\"><span style=\"font-size: 12pt; font-family: helvetica;\">Atenciosamente,<\/span><\/p>\n<p style=\"text-align: justify;\"><span style=\"font-size: 12pt; font-family: helvetica;\">N&uacute;cleo de Comunica&ccedil;&atilde;o<\/span><\/p>\n<p style=\"text-align: justify;\"><span style=\"font-size: 12pt; font-family: helvetica;\"><\/span><\/p>\n","protected":false},"excerpt":{"rendered":"<p>A Secretaria de Apoio Internacional (SAI) informa que devido ao grande n&uacute;mero de inscritos na Convocat&oacute;ria Bilateral &#8211; Gradua&ccedil;&atilde;o 2018.2 e devido ao curto espa&ccedil;o de tempo para an&aacute;lise das inscri&ccedil;&otilde;es, o resultado dos homologados ser&aacute; divulgado amanh&atilde;, 06 de abril, a partir das 10h. Atenciosamente, N&uacute;cleo de Comunica&ccedil;&atilde;o<\/p>\n","protected":false},"author":8,"featured_media":0,"comment_status":"closed","ping_status":"closed","sticky":false,"template":"","format":"standard","meta":{"footnotes":""},"categories":[1],"tags":[],"class_list":["post-749","post","type-post","status-publish","format-standard","hentry","category-noticias"],"acf":[],"_links":{"self":[{"href":"https:\/\/www.ufsm.br\/orgaos-suplementares\/dri\/wp-json\/wp\/v2\/posts\/749","targetHints":{"allow":["GET"]}}],"collection":[{"href":"https:\/\/www.ufsm.br\/orgaos-suplementares\/dri\/wp-json\/wp\/v2\/posts"}],"about":[{"href":"https:\/\/www.ufsm.br\/orgaos-suplementares\/dri\/wp-json\/wp\/v2\/types\/post"}],"author":[{"embeddable":true,"href":"https:\/\/www.ufsm.br\/orgaos-suplementares\/dri\/wp-json\/wp\/v2\/users\/8"}],"replies":[{"embeddable":true,"href":"https:\/\/www.ufsm.br\/orgaos-suplementares\/dri\/wp-json\/wp\/v2\/comments?post=749"}],"version-history":[{"count":0,"href":"https:\/\/www.ufsm.br\/orgaos-suplementares\/dri\/wp-json\/wp\/v2\/posts\/749\/revisions"}],"wp:attachment":[{"href":"https:\/\/www.ufsm.br\/orgaos-suplementares\/dri\/wp-json\/wp\/v2\/media?parent=749"}],"wp:term":[{"taxonomy":"category","embeddable":true,"href":"https:\/\/www.ufsm.br\/orgaos-suplementares\/dri\/wp-json\/wp\/v2\/categories?post=749"},{"taxonomy":"post_tag","embeddable":true,"href":"https:\/\/www.ufsm.br\/orgaos-suplementares\/dri\/wp-json\/wp\/v2\/tags?post=749"}],"curies":[{"name":"wp","href":"https:\/\/api.w.org\/{rel}","templated":true}]}}