{"id":787,"date":"2018-05-04T14:40:03","date_gmt":"2018-05-04T17:40:03","guid":{"rendered":"https:\/\/www.ufsm.br\/orgaos-executivos\/sai\/2018\/05\/04\/resultado-da-pre-selecao-fundacao-botin\/"},"modified":"2018-05-04T14:40:03","modified_gmt":"2018-05-04T17:40:03","slug":"resultado-da-pre-selecao-fundacao-botin","status":"publish","type":"post","link":"https:\/\/www.ufsm.br\/orgaos-suplementares\/dri\/2018\/05\/04\/resultado-da-pre-selecao-fundacao-botin","title":{"rendered":"Resultado da pr\u00e9-sele\u00e7\u00e3o &#8211; Funda\u00e7\u00e3o Bot\u00edn"},"content":{"rendered":"<p>A Secretaria de Apoio Internacional (SAI) torna p&uacute;blico o&nbsp;Resultado da pr&eacute;-sele&ccedil;&atilde;o para a IX Edi&ccedil;&atilde;o do Programa de Fortalecimento&nbsp;da Fun&ccedil;&atilde;o P&uacute;blica na Am&eacute;rica Latina &ndash; Funda&ccedil;&atilde;o Bot&iacute;n.<\/p>\n<p>Veja <a href=\"https:\/\/www.ufsm.br\/orgaos-executivos\/sai\/wp-content\/uploads\/sites\/402\/2018\/05\/Resultado_Edital_Botin_2018.pdf\" target=\"_blank\">aqui<\/a>&nbsp;o resultado.<\/p>\n<p>* As cartas a serem assinadas pelo Reitor dever&atilde;o ser enviadas em formato .doc para o e-mail <a href=\"mailto:sai.convenios@ufsm.br,\">sai.convenios@ufsm.br,<\/a>&nbsp;dentro do prazo estipulado no cronograma da chamada.<\/p>\n<p>** A sele&ccedil;&atilde;o final ser&aacute; realizada pela pr&oacute;pria Funda&ccedil;&atilde;o Bot&iacute;n, a partir da inscri&ccedil;&atilde;o dos alunos no site at&eacute; 17 de maio de 2018.<\/p>\n","protected":false},"excerpt":{"rendered":"<p>A Secretaria de Apoio Internacional (SAI) torna p&uacute;blico o&nbsp;Resultado da pr&eacute;-sele&ccedil;&atilde;o para a IX Edi&ccedil;&atilde;o do Programa de Fortalecimento&nbsp;da Fun&ccedil;&atilde;o P&uacute;blica na Am&eacute;rica Latina &ndash; Funda&ccedil;&atilde;o Bot&iacute;n. Veja aqui&nbsp;o resultado. * As cartas a serem assinadas pelo Reitor dever&atilde;o ser enviadas em formato .doc para o e-mail sai.convenios@ufsm.br,&nbsp;dentro do prazo estipulado no cronograma da chamada. [&hellip;]<\/p>\n","protected":false},"author":8,"featured_media":0,"comment_status":"closed","ping_status":"closed","sticky":false,"template":"","format":"standard","meta":{"footnotes":""},"categories":[1],"tags":[],"class_list":["post-787","post","type-post","status-publish","format-standard","hentry","category-noticias"],"acf":[],"_links":{"self":[{"href":"https:\/\/www.ufsm.br\/orgaos-suplementares\/dri\/wp-json\/wp\/v2\/posts\/787","targetHints":{"allow":["GET"]}}],"collection":[{"href":"https:\/\/www.ufsm.br\/orgaos-suplementares\/dri\/wp-json\/wp\/v2\/posts"}],"about":[{"href":"https:\/\/www.ufsm.br\/orgaos-suplementares\/dri\/wp-json\/wp\/v2\/types\/post"}],"author":[{"embeddable":true,"href":"https:\/\/www.ufsm.br\/orgaos-suplementares\/dri\/wp-json\/wp\/v2\/users\/8"}],"replies":[{"embeddable":true,"href":"https:\/\/www.ufsm.br\/orgaos-suplementares\/dri\/wp-json\/wp\/v2\/comments?post=787"}],"version-history":[{"count":0,"href":"https:\/\/www.ufsm.br\/orgaos-suplementares\/dri\/wp-json\/wp\/v2\/posts\/787\/revisions"}],"wp:attachment":[{"href":"https:\/\/www.ufsm.br\/orgaos-suplementares\/dri\/wp-json\/wp\/v2\/media?parent=787"}],"wp:term":[{"taxonomy":"category","embeddable":true,"href":"https:\/\/www.ufsm.br\/orgaos-suplementares\/dri\/wp-json\/wp\/v2\/categories?post=787"},{"taxonomy":"post_tag","embeddable":true,"href":"https:\/\/www.ufsm.br\/orgaos-suplementares\/dri\/wp-json\/wp\/v2\/tags?post=787"}],"curies":[{"name":"wp","href":"https:\/\/api.w.org\/{rel}","templated":true}]}}