{"id":838,"date":"2018-06-18T18:34:34","date_gmt":"2018-06-18T21:34:34","guid":{"rendered":"https:\/\/www.ufsm.br\/orgaos-executivos\/sai\/2018\/06\/18\/reuniao-do-pelse-ocorrera-dia-19-de-junho-no-espaco-disciplinar-de-silveira-martins\/"},"modified":"2018-06-18T18:34:34","modified_gmt":"2018-06-18T21:34:34","slug":"reuniao-do-pelse-ocorrera-dia-19-de-junho-no-espaco-disciplinar-de-silveira-martins","status":"publish","type":"post","link":"https:\/\/www.ufsm.br\/orgaos-suplementares\/dri\/2018\/06\/18\/reuniao-do-pelse-ocorrera-dia-19-de-junho-no-espaco-disciplinar-de-silveira-martins","title":{"rendered":"Reuni\u00e3o do PELSE ocorrer\u00e1 dia 19 de junho no Espa\u00e7o Disciplinar de Silveira Martins"},"content":{"rendered":"<div style=\"color: #222222; font-family: arial, sans-serif; font-size: 12.8px; text-align: justify;\"><span style=\"font-family: helvetica; font-size: 12pt;\">Dia 19 de junho acontecer&aacute; na UFSM a reuni&atilde;o anual do N&uacute;cleo Disciplinar Ensino de Espanhol e Portugu&ecirc;s como L&iacute;nguas Segundas e Estrangeiras &#8211; PELSE, da Associa&ccedil;&atilde;o das Universidades do Grupo de Montevid&eacute;u (AUGM).<\/span><\/div>\n<div style=\"color: #222222; font-family: arial, sans-serif; font-size: 12.8px; text-align: justify;\">&nbsp;<\/div>\n<div style=\"color: #222222; font-family: arial, sans-serif; font-size: 12.8px; text-align: justify;\"><span style=\"font-family: helvetica; font-size: 12pt;\">A reuni&atilde;o ser&aacute; realizada no Espa&ccedil;o Disciplinar de Silveira Martins coma presen&ccedil;a do coordenador do n&uacute;cleo PELSE, prof. Fabi&aacute;n M&oacute;naco da Universidad Nacional del Litoral. A organiza&ccedil;&atilde;o da reuni&atilde;o na UFSM est&aacute; a cargo da Prof. Eliana Rosa Sturza, do Departamento de Letras Estrangeiras Modernas, e representante da UFSM neste n&uacute;cleo.<\/span><\/div>\n<p style=\"text-align: justify;\">&nbsp;<\/p>\n","protected":false},"excerpt":{"rendered":"<p>Dia 19 de junho acontecer&aacute; na UFSM a reuni&atilde;o anual do N&uacute;cleo Disciplinar Ensino de Espanhol e Portugu&ecirc;s como L&iacute;nguas Segundas e Estrangeiras &#8211; PELSE, da Associa&ccedil;&atilde;o das Universidades do Grupo de Montevid&eacute;u (AUGM). &nbsp; A reuni&atilde;o ser&aacute; realizada no Espa&ccedil;o Disciplinar de Silveira Martins coma presen&ccedil;a do coordenador do n&uacute;cleo PELSE, prof. Fabi&aacute;n M&oacute;naco [&hellip;]<\/p>\n","protected":false},"author":8,"featured_media":0,"comment_status":"closed","ping_status":"closed","sticky":false,"template":"","format":"standard","meta":{"footnotes":""},"categories":[1],"tags":[],"class_list":["post-838","post","type-post","status-publish","format-standard","hentry","category-noticias"],"acf":[],"_links":{"self":[{"href":"https:\/\/www.ufsm.br\/orgaos-suplementares\/dri\/wp-json\/wp\/v2\/posts\/838","targetHints":{"allow":["GET"]}}],"collection":[{"href":"https:\/\/www.ufsm.br\/orgaos-suplementares\/dri\/wp-json\/wp\/v2\/posts"}],"about":[{"href":"https:\/\/www.ufsm.br\/orgaos-suplementares\/dri\/wp-json\/wp\/v2\/types\/post"}],"author":[{"embeddable":true,"href":"https:\/\/www.ufsm.br\/orgaos-suplementares\/dri\/wp-json\/wp\/v2\/users\/8"}],"replies":[{"embeddable":true,"href":"https:\/\/www.ufsm.br\/orgaos-suplementares\/dri\/wp-json\/wp\/v2\/comments?post=838"}],"version-history":[{"count":0,"href":"https:\/\/www.ufsm.br\/orgaos-suplementares\/dri\/wp-json\/wp\/v2\/posts\/838\/revisions"}],"wp:attachment":[{"href":"https:\/\/www.ufsm.br\/orgaos-suplementares\/dri\/wp-json\/wp\/v2\/media?parent=838"}],"wp:term":[{"taxonomy":"category","embeddable":true,"href":"https:\/\/www.ufsm.br\/orgaos-suplementares\/dri\/wp-json\/wp\/v2\/categories?post=838"},{"taxonomy":"post_tag","embeddable":true,"href":"https:\/\/www.ufsm.br\/orgaos-suplementares\/dri\/wp-json\/wp\/v2\/tags?post=838"}],"curies":[{"name":"wp","href":"https:\/\/api.w.org\/{rel}","templated":true}]}}